{"id":1116,"date":"2020-12-11T09:20:24","date_gmt":"2020-12-11T08:20:24","guid":{"rendered":"https:\/\/lk.regionalnidobrovolnickecentrum.cz\/subdom\/lk\/?p=1116"},"modified":"2021-01-20T13:34:37","modified_gmt":"2021-01-20T12:34:37","slug":"hledame-pomoc-pro-maminku-z-turnovska","status":"publish","type":"post","link":"https:\/\/lk.regionalnidobrovolnickecentrum.cz\/subdom\/lk\/hledame-pomoc-pro-maminku-z-turnovska\/","title":{"rendered":"Hled\u00e1me pomocnou ruku pro maminku z Turnovska"},"content":{"rendered":"<p>Region\u00e1ln\u00ed dobrovolnick\u00e9 centrum hled\u00e1 pomoc pro maminku s d\u011btmi s autismem (viz n\u00ed\u017ee). Pros\u00edme, pokud m\u016f\u017eete pomoc, kontaktujte p\u0159\u00edmo pan\u00ed Dole\u017ealovou, nebo Annu Kl\u00edmovou z region\u00e1ln\u00edho dobrovolnick\u00e9ho centra (605 254 555). Velmi d\u011bkujeme.<\/p>\n<p>&#8212;<\/p>\n<p>Jsem sama samo\u017eivitelka bez aliment\u016f, m\u00e1m dva chlape\u010dky. Star\u0161\u00edmu je 3,7 let, mlad\u0161\u00edmu 2 roky. Star\u0161\u00ed m\u00e1 poruchu autistick\u00e9ho spektra, mlad\u0161\u00ed m\u00e1 podez\u0159en\u00ed na tuto poruchu.<\/p>\n<p>Jsem po roli v\u0161ech profes\u00ed, co d\u011bl\u00e1m doma, nesm\u00edrn\u011b unaven\u00e1.<\/p>\n<p>Za\u010dala jsem se v\u011bnovat ABA terapii pro autisty. Hled\u00e1m dobrovoln\u00edky, studenty, odborn\u00edky, kte\u0159\u00ed by mi pomohli v\u00a0t\u00e9to terapii. Jednodu\u0161e \u0159e\u010deno se jedn\u00e1 o terapii hrou.<\/p>\n<p>Moje d\u011bti jsou z\u00e1bavn\u00e9, vtipn\u00e9, maj\u00ed r\u00e1di lidi, ale je\u0161t\u011b nemluv\u00ed. Star\u0161\u00ed nem\u00e1 r\u00e1d velk\u00e9 zm\u011bny, ale po zabaven\u00ed je zvl\u00e1dne.<\/p>\n<p>Bydl\u00edme 6km od Turnova. Budu moc r\u00e1da, pokud se najde n\u011bkdo, i v\u00edce lid\u00ed, kdo m\u00e1 r\u00e1d d\u011bti a bude za n\u00e1mi chodit.<\/p>\n<p>Projekt je dlouhodob\u00fd a pro dobrovoln\u00edka to p\u0159inese mnoho zku\u0161enost\u00ed s\u00a0velmi \u017e\u00e1danou metodou. Pokud najdeme osobu, se kterou si budeme vyhovovat, um\u00edm i tuto snahu ocenit.<\/p>\n<p>D\u011bkuji moc.<\/p>\n<p>&nbsp;<\/p>\n<p>Leona Dole\u017ealov\u00e1<br \/>\n724820522<\/p>\n","protected":false},"excerpt":{"rendered":"<p>Region\u00e1ln\u00ed dobrovolnick\u00e9 centrum hled\u00e1 pomoc pro maminku s d\u011btmi s autismem (viz n\u00ed\u017ee). Pros\u00edme, pokud m\u016f\u017eete pomoc, kontaktujte p\u0159\u00edmo pan\u00ed<\/p>\n","protected":false},"author":11,"featured_media":1117,"comment_status":"closed","ping_status":"closed","sticky":false,"template":"","format":"standard","meta":{"om_disable_all_campaigns":false,"_monsterinsights_skip_tracking":false,"_monsterinsights_sitenote_active":false,"_monsterinsights_sitenote_note":"","_monsterinsights_sitenote_category":0,"footnotes":""},"categories":[5],"tags":[],"aioseo_notices":[],"_links":{"self":[{"href":"https:\/\/lk.regionalnidobrovolnickecentrum.cz\/subdom\/lk\/wp-json\/wp\/v2\/posts\/1116"}],"collection":[{"href":"https:\/\/lk.regionalnidobrovolnickecentrum.cz\/subdom\/lk\/wp-json\/wp\/v2\/posts"}],"about":[{"href":"https:\/\/lk.regionalnidobrovolnickecentrum.cz\/subdom\/lk\/wp-json\/wp\/v2\/types\/post"}],"author":[{"embeddable":true,"href":"https:\/\/lk.regionalnidobrovolnickecentrum.cz\/subdom\/lk\/wp-json\/wp\/v2\/users\/11"}],"replies":[{"embeddable":true,"href":"https:\/\/lk.regionalnidobrovolnickecentrum.cz\/subdom\/lk\/wp-json\/wp\/v2\/comments?post=1116"}],"version-history":[{"count":2,"href":"https:\/\/lk.regionalnidobrovolnickecentrum.cz\/subdom\/lk\/wp-json\/wp\/v2\/posts\/1116\/revisions"}],"predecessor-version":[{"id":1121,"href":"https:\/\/lk.regionalnidobrovolnickecentrum.cz\/subdom\/lk\/wp-json\/wp\/v2\/posts\/1116\/revisions\/1121"}],"wp:featuredmedia":[{"embeddable":true,"href":"https:\/\/lk.regionalnidobrovolnickecentrum.cz\/subdom\/lk\/wp-json\/wp\/v2\/media\/1117"}],"wp:attachment":[{"href":"https:\/\/lk.regionalnidobrovolnickecentrum.cz\/subdom\/lk\/wp-json\/wp\/v2\/media?parent=1116"}],"wp:term":[{"taxonomy":"category","embeddable":true,"href":"https:\/\/lk.regionalnidobrovolnickecentrum.cz\/subdom\/lk\/wp-json\/wp\/v2\/categories?post=1116"},{"taxonomy":"post_tag","embeddable":true,"href":"https:\/\/lk.regionalnidobrovolnickecentrum.cz\/subdom\/lk\/wp-json\/wp\/v2\/tags?post=1116"}],"curies":[{"name":"wp","href":"https:\/\/api.w.org\/{rel}","templated":true}]}}