{"id":1140,"date":"2020-12-15T15:52:16","date_gmt":"2020-12-15T14:52:16","guid":{"rendered":"https:\/\/lk.regionalnidobrovolnickecentrum.cz\/subdom\/lk\/?p=1140"},"modified":"2021-03-15T08:22:45","modified_gmt":"2021-03-15T07:22:45","slug":"firma-semtix-vytvorila-webovou-stranku-charitativnim-obchodum","status":"publish","type":"post","link":"https:\/\/lk.regionalnidobrovolnickecentrum.cz\/subdom\/lk\/firma-semtix-vytvorila-webovou-stranku-charitativnim-obchodum\/","title":{"rendered":"Firma SEMTIX vytvo\u0159ila webovou str\u00e1nku charitativn\u00edm obchod\u016fm"},"content":{"rendered":"<p><span style=\"color: #14171a\"><span style=\"font-size: medium\">Daruj<\/span><\/span><span style=\"color: #14171a\"><span style=\"font-size: medium\">te \u2013 nakoup\u00edte \u2013 pom\u016f\u017eete. Tak zn\u00ed heslo charitativn\u00edch obchod\u016f <\/span><\/span><span style=\"color: #14171a\"><span style=\"font-size: medium\">ADRA<\/span><\/span><span style=\"color: #14171a\"><span style=\"font-size: medium\">, do kter\u00fdch m\u016f\u017eete zav\u00edtat v centru Liberce i v Turnov\u011b. C\u00edlem je nevyhazovat nepot\u0159ebn\u00e9 v\u011bci, ale poslat je d\u00e1l, aby z nich mohl m\u00edt u\u017eitek n\u011bkdo dal\u0161\u00ed.<\/span><\/span><!--more--><\/p>\n<p><span style=\"color: #14171a\">\u201e<span style=\"font-size: medium\">Ka\u017ed\u00e1 v\u011bc m\u00e1 svou du\u0161i. Tak jako ve vztaz\u00edch je dobr\u00e9 z\u00e1le\u017eitosti napravovat, opravovat a ne zahazovat, tak si mysl\u00edm, \u017ee je to i s v\u011bcmi. Angli\u010dan\u00e9 to v sob\u011b maj\u00ed, v\u00e1\u017e\u00ed si star\u00fdch p\u0159edm\u011bt\u016f a nevym\u011b\u0148uj\u00ed je za nov\u00e9,\u201c vzpom\u00edn\u00e1 Milena \u010can\u010d\u00edkov\u00e1 na inspiraci b\u011bhem sv\u00e9ho pobytu v Anglii. Tam\u011bj\u0161\u00ed charitn\u00ed obch\u016fdky se j\u00ed zal\u00edbily a vedly k zalo\u017een\u00ed podobn\u00fdch obchod\u016f v \u010cech\u00e1ch.<\/span><\/span><\/p>\n<p><span style=\"color: #14171a\"><span style=\"font-size: medium\">Princip je jednoduch\u00fd, jedn\u00e1 se vlastn\u011b o ve\u0159ejnou sb\u00edrku. Kdo m\u016f\u017ee, v\u011bnuje zachoval\u00e9 oble\u010den\u00ed, obuv, hra\u010dky, povle\u010den\u00ed, ru\u010dn\u00edky \u010di n\u00e1dob\u00ed. Darovan\u00e9 zbo\u017e\u00ed se prod\u00e1 a cel\u00fd v\u00fdt\u011b\u017eek putuje na podporu \u010dinnost\u00ed dobrovolnick\u00fdch center, pro pomoc senior\u016fm, zdravotn\u011b posti\u017een\u00fdm, d\u011btem, soci\u00e1ln\u011b pot\u0159ebn\u00fdm a\u00a0t\u011b\u017ece nemocn\u00fdm. Kdo daruje \u010di nakoup\u00ed, pom\u016f\u017ee.<\/span><\/span><\/p>\n<p><span style=\"color: #14171a\"><span style=\"font-size: medium\">Pomoci je v\u0161ak mo\u017en\u00e9 i jinak, ne jen darov\u00e1n\u00edm oble\u010den\u00ed. T\u0159eba vytvo\u0159en\u00edm webov\u00e9 str\u00e1nky pro obchod. Libereck\u00fdm a turnovsk\u00fdm obchod\u016fm postavila zdarma webovou str\u00e1nku digit\u00e1ln\u00ed agentura SEMTIX.cz, v r\u00e1mci podpory neziskov\u00fdch organizac\u00ed. <\/span><\/span><\/p>\n<p><span style=\"color: #14171a\">\u201e<span style=\"font-size: medium\">Jde o perfektn\u011b jednoduch\u00fd n\u00e1pad, kter\u00fd si zaslou\u017e\u00ed dobrou propagaci,\u201c dod\u00e1v\u00e1 Martin Chudoba z agentury <a href=\"https:\/\/www.semtix.cz\/pro-neziskovky\/\">SEMTIX.cz<\/a>.<\/span><\/span><\/p>\n<p><span style=\"color: #14171a\"><img loading=\"lazy\" decoding=\"async\" class=\"size-medium wp-image-1152 alignleft\" src=\"https:\/\/lk.regionalnidobrovolnickecentrum.cz\/subdom\/lk\/wp-content\/uploads\/2020\/12\/SEMTIX-pom\u00e1h\u00e1-web-300x167.jpg\" alt=\"\" width=\"300\" height=\"167\" srcset=\"https:\/\/lk.regionalnidobrovolnickecentrum.cz\/subdom\/lk\/wp-content\/uploads\/2020\/12\/SEMTIX-pom\u00e1h\u00e1-web-300x167.jpg 300w, https:\/\/lk.regionalnidobrovolnickecentrum.cz\/subdom\/lk\/wp-content\/uploads\/2020\/12\/SEMTIX-pom\u00e1h\u00e1-web-768x427.jpg 768w, https:\/\/lk.regionalnidobrovolnickecentrum.cz\/subdom\/lk\/wp-content\/uploads\/2020\/12\/SEMTIX-pom\u00e1h\u00e1-web.jpg 800w\" sizes=\"(max-width: 300px) 100vw, 300px\" \/>\u201e<span style=\"font-size: medium\">Pom\u016f\u017eeme i s dal\u0161\u00ed propagac\u00ed, proto\u017ee n\u00e1s spolupr\u00e1ce t\u011b\u0161\u00ed. Lid\u00e9 z\u00a0ADRY to mysl\u00ed skute\u010dn\u011b up\u0159\u00edmn\u011b a v\u00e1\u017en\u011b.\u201c<\/span><\/span><\/p>\n<p><span style=\"color: #14171a\"><span style=\"font-size: medium\">Nov\u00e1 webov\u00e1 str\u00e1nka je tu i pro v\u00e1s: <\/span><\/span><span style=\"color: #0563c1\"><u><a href=\"http:\/\/www.adraobchody.cz\/\"><span style=\"font-size: medium\">www.adraobchody.cz<\/span><\/a><\/u><\/span><span style=\"color: #14171a\"><span style=\"font-size: medium\">. <\/span><\/span><span style=\"color: #14171a\"><span style=\"font-size: medium\">Naleznete na n\u00ed informace o obchodech, jejich historii, zp\u016fsobu pr\u00e1ce i pomoci dobrovoln\u00edk\u016f. <\/span><\/span><\/p>\n","protected":false},"excerpt":{"rendered":"<p>Libereck\u00fdm a turnovsk\u00fdm charitativn\u00edm obchod\u016fm postavila zdarma webovou str\u00e1nku digit\u00e1ln\u00ed agentura SEMTIX.cz, v r\u00e1mci podpory neziskov\u00fdch organizac\u00ed.<\/p>\n","protected":false},"author":11,"featured_media":1151,"comment_status":"closed","ping_status":"closed","sticky":false,"template":"","format":"standard","meta":{"om_disable_all_campaigns":false,"_monsterinsights_skip_tracking":false,"_monsterinsights_sitenote_active":false,"_monsterinsights_sitenote_note":"","_monsterinsights_sitenote_category":0,"footnotes":""},"categories":[5],"tags":[103],"aioseo_notices":[],"_links":{"self":[{"href":"https:\/\/lk.regionalnidobrovolnickecentrum.cz\/subdom\/lk\/wp-json\/wp\/v2\/posts\/1140"}],"collection":[{"href":"https:\/\/lk.regionalnidobrovolnickecentrum.cz\/subdom\/lk\/wp-json\/wp\/v2\/posts"}],"about":[{"href":"https:\/\/lk.regionalnidobrovolnickecentrum.cz\/subdom\/lk\/wp-json\/wp\/v2\/types\/post"}],"author":[{"embeddable":true,"href":"https:\/\/lk.regionalnidobrovolnickecentrum.cz\/subdom\/lk\/wp-json\/wp\/v2\/users\/11"}],"replies":[{"embeddable":true,"href":"https:\/\/lk.regionalnidobrovolnickecentrum.cz\/subdom\/lk\/wp-json\/wp\/v2\/comments?post=1140"}],"version-history":[{"count":7,"href":"https:\/\/lk.regionalnidobrovolnickecentrum.cz\/subdom\/lk\/wp-json\/wp\/v2\/posts\/1140\/revisions"}],"predecessor-version":[{"id":1377,"href":"https:\/\/lk.regionalnidobrovolnickecentrum.cz\/subdom\/lk\/wp-json\/wp\/v2\/posts\/1140\/revisions\/1377"}],"wp:featuredmedia":[{"embeddable":true,"href":"https:\/\/lk.regionalnidobrovolnickecentrum.cz\/subdom\/lk\/wp-json\/wp\/v2\/media\/1151"}],"wp:attachment":[{"href":"https:\/\/lk.regionalnidobrovolnickecentrum.cz\/subdom\/lk\/wp-json\/wp\/v2\/media?parent=1140"}],"wp:term":[{"taxonomy":"category","embeddable":true,"href":"https:\/\/lk.regionalnidobrovolnickecentrum.cz\/subdom\/lk\/wp-json\/wp\/v2\/categories?post=1140"},{"taxonomy":"post_tag","embeddable":true,"href":"https:\/\/lk.regionalnidobrovolnickecentrum.cz\/subdom\/lk\/wp-json\/wp\/v2\/tags?post=1140"}],"curies":[{"name":"wp","href":"https:\/\/api.w.org\/{rel}","templated":true}]}}