{"id":1143,"date":"2020-11-25T09:00:40","date_gmt":"2020-11-25T08:00:40","guid":{"rendered":"https:\/\/lk.regionalnidobrovolnickecentrum.cz\/subdom\/lk\/?p=1143"},"modified":"2021-05-13T14:50:14","modified_gmt":"2021-05-13T12:50:14","slug":"regionalni-dobrovolnicke-centrum-libereckeho-kraje-po-pul-roce-cinnosti","status":"publish","type":"post","link":"https:\/\/lk.regionalnidobrovolnickecentrum.cz\/subdom\/lk\/regionalni-dobrovolnicke-centrum-libereckeho-kraje-po-pul-roce-cinnosti\/","title":{"rendered":"Region\u00e1ln\u00ed dobrovolnick\u00e9 centrum Libereck\u00e9ho kraje po p\u016fl roce \u010dinnosti"},"content":{"rendered":"<p><strong>V kv\u011btnu 2020 bylo zalo\u017eeno Region\u00e1ln\u00ed dobrovolnick\u00e9 centrum Libereck\u00e9ho kraje, s&nbsp;c\u00edlem st\u00e1t se b\u011bhem dvou let k\u0159i\u017eovatkou dobrovolnictv\u00ed v&nbsp;regionu. \u010ceho jsme za p\u016fl roku \u010dinnosti dos\u00e1hli? Na \u010dem pracujeme? Co pl\u00e1nujeme?<\/strong><!--more--><\/p>\n<h4>&nbsp;<\/h4>\n<h4>Navazujeme a rozv\u00edj\u00edme spolupr\u00e1ci se st\u00e1tn\u00ed spr\u00e1vou, z\u00e1stupci kraje i obc\u00ed<\/h4>\n<p>Chceme b\u00fdt partnery p\u0159i tvorb\u011b koncepc\u00ed \u010di strategi\u00ed rozvoje a podpory dobrovolnictv\u00ed v kraji, a proto jsme aktivn\u011b v kontaktu se st\u00e1tn\u00ed spr\u00e1vou, z\u00e1stupci kraje i obc\u00ed.&nbsp;<\/p>\n<p>U\u017eite\u010dnou spolupr\u00e1ci rozv\u00edj\u00edme s koordin\u00e1torkou neziskov\u00e9ho sektoru <strong>Libereck\u00e9ho kraje<\/strong>, programu Zdrav\u00fd Libereck\u00fd kraj a m\u00edstn\u00ed Agendy 21. Dlouhodob\u011b spolupracujeme s&nbsp;veden\u00edm <strong>M\u011bsta Turnova<\/strong> a participujeme na komunitn\u00edm pl\u00e1nov\u00e1n\u00ed ve skupin\u011b Senio\u0159i a skupin\u011b Osoby ohro\u017een\u00e9 soci\u00e1ln\u00edm vylou\u010den\u00edm. Zah\u00e1jili jsme spolupr\u00e1ci s koordin\u00e1torkou komunitn\u00edho pl\u00e1nov\u00e1n\u00ed m\u011bsta <strong>Jablonec nad Nisou<\/strong>.<\/p>\n<p>S org\u00e1ny samospr\u00e1vy vyu\u017e\u00edv\u00e1me oboustrann\u00e9 spolupr\u00e1ce p\u0159i zprost\u0159edkov\u00e1n\u00ed nab\u00eddek a popt\u00e1vek po dobrovolnick\u00e9 slu\u017eb\u011b, p\u0159i zve\u0159ej\u0148ov\u00e1n\u00ed p\u0159\u00edsp\u011bvk\u016f a aktualit v komunika\u010dn\u00edch kan\u00e1lech kraje, m\u011bst a obc\u00ed, propagujeme dobrovolnictv\u00ed v m\u00edstn\u00edch a ak\u010dn\u00edch skupin\u00e1ch.<\/p>\n<p>V&nbsp;nejbli\u017e\u0161\u00edch m\u011bs\u00edc\u00edch pl\u00e1nujeme realizovat dal\u0161\u00ed aktivity zejm\u00e9na na <strong>\u010ceskolipsku<\/strong>.<\/p>\n<p>&nbsp;<\/p>\n<figure id=\"attachment_1145\" aria-describedby=\"caption-attachment-1145\" style=\"width: 800px\" class=\"wp-caption aligncenter\"><img loading=\"lazy\" decoding=\"async\" class=\"wp-image-1145 size-full\" src=\"https:\/\/lk.regionalnidobrovolnickecentrum.cz\/subdom\/lk\/wp-content\/uploads\/2020\/12\/LK-web.jpg\" alt=\"Region\u00e1ln\u00ed dobrovolnick\u00e9 centrum postupn\u011b pokr\u00fdv\u00e1 svou nab\u00eddkou slu\u017eeb cel\u00fd Libereck\u00fd kraj\" width=\"800\" height=\"574\" srcset=\"https:\/\/lk.regionalnidobrovolnickecentrum.cz\/subdom\/lk\/wp-content\/uploads\/2020\/12\/LK-web.jpg 800w, https:\/\/lk.regionalnidobrovolnickecentrum.cz\/subdom\/lk\/wp-content\/uploads\/2020\/12\/LK-web-300x215.jpg 300w, https:\/\/lk.regionalnidobrovolnickecentrum.cz\/subdom\/lk\/wp-content\/uploads\/2020\/12\/LK-web-768x551.jpg 768w\" sizes=\"(max-width: 800px) 100vw, 800px\" \/><figcaption id=\"caption-attachment-1145\" class=\"wp-caption-text\">&nbsp;&nbsp; Region\u00e1ln\u00ed dobrovolnick\u00e9 centrum postupn\u011b pokr\u00fdv\u00e1 svou nab\u00eddkou slu\u017eeb cel\u00fd Libereck\u00fd kraj<\/figcaption><\/figure>\n<p>&nbsp;<\/p>\n<p>&nbsp;<\/p>\n<h4>Nab\u00edz\u00edme slu\u017eby pro dobrovolnick\u00e9 organizace a programy<\/h4>\n<p>B\u011bhem \u0161esti m\u011bs\u00edc\u016f jsme se postupn\u011b setkali se z\u00e1stupci v\u00edce ne\u017e dvaceti dobrovolnick\u00fdch organizac\u00ed z Libereck\u00e9ho kraje. Prob\u00edrali jsme mo\u017enosti spolupr\u00e1ce, zaznamenali jsme si jejich pot\u0159eby a dohodli jsme n\u011bkter\u00e9 konkr\u00e9tn\u00ed akce a spole\u010dn\u00e9 postupy. N\u011bkolika dobrovolnick\u00fdm organizac\u00edm budeme nap\u0159\u00edklad pom\u00e1hat s&nbsp;rozjezdem a nastaven\u00edm dobrovolnick\u00e9ho programu, pom\u016f\u017eeme se z\u00edsk\u00e1n\u00edm a pro\u0161kolen\u00edm dobrovoln\u00edk\u016f i s&nbsp;jejich koordinac\u00ed v&nbsp;praxi.<\/p>\n<p>Sou\u010dasn\u011b tak\u00e9 vytv\u00e1\u0159\u00edme <a href=\"https:\/\/lk.regionalnidobrovolnickecentrum.cz\/all-listings\/\">datab\u00e1zi region\u00e1ln\u00edch dobrovolnick\u00fdch organizac\u00ed a program\u016f<\/a>, kter\u00e1 v\u00fdznamn\u011b zmapuje a zp\u0159ehledn\u00ed sv\u011bt dobrovolnictv\u00ed v Libereck\u00e9m kraji. <strong>K dne\u0161n\u00edmu datu je v&nbsp;datab\u00e1zi 15 dobrovolnick\u00fdch organizac\u00ed nebo program\u016f<\/strong>.<\/p>\n<p>Vlastn\u00ed profil v&nbsp;datab\u00e1zi organizac\u00edm napom\u016f\u017ee p\u0159i jejich zviditeln\u011bn\u00ed a sebeprezentaci. Pom\u016f\u017ee i z\u00e1jemc\u016fm o dobrovolnictv\u00ed, kte\u0159\u00ed si mohou vybrat organizaci p\u0159esn\u011b podle sv\u00fdch p\u0159edstav \u2013 podle lokality nebo podle zam\u011b\u0159en\u00ed \u010dinnosti.<\/p>\n<p>Datab\u00e1ze je zam\u011b\u0159ena na oblast Libereck\u00e9ho kraje a je <strong>zdarma<\/strong> otev\u0159en\u00e1 v\u0161em dobrovolnick\u00fdm organizac\u00edm. V&nbsp;p\u0159\u00edpad\u011b z\u00e1jmu o vlo\u017een\u00ed va\u0161\u00ed organizace n\u00e1s kontaktujte nebo p\u0159\u00edmo vlo\u017ete pot\u0159ebn\u00e9 \u00fadaje prost\u0159ednictv\u00edm <a href=\"https:\/\/lk.regionalnidobrovolnickecentrum.cz\/add-listing\/\">webov\u00e9ho formul\u00e1\u0159e<\/a>.<\/p>\n<p>&nbsp;<\/p>\n<p><img loading=\"lazy\" decoding=\"async\" class=\"size-full wp-image-1148 aligncenter\" src=\"https:\/\/lk.regionalnidobrovolnickecentrum.cz\/subdom\/lk\/wp-content\/uploads\/2020\/12\/RDC_web_.jpg\" alt=\"\" width=\"800\" height=\"472\" srcset=\"https:\/\/lk.regionalnidobrovolnickecentrum.cz\/subdom\/lk\/wp-content\/uploads\/2020\/12\/RDC_web_.jpg 800w, https:\/\/lk.regionalnidobrovolnickecentrum.cz\/subdom\/lk\/wp-content\/uploads\/2020\/12\/RDC_web_-300x177.jpg 300w, https:\/\/lk.regionalnidobrovolnickecentrum.cz\/subdom\/lk\/wp-content\/uploads\/2020\/12\/RDC_web_-768x453.jpg 768w\" sizes=\"(max-width: 800px) 100vw, 800px\" \/><\/p>\n<p>&nbsp;<\/p>\n<h4>Jsme zde pro z\u00e1jemce o dobrovolnictv\u00ed<\/h4>\n<p>Jsme p\u0159ipraveni p\u0159ijmout nov\u00e9 z\u00e1jemce o dobrovolnictv\u00ed. \u0158ada z\u00e1jemc\u016f t\u00e9to mo\u017enosti vyu\u017eila a my si velmi v\u00e1\u017e\u00edme ka\u017ed\u00e9ho, kdo se rozhodne pomoci.<\/p>\n<p><strong>Pot\u0159ebujeme dobrovoln\u00edky!<\/strong> Sv\u011bt se bez dobrovolnictv\u00ed neobejde. Z\u00e1jemci o dobrovolnictv\u00ed n\u00e1s mohou <a href=\"https:\/\/lk.regionalnidobrovolnickecentrum.cz\/subdom\/lk\/chci-byt-dobrovolnikem\/\">kontaktovat<\/a>. Ka\u017ed\u00e9mu v\u0161e podrobn\u011b vysv\u011btl\u00edme, zajist\u00edme pro\u0161kolen\u00ed a zprost\u0159edkujeme uplatn\u011bn\u00ed na z\u00e1klad\u011b jeho p\u0159edstav a preferenc\u00ed.<\/p>\n<p>&nbsp;<\/p>\n<h4>Aktivn\u011b se pod\u00edl\u00edme na zprost\u0159edkov\u00e1n\u00ed nab\u00eddky a popt\u00e1vky po dobrovolnictv\u00ed v&nbsp;kraji<\/h4>\n<p>Na z\u00e1klad\u011b \u017e\u00e1dosti n\u011bkolika dobrovolnick\u00fdch organizac\u00ed, nap\u0159\u00edklad Oblastn\u00edho spolku \u010c\u010cK nebo Potravinov\u00e9 banky, jsme <strong>zprost\u0159edkovali<\/strong> zapojen\u00ed pot\u0159ebn\u00e9ho po\u010dtu dobrovoln\u00edk\u016f.<\/p>\n<p>Zprost\u0159edkov\u00e1v\u00e1me kontakt z\u00e1jemc\u016f o dobrovolnictv\u00ed s organizacemi, p\u0159i\u010dem\u017e respektujeme po\u017eadavky obou stran. Nez\u016fst\u00e1v\u00e1me p\u0159itom jen u samotn\u00e9ho zprost\u0159edkov\u00e1n\u00ed, ale nab\u00edz\u00edme dal\u0161\u00ed pot\u0159ebnou <strong>podporu, koordinaci a poradenstv\u00ed<\/strong>.<\/p>\n<p>St\u00e1le <strong>sd\u00edl\u00edme a zve\u0159ej\u0148ujeme popt\u00e1vku po dobrovoln\u00edc\u00edch<\/strong>, aktu\u00e1ln\u00ed pot\u0159eby a akce dobrovolnick\u00fdch organizac\u00ed. T\u00edm zvy\u0161ujeme obecn\u00e9 pov\u011bdom\u00ed o dobrovolnick\u00e9 pr\u00e1ci a <strong>propagujeme<\/strong> konkr\u00e9tn\u00ed projekty.<\/p>\n<p>Organizac\u00edm nab\u00edz\u00edme partnerstv\u00ed p\u0159i vytv\u00e1\u0159en\u00ed a nastaven\u00ed dobrovolnick\u00e9ho programu, zaji\u0161t\u011bn\u00ed \u0161kolen\u00ed pro koordin\u00e1tory dobrovoln\u00edk\u016f, \u0161kolen\u00ed pro dobrovoln\u00edky. Pl\u00e1nujeme realizaci n\u00e1borov\u00fdch kampan\u00ed pro osloven\u00ed nov\u00fdch z\u00e1jemc\u016f o dobrovolnictv\u00ed v&nbsp;programech, kter\u00e9 se spolupracuj\u00edc\u00edmi organizacemi p\u0159ipravujeme.<\/p>\n<p>B\u011bhem z\u00e1\u0159\u00ed a \u0159\u00edjna 2020 jsme p\u0159ipravili a realizovali dny otev\u0159en\u00fdch dve\u0159\u00ed dobrovolnictv\u00ed v kraji. Akce se stala p\u0159\u00edle\u017eitost\u00ed pro osobn\u00ed setk\u00e1n\u00ed se z\u00e1stupci mnoha dobrovolnick\u00fdch organizac\u00ed. Cenn\u00e1 byla v\u00fdm\u011bna zku\u0161enost\u00ed, uk\u00e1zky dobr\u00e9 praxe. Na\u0161e podpora je pro mnoho organizac\u00ed impulsem pro rozvoj vlastn\u00edch aktivit.<\/p>\n<p><strong>&nbsp;<\/strong><\/p>\n<figure id=\"attachment_1154\" aria-describedby=\"caption-attachment-1154\" style=\"width: 500px\" class=\"wp-caption aligncenter\"><img loading=\"lazy\" decoding=\"async\" class=\"wp-image-1154 size-full\" src=\"https:\/\/lk.regionalnidobrovolnickecentrum.cz\/subdom\/lk\/wp-content\/uploads\/2020\/12\/RDC_2_web.jpg\" alt=\"\" width=\"500\" height=\"485\" srcset=\"https:\/\/lk.regionalnidobrovolnickecentrum.cz\/subdom\/lk\/wp-content\/uploads\/2020\/12\/RDC_2_web.jpg 500w, https:\/\/lk.regionalnidobrovolnickecentrum.cz\/subdom\/lk\/wp-content\/uploads\/2020\/12\/RDC_2_web-300x291.jpg 300w\" sizes=\"(max-width: 500px) 100vw, 500px\" \/><figcaption id=\"caption-attachment-1154\" class=\"wp-caption-text\">Region\u00e1ln\u00ed dobrovolnick\u00e9 centrum Libereck\u00e9ho kraje vytv\u00e1\u0159\u00ed k\u0159i\u017eovatku a propojen\u00ed, kter\u00e9 je p\u0159\u00ednosem pro v\u0161echny strany.<\/figcaption><\/figure>\n<p>&nbsp;<\/p>\n<h4>Dny otev\u0159en\u00fdch dve\u0159\u00ed dobrovolnictv\u00ed v kraji jsou m\u00edstem cenn\u00fdch setk\u00e1n\u00ed i za\u010d\u00e1tkem nov\u00e9 spolupr\u00e1ce<\/h4>\n<p><img loading=\"lazy\" decoding=\"async\" class=\"size-full wp-image-1166 alignright\" src=\"https:\/\/lk.regionalnidobrovolnickecentrum.cz\/subdom\/lk\/wp-content\/uploads\/2020\/11\/DOD.jpg\" alt=\"\" width=\"400\" height=\"312\" srcset=\"https:\/\/lk.regionalnidobrovolnickecentrum.cz\/subdom\/lk\/wp-content\/uploads\/2020\/11\/DOD.jpg 400w, https:\/\/lk.regionalnidobrovolnickecentrum.cz\/subdom\/lk\/wp-content\/uploads\/2020\/11\/DOD-300x234.jpg 300w\" sizes=\"(max-width: 400px) 100vw, 400px\" \/>Dv\u011b akce s n\u00e1zvem \u201e<a href=\"https:\/\/lk.regionalnidobrovolnickecentrum.cz\/subdom\/lk\/den-otevrenych-dveri\/\">Den otev\u0159en\u00fdch dve\u0159\u00ed dobrovolnictv\u00ed v kraji<\/a>\u201c, po\u0159\u00e1dan\u00e9 v z\u00e1\u0159\u00ed a \u0159\u00edjnu se setkaly s velk\u00fdm z\u00e1jmem i p\u0159es zna\u010dn\u00e1 omezen\u00ed spojen\u00e1 se situac\u00ed Covid-19. Vedle dobrovolnick\u00fdch organizac\u00ed jsme c\u00edlen\u011b oslovili a pozvali starosty obc\u00ed a z\u00e1stupce Krajsk\u00e9ho \u00fa\u0159adu Libereck\u00e9ho kraje.<\/p>\n<p>M\u00edstem kon\u00e1n\u00ed byly prostory Region\u00e1ln\u00edho dobrovolnick\u00e9ho centra Libereck\u00e9ho kraje. Akce se vedle 15 organizac\u00ed \u00fa\u010dastnili i z\u00e1jemci o dobrovolnictv\u00ed.<\/p>\n<p>\u00da\u010dastn\u00edk\u016fm jsme p\u0159edstavili centrum a jeho slu\u017eby, prezentovali jsme zde p\u0159\u00edklady dobr\u00e9 praxe dobrovolnictv\u00ed v kraji, zodpov\u011bd\u011bli jsme \u0159adu dotaz\u016f a poskytovali jsme informace o dobrovolnictv\u00ed v \u010cR, legislativ\u011b a dota\u010dn\u00edch programech. Sou\u010d\u00e1st\u00ed akce byla v\u00fdstava fotografi\u00ed o dobrovolnictv\u00ed v kraji a prohl\u00eddka charitativn\u00edho obchodu.<\/p>\n<p>Den otev\u0159en\u00fdch dve\u0159\u00ed se chyst\u00e1me organizovat i nad\u00e1le, alespo\u0148 4x do roka na r\u016fzn\u00fdch m\u00edstech, abychom slu\u017eby centra p\u0159edstavili a nab\u00eddli ve v\u0161ech \u010d\u00e1stech Libereck\u00e9ho kraje.<\/p>\n<p>&nbsp;<\/p>\n<h4>Region\u00e1ln\u00ed dobrovolnick\u00e9 centrum je otev\u0159en\u00e9 pro ve\u0159ejnost<\/h4>\n<p>Otev\u0159eli jsme<strong> novou kancel\u00e1\u0159<\/strong> Region\u00e1ln\u00edho dobrovolnick\u00e9ho centra v centru Liberce (<a href=\"https:\/\/mapy.cz\/s\/nepalagode\" target=\"_blank\" rel=\"noopener noreferrer\">mapa<\/a>). Kancel\u00e1\u0159 je <strong>kontaktn\u00edm m\u00edstem<\/strong>, kter\u00e9 je otev\u0159en\u00e9 pro ve\u0159ejnost v pravideln\u00fdch hodin\u00e1ch: ka\u017ed\u00e9 pond\u011bl\u00ed od 12:00 do 17:00 hodin a ka\u017ed\u00fd \u010dtvrtek od 8:00 do 13:00 hodin, po dohod\u011b kdykoliv.<\/p>\n<p>V kancel\u00e1\u0159i zastihnete vedouc\u00edho centra Michala \u010can\u010d\u00edka nebo jeho asistentku Annu Kl\u00edmovou. Obr\u00e1tit se na n\u011b m\u016f\u017eete s dotazy i \u017e\u00e1dostmi o spolupr\u00e1ci v oblasti dobrovolnictv\u00ed (<a href=\"https:\/\/lk.regionalnidobrovolnickecentrum.cz\/subdom\/lk\/wp-content\/uploads\/2020\/11\/Letacek_RDC_Liberecky_kraj.pdf\">informa\u010dn\u00ed let\u00e1\u010dek<\/a> ke sta\u017een\u00ed v PDF).<\/p>\n<p>&nbsp;<\/p>\n<p><iframe loading=\"lazy\" style=\"border: none;\" src=\"https:\/\/frame.mapy.cz\/s\/canarazunu\" width=\"500\" height=\"333\" frameborder=\"0\"><\/iframe><\/p>\n<p><strong>&nbsp;<\/strong><\/p>\n<h4>Poskytujeme odborn\u00e9 poradenstv\u00ed v oblasti dobrovolnictv\u00ed<\/h4>\n<p>Vy\u0159izujeme v\u0161echny dotazy, a\u0165 u\u017e polo\u017een\u00e9 osobn\u011b nebo telefonicky. Pro mo\u017enost zasl\u00e1n\u00ed p\u00edsemn\u00e9ho dotazu jsme z\u0159\u00eddili webovou <a href=\"https:\/\/lk.regionalnidobrovolnickecentrum.cz\/subdom\/lk\/poradna\/\">poradnu<\/a>. R\u00e1di zodpov\u00edme dotazy a pom\u016f\u017eeme nap\u0159\u00edklad v problematice legislativn\u00edch \u00faprav dobrovolnictv\u00ed a vypl\u00fdvaj\u00edc\u00edch povinnost\u00ed, akredita\u010dn\u00edho \u0159\u00edzen\u00ed Ministerstva vnitra, dotac\u00ed ministerstev pro oblast dobrovolnictv\u00ed, zalo\u017een\u00ed nov\u00e9 dobrovolnick\u00e9 organizace nebo nov\u00e9ho projektu, programu \u010di organizace, kter\u00e9 se budou t\u00fdkat dobrovolnictv\u00ed.<\/p>\n<p>&nbsp;<\/p>\n<h4>V\u0161echny informace na webu<\/h4>\n<p>Vytvo\u0159ili jsme nov\u00fd web <a href=\"https:\/\/lk.regionalnidobrovolnickecentrum.cz\/subdom\/lk\/\">www.dobrovkraji.cz<\/a>, na kter\u00e9m m\u011bs\u00ed\u010dn\u011b p\u0159ib\u00fdv\u00e1 minim\u00e1ln\u011b 5-7 p\u0159\u00edsp\u011bvk\u016f. Na webu zve\u0159ej\u0148ujeme informace, aktuality a ud\u00e1losti z dobrovolnick\u00e9ho sv\u011bta, p\u0159\u00edb\u011bhy dobrovoln\u00edk\u016f i popt\u00e1vky po dobrovoln\u00edc\u00edch. Web nav\u0161t\u011bvuj\u00ed z\u00e1jemci o dobrovolnictv\u00ed i dobrovolnick\u00e9 organizace. Proto m\u016f\u017ee b\u00fdt vhodn\u00fdm m\u00edstem, kde <strong>organizace mohou prezentovat svou \u010dinnost<\/strong>, sv\u00e9 akce, pozv\u00e1nky a popt\u00e1vku po dobrovoln\u00edc\u00edch.<\/p>\n<p>Sou\u010dasn\u011b je na webu um\u00edst\u011bna zm\u00edn\u011bn\u00e1 <a href=\"https:\/\/lk.regionalnidobrovolnickecentrum.cz\/all-listings\/\">datab\u00e1ze<\/a> dobrovolnick\u00fdch organizac\u00ed v regionu. Spojit se s n\u00e1mi m\u016f\u017eete tak\u00e9 na Facebooku (<a href=\"https:\/\/www.facebook.com\/dobrovkraji\/\" target=\"_blank\" rel=\"noopener noreferrer\">facebook.com\/dobrovkraji<\/a>).<\/p>\n<p>&nbsp;<\/p>\n<h4>Co p\u0159ipravujeme?<\/h4>\n<p>Budeme d\u00e1le rozv\u00edjet na\u0161e kontakty a aktivity na Liberecku, Jablonecku a Turnovsku. Budeme s organizacemi spolupracovat na vytv\u00e1\u0159en\u00ed nov\u00fdch dobrovolnick\u00fdch program\u016f.<\/p>\n<p>Na za\u010d\u00e1tku roku 2021 pl\u00e1nujeme <strong>otev\u0159en\u00ed pobo\u010dky<\/strong> \u2013 <strong>Dobropointu<\/strong> \u2013 v \u010cesk\u00e9 L\u00edp\u011b. <em>Dobropoint<\/em> zde bude m\u00edt pevnou adresu a pravideln\u00e9 \u00fa\u0159edn\u00ed hodiny. Za \u00fa\u010delem p\u0159edstaven\u00ed <em>Dobropointu<\/em> ve\u0159ejnosti zde zorganizujeme Den otev\u0159en\u00fdch dve\u0159\u00ed. Oslov\u00edme org\u00e1ny st\u00e1tn\u00ed spr\u00e1vy a lok\u00e1ln\u00edch dobrovolnick\u00e9 organizace pro spolupr\u00e1ci a roz\u0161\u00ed\u0159\u00edme datab\u00e1zi o dal\u0161\u00ed organizace, zejm\u00e9na s d\u016frazem na \u010ceskolipsko.<\/p>\n<p>V \u00fanoru 2021 m\u00e1me napl\u00e1nov\u00e1no dvoudenn\u00ed <strong>\u0161kolen\u00ed koordin\u00e1tor\u016f dobrovoln\u00edk\u016f a kontaktn\u00edch osob<\/strong> p\u0159ij\u00edmaj\u00edc\u00edch organizac\u00ed v kraji. \u0160kolen\u00ed se bude konat v Liberci. V p\u0159\u00edpad\u011b velk\u00e9 popt\u00e1vky jsme p\u0159ipraveni \u0161kolen\u00ed zopakovat je\u0161t\u011b na p\u0159elomu b\u0159ezna a dubna. V\u00edce informac\u00ed a program \u0161kolen\u00ed najdete <a href=\"https:\/\/lk.regionalnidobrovolnickecentrum.cz\/subdom\/lk\/pozvanka-na-skoleni-koordinatoru-dobrovolniku\/\">zde<\/a>.<\/p>\n<p>V budoucnu p\u0159ipravujeme tak\u00e9 nejv\u011bt\u0161\u00ed ud\u00e1lost na \u00farovni Libereck\u00e9ho regionu ur\u010denou pro \u0161irokou ve\u0159ejnost \u2013 Dny dobrovolnictv\u00ed v kraji. Dvoudenn\u00ed \u201efestival\u201c region\u00e1ln\u00edho dobrovolnictv\u00ed zam\u011b\u0159en\u00fd na propagaci a prezentaci dobrovolnictv\u00ed. Sou\u010d\u00e1st\u00ed bude prezentace lok\u00e1ln\u00edch dobrovolnick\u00fdch center a organizac\u00ed vys\u00edlaj\u00edc\u00edch a p\u0159ij\u00edmaj\u00edc\u00edch dobrovoln\u00edky, p\u0159edstaven\u00ed pr\u00e1ce dobrovoln\u00edk\u016f, v\u00fdstava p\u0159\u00edklad\u016f dobr\u00e9 praxe. Bude p\u0159ipraven prostor pro setk\u00e1n\u00ed organizac\u00ed se z\u00e1jemci o dobrovolnictv\u00ed v kraji. Po\u010d\u00edt\u00e1me s tiskovou konferenc\u00ed a s prezentac\u00ed dobrovolnictv\u00ed v kraji sm\u011brem k m\u00e9di\u00edm.<\/p>\n<p>&nbsp;<\/p>\n<h4>Region\u00e1ln\u00ed dobrovolnick\u00e9 centrum je v\u00e1\u0161 partner<\/h4>\n<p><strong>Co je p\u0159\u00ednosem z&nbsp;partnerstv\u00ed s&nbsp;n\u00e1mi?<img loading=\"lazy\" decoding=\"async\" class=\" wp-image-205 alignright\" src=\"https:\/\/lk.regionalnidobrovolnickecentrum.cz\/subdom\/lk\/wp-content\/uploads\/2020\/05\/ikona-lk_200x200.jpg\" alt=\"\" width=\"151\" height=\"151\" srcset=\"https:\/\/lk.regionalnidobrovolnickecentrum.cz\/subdom\/lk\/wp-content\/uploads\/2020\/05\/ikona-lk_200x200.jpg 200w, https:\/\/lk.regionalnidobrovolnickecentrum.cz\/subdom\/lk\/wp-content\/uploads\/2020\/05\/ikona-lk_200x200-150x150.jpg 150w\" sizes=\"(max-width: 151px) 100vw, 151px\" \/><\/strong><\/p>\n<ul>\n<li>Mo\u017enost zve\u0159ejn\u011bn\u00ed aktualit o va\u0161\u00ed \u010dinnosti<\/li>\n<li>Informovanost o dota\u010dn\u00edch titulech, p\u0159\u00edle\u017eitostech a zaj\u00edmav\u00fdch ud\u00e1lostech<\/li>\n<li>Nab\u00eddka \u0161kolen\u00ed dobrovoln\u00edk\u016f<\/li>\n<li>Nab\u00eddka \u0161kolen\u00ed koordin\u00e1tor\u016f dobrovoln\u00edk\u016f a kontaktn\u00edch osob<\/li>\n<li>Partnerstv\u00ed pro vytvo\u0159en\u00ed a nastaven\u00ed dobrovolnick\u00e9ho programu<\/li>\n<li>Spolupr\u00e1ce p\u0159i z\u00edsk\u00e1v\u00e1n\u00ed a koordinaci dobrovoln\u00edk\u016f<\/li>\n<li>Sd\u00edlen\u00ed zku\u0161enost\u00ed a dobr\u00e9 praxe<\/li>\n<li>K dispozici je poradna zdarma<\/li>\n<li>B\u00fdt p\u0159i tom<\/li>\n<\/ul>\n<p>&nbsp;<\/p>\n<h4>K\u0159i\u017eovatka dobrovolnictv\u00ed v&nbsp;Libereck\u00e9m kraji<\/h4>\n<p>Region\u00e1ln\u00ed dobrovolnick\u00e9 centrum Libereck\u00e9ho kraje bylo zalo\u017eeno s&nbsp;c\u00edlem zmapovat, propojit a podpo\u0159it dobrovolnictv\u00ed v&nbsp;regionu. Jde p\u0159itom o iniciativu pokr\u00fdvaj\u00edc\u00ed celou \u010cR. Projekt region\u00e1ln\u00edch center v&nbsp;cel\u00e9 \u010cR je zast\u0159e\u0161en Ministerstvem vnitra \u010cR a realizace prvn\u00ed f\u00e1ze je pl\u00e1nov\u00e1na do dubna 2022.<\/p>\n<p>T\u00edmto datem ale \u010dinnost centra neskon\u010d\u00ed. D\u00edky tomu, \u017ee se stane k\u0159i\u017eovatkou region\u00e1ln\u00edho dobrovolnictv\u00ed, z\u00edsk\u00e1 \u0161ir\u0161\u00ed region\u00e1ln\u00ed podporu, bude moci poskytovat \u0161ir\u0161\u00ed a komplexn\u011bj\u0161\u00ed slu\u017eby dobrovolnick\u00fdm organizac\u00edm. Dobrovolnick\u00e1 \u010dinnost v Libereck\u00e9m kraji bude p\u0159ehledn\u011bj\u0161\u00ed a d\u00edky spolupr\u00e1ci a v\u011bt\u0161\u00ed propojenosti u\u0161et\u0159\u00ed organizac\u00edm mnoho energie, kterou nyn\u00ed musej\u00ed vynakl\u00e1dat t\u0159eba na individu\u00e1ln\u00ed \u00fasil\u00ed p\u0159i z\u00edsk\u00e1v\u00e1n\u00ed, \u0161kolen\u00ed a koordinaci dobrovoln\u00edk\u016f. Dobrovolnictv\u00ed v region\u00e1ln\u00edm pohledu bude v\u00edce zaj\u00edmav\u00e9 pro m\u00e9dia, co\u017e zase umo\u017en\u00ed prezentovat dobrovolnictv\u00ed v \u0161ir\u0161\u00ed m\u00ed\u0159e a v\u011bt\u0161\u00edm rozli\u0161en\u00ed.<\/p>\n<p>&nbsp;<\/p>\n<h4>P\u0159e\u010dt\u011bte si zaj\u00edmav\u00e9 \u010dl\u00e1nky na na\u0161em webu<\/h4>\n<ul>\n<li><a href=\"https:\/\/lk.regionalnidobrovolnickecentrum.cz\/subdom\/lk\/dobrovolnictvi-je-soucasti-zivota-nas-vsech-tvrdi-vedouci-noveho-regionalniho-dobrovolnickeho-centra-v-liberci\/\">Rozhovor s vedouc\u00edm Region\u00e1ln\u00edho dobrovolnick\u00e9ho centra<\/a><\/li>\n<li><a href=\"https:\/\/lk.regionalnidobrovolnickecentrum.cz\/subdom\/lk\/kdyz-je-potreba-dokazeme-vsichni-drzet-pri-sobe-vzpomina-na-pandemii-koronaviru-ocenena-dobrovolnice\/\">Jak\u00e9 to je b\u00fdt dobrovoln\u00edkem<\/a> &#8211; p\u0159\u00edb\u011bh dobrovolnice ocen\u011bn\u00e9 medail\u00ed Integrovan\u00e9ho z\u00e1chrann\u00e9ho syst\u00e9mu z rukou hejtmana Libereck\u00e9ho kraje Martina P\u016fty<\/li>\n<li><a href=\"https:\/\/lk.regionalnidobrovolnickecentrum.cz\/subdom\/lk\/umirat-mezi-svymi-hospic-svate-zdislavy\/\">Dobrovolnictv\u00ed v hospicu<\/a><\/li>\n<li><a href=\"https:\/\/lk.regionalnidobrovolnickecentrum.cz\/subdom\/lk\/jak-jsou-v-cesku-zmapovany-neziskovky-a-jak-mezi-nimi-najit-dobrovolnickou-organizaci\/\">Kolik je v \u010cesku dobrovoln\u00edk\u016f a jak je ocen\u011bna jejich pr\u00e1ce<\/a><\/li>\n<\/ul>\n<p>&nbsp;<\/p>\n<p>&nbsp;<\/p>\n","protected":false},"excerpt":{"rendered":"<p>V\u00fdsledky p\u016flro\u010dn\u00ed pr\u00e1ce Region\u00e1ln\u00edho dobrovolnick\u00e9ho centra Libereck\u00e9ho kraje, pl\u00e1ny pro nejbli\u017e\u0161\u00ed obdob\u00ed, p\u0159\u00edle\u017eitosti a v\u00fdzvy k zapojen\u00ed a spolupr\u00e1ci.<\/p>\n","protected":false},"author":1,"featured_media":1144,"comment_status":"closed","ping_status":"closed","sticky":false,"template":"","format":"standard","meta":{"om_disable_all_campaigns":false,"_monsterinsights_skip_tracking":false,"_monsterinsights_sitenote_active":false,"_monsterinsights_sitenote_note":"","_monsterinsights_sitenote_category":0,"footnotes":""},"categories":[2],"tags":[],"aioseo_notices":[],"_links":{"self":[{"href":"https:\/\/lk.regionalnidobrovolnickecentrum.cz\/subdom\/lk\/wp-json\/wp\/v2\/posts\/1143"}],"collection":[{"href":"https:\/\/lk.regionalnidobrovolnickecentrum.cz\/subdom\/lk\/wp-json\/wp\/v2\/posts"}],"about":[{"href":"https:\/\/lk.regionalnidobrovolnickecentrum.cz\/subdom\/lk\/wp-json\/wp\/v2\/types\/post"}],"author":[{"embeddable":true,"href":"https:\/\/lk.regionalnidobrovolnickecentrum.cz\/subdom\/lk\/wp-json\/wp\/v2\/users\/1"}],"replies":[{"embeddable":true,"href":"https:\/\/lk.regionalnidobrovolnickecentrum.cz\/subdom\/lk\/wp-json\/wp\/v2\/comments?post=1143"}],"version-history":[{"count":27,"href":"https:\/\/lk.regionalnidobrovolnickecentrum.cz\/subdom\/lk\/wp-json\/wp\/v2\/posts\/1143\/revisions"}],"predecessor-version":[{"id":1185,"href":"https:\/\/lk.regionalnidobrovolnickecentrum.cz\/subdom\/lk\/wp-json\/wp\/v2\/posts\/1143\/revisions\/1185"}],"wp:featuredmedia":[{"embeddable":true,"href":"https:\/\/lk.regionalnidobrovolnickecentrum.cz\/subdom\/lk\/wp-json\/wp\/v2\/media\/1144"}],"wp:attachment":[{"href":"https:\/\/lk.regionalnidobrovolnickecentrum.cz\/subdom\/lk\/wp-json\/wp\/v2\/media?parent=1143"}],"wp:term":[{"taxonomy":"category","embeddable":true,"href":"https:\/\/lk.regionalnidobrovolnickecentrum.cz\/subdom\/lk\/wp-json\/wp\/v2\/categories?post=1143"},{"taxonomy":"post_tag","embeddable":true,"href":"https:\/\/lk.regionalnidobrovolnickecentrum.cz\/subdom\/lk\/wp-json\/wp\/v2\/tags?post=1143"}],"curies":[{"name":"wp","href":"https:\/\/api.w.org\/{rel}","templated":true}]}}