{"id":1187,"date":"2020-12-31T20:02:43","date_gmt":"2020-12-31T19:02:43","guid":{"rendered":"https:\/\/lk.regionalnidobrovolnickecentrum.cz\/subdom\/lk\/?p=1187"},"modified":"2021-01-20T13:33:16","modified_gmt":"2021-01-20T12:33:16","slug":"severni-hvezda","status":"publish","type":"post","link":"https:\/\/lk.regionalnidobrovolnickecentrum.cz\/subdom\/lk\/severni-hvezda\/","title":{"rendered":"Severn\u00ed hv\u011bzda"},"content":{"rendered":"<blockquote><p>Pathfinder je ten, kdo jde v\u017edy vp\u0159edu, aby na\u0161el cestu pro ty, kte\u0159\u00ed p\u016fjdou za n\u00edm. Ten, kdo si um\u00ed poradit v ka\u017ed\u00e9 situaci a nezalekne se \u017e\u00e1dn\u00e9 p\u0159ek\u00e1\u017eky. Je to ten, na kter\u00e9ho s d\u016fv\u011brou spol\u00e9haj\u00ed ti, kte\u0159\u00ed se nevyznaj\u00ed. Ten, kdo zn\u00e1 cestu a ukazuje ji jin\u00fdm.<\/p><\/blockquote>\n<p>M\u00e1lokdo z\u00a0n\u00e1s by si asi p\u0159\u00e1l za\u017e\u00edt na vlastn\u00ed k\u016f\u017ei vzd\u011bl\u00e1v\u00e1n\u00ed ve Velk\u00e9 Brit\u00e1nii za viktori\u00e1nsk\u00e9 \u00e9ry. Chlapci byli u\u017e v\u00a0p\u011bti letech pos\u00edl\u00e1ni do p\u0159\u00edsn\u00fdch budov intern\u00e1tn\u00edch \u0161kol, kde panovala tvrd\u00e1 discipl\u00edna. B\u011bhem dlouh\u00e9ho vyu\u010dov\u00e1n\u00ed museli sed\u011bt s\u00a0rukama za z\u00e1dy, ka\u017ed\u00fd pohyb a inciativa byly velmi p\u0159\u00edsn\u011b trest\u00e1ny. Mo\u017en\u00e1 \u017ee v\u0161ak pr\u00e1v\u011b p\u0159\u00edsnost, strohost a nep\u0159irozenost takov\u00e9ho vzd\u011bl\u00e1v\u00e1n\u00ed podn\u00edtily touhu rozv\u00edjet d\u011bti zcela jin\u00fdm sm\u011brem \u2013 ke svobod\u011b, odpov\u011bdnosti, samostatnosti, pohybu a kreativit\u011b. Na p\u0159elomu 19. a 20. stolet\u00ed se na mnoha m\u00edstech objevuj\u00ed po\u010d\u00e1tky hnut\u00ed, je\u017e bychom dnes souhrnn\u011b nazvali skautingem.<\/p>\n<p>Skauting m\u00e1 sv\u00e9 otce zakladatele. Za p\u0159ipomenut\u00ed stoj\u00ed dva z\u00a0nich, kte\u0159\u00ed viktori\u00e1nsk\u00fdm vzd\u011bl\u00e1v\u00e1n\u00edm pro\u0161li a rozhodli se zkusit to jinak \u2013 spisovatel E. T. Seton (mo\u017en\u00e1 jste \u010detli jeho knihy <em>Dva divo\u0161i<\/em> \u010di <em>Rolf z\u00e1les\u00e1k<\/em> a mo\u017en\u00e1 jste dokonce n\u011bkdy zkusili n\u011bkde v\u00a0p\u0159\u00edrod\u011b up\u00e9ct maso v\u00a0Setonov\u011b hrnci) a d\u016fstojn\u00edk britsk\u00e9 arm\u00e1dy B. Powel. Byli odli\u0161n\u00ed, ale spojovala je l\u00e1ska k\u00a0p\u0159\u00edrod\u011b, respekt k\u00a0p\u0159\u00edrodn\u00edm n\u00e1rod\u016fm a jejich dovednostem. T\u0159i okv\u011btn\u00ed l\u00edstky skautsk\u00e9 lilie symbolizuj\u00ed c\u00edl skautsk\u00e9 v\u00fdchovy &#8211; odpov\u011bdnosti v\u016f\u010di Bohu, sv\u00e9mu okol\u00ed i sob\u011b sam\u00e9mu.<\/p>\n<p><img loading=\"lazy\" decoding=\"async\" class=\"size-medium wp-image-1190 alignleft\" src=\"https:\/\/lk.regionalnidobrovolnickecentrum.cz\/subdom\/lk\/wp-content\/uploads\/2020\/12\/Pathfinder-02-web-300x167.jpg\" alt=\"\" width=\"300\" height=\"167\" srcset=\"https:\/\/lk.regionalnidobrovolnickecentrum.cz\/subdom\/lk\/wp-content\/uploads\/2020\/12\/Pathfinder-02-web-300x167.jpg 300w, https:\/\/lk.regionalnidobrovolnickecentrum.cz\/subdom\/lk\/wp-content\/uploads\/2020\/12\/Pathfinder-02-web-768x427.jpg 768w, https:\/\/lk.regionalnidobrovolnickecentrum.cz\/subdom\/lk\/wp-content\/uploads\/2020\/12\/Pathfinder-02-web.jpg 800w\" sizes=\"(max-width: 300px) 100vw, 300px\" \/>My\u0161lenka skautingu postupn\u011b pronikala i do c\u00edrkve, mnoho ze skautsk\u00fdch ide\u00e1l\u016f se kryje s\u00a0hodnotami, kter\u00e9 se v\u011b\u0159\u00edc\u00ed rodi\u010de sna\u017e\u00ed p\u0159edat sv\u00fdm d\u011btem. N\u011bco bylo p\u0159ejato zcela, n\u011bco pro\u0161lo pot\u0159ebn\u00fdmi \u00fapravami, aby se my\u0161lenka mohla v\u00a0nov\u00e9m prost\u0159ed\u00ed dob\u0159e rozv\u00edjet. C\u00edrkev adventist\u016f sedm\u00e9ho dne zachov\u00e1v\u00e1 sobotu, podobn\u011b jako \u017eid\u00e9. V\u00a0sobotu nepracuj\u00ed, nav\u0161t\u011bvuj\u00ed shrom\u00e1\u017ed\u011bn\u00ed, odpo\u010d\u00edvaj\u00ed, nav\u00edc dodr\u017euj\u00ed pon\u011bkud odli\u0161nou \u017eivotospr\u00e1vu, Cht\u011bli si tedy skautsk\u00e9 v\u00edkendov\u00e9 akce po\u0159\u00e1dat po sv\u00e9m. V\u00a0roce 1949 proto adventist\u00e9 zalo\u017eili po skautsk\u00e9m vzoru ve Spojen\u00fdch st\u00e1tech Klub Pathfinder.<\/p>\n<p>Ne\u017e si Pathfinder na\u0161el cestu do \u010cech, trvalo mu to bezm\u00e1la pades\u00e1t let. Komunismus nebyl v\u00fdchovou d\u011bt\u00ed k\u00a0samostatnosti, svobod\u011b a zv\u00eddavosti nijak nad\u0161en a bylo tedy t\u0159eba Sametov\u00e9 revoluce, kter\u00e1 jej, doufejme natrvalo, odstranila z\u00a0cesty.<\/p>\n<p>Tak\u00e9 \u010desk\u00fd Pathfinder pot\u0159eboval otce zakladatele. My\u0161lenky samy nic nezm\u016f\u017eou, pokud se nenajdou ochotn\u00ed lid\u00e9, kte\u0159\u00ed se jimi nechaj\u00ed nadchnout. \u201eV\u017edycky mne to p\u0159irozen\u011b t\u00e1hlo k\u00a0tomu b\u00fdt spolu s\u00a0ostatn\u00edmi,\u201c vzpom\u00edn\u00e1 Petr \u201ePup\u00edk\u201c Bujok nad espressem v\u00a0jedn\u00e9 ze vz\u00e1cn\u00fdch chvil, kdy mohly m\u00edt na podzim roku 2020 kav\u00e1rny otev\u0159eno. V\u00a0libereck\u00e9m sboru c\u00edrkve adventist\u016f se kolem n\u011bj a jeho p\u0159\u00e1tel vytvo\u0159ilo neform\u00e1ln\u00ed spole\u010denstv\u00ed ml\u00e1de\u017ee u\u017e na p\u0159elomu osmdes\u00e1t\u00fdch let. Pom\u00e1hali star\u0161\u00edm \u010dlen\u016fm sboru s\u00a0n\u00e1kupy \u010di \u0161t\u00edp\u00e1n\u00edm d\u0159eva na topen\u00ed, jezdili na v\u00fdlety, v\u00a0l\u00e9t\u011b do Tater, na vodu, pozd\u011bji i na kola. Na po\u010d\u00e1tku kalend\u00e1\u0159n\u00edho roku organizovali v\u00a0kostele program ml\u00e1de\u017ee, Vlo\u010dku, na kterou se sj\u00ed\u017ed\u011bli lid\u00e9 z\u00a0cel\u00e9 republiky.<\/p>\n<p><img loading=\"lazy\" decoding=\"async\" class=\"size-medium wp-image-1191 alignright\" src=\"https:\/\/lk.regionalnidobrovolnickecentrum.cz\/subdom\/lk\/wp-content\/uploads\/2020\/12\/Pathfinder-04-web-300x167.jpg\" alt=\"\" width=\"300\" height=\"167\" srcset=\"https:\/\/lk.regionalnidobrovolnickecentrum.cz\/subdom\/lk\/wp-content\/uploads\/2020\/12\/Pathfinder-04-web-300x167.jpg 300w, https:\/\/lk.regionalnidobrovolnickecentrum.cz\/subdom\/lk\/wp-content\/uploads\/2020\/12\/Pathfinder-04-web-768x427.jpg 768w, https:\/\/lk.regionalnidobrovolnickecentrum.cz\/subdom\/lk\/wp-content\/uploads\/2020\/12\/Pathfinder-04-web.jpg 800w\" sizes=\"(max-width: 300px) 100vw, 300px\" \/>Na skupinku p\u0159\u00e1tel se postupn\u011b nabalovali dal\u0161\u00ed lid\u00e9, spole\u010denstv\u00ed bylo otev\u0159en\u00e9, p\u0159edstavovalo v\u00a0tehdej\u0161\u00ed dob\u011b ostr\u016fvek svobody ve st\u00e1le je\u0161t\u011b nesvobodn\u00e9m \u010ceskoslovensku. Po revoluci se v\u0161ak ml\u00e1de\u017en\u00edk\u016fm otev\u0159ely dve\u0159e do sv\u011bta a spole\u010dn\u00fdch akc\u00ed ubylo.<\/p>\n<p>B\u011bhem posledn\u00ed Vlo\u010dky v\u00a0roce 1993 se p\u0159i v\u00fdstupu na Je\u0161t\u011bd na Petra obr\u00e1til jeho kamar\u00e1d Radek Jonczy: \u201eVyka\u0161li se na ml\u00e1de\u017e, ta funguje sama. Poj\u010f n\u00e1m pomoct s\u00a0d\u011btmi.\u201c \u201eJ\u00e1 a d\u011bti? Ani n\u00e1hodou! Lezou mi na nervy,\u201c odpov\u011bd\u011bl tehdy spont\u00e1nn\u011b Petr, otec t\u0159\u00ed vlastn\u00edch d\u011bt\u00ed, ale my\u0161lenka se mu v\u00a0hlav\u011b us\u00eddlila. \u00a0Kdy\u017e byl o rok pozd\u011bji zalo\u017een Pathfinder v\u00a0\u010cesk\u00e9 republice, st\u00e1l Petr u toho a stal se vedouc\u00edm severo\u010desk\u00e9 oblasti, kter\u00e1 nese kr\u00e1sn\u00e9 jm\u00e9no \u2013 Severn\u00ed hv\u011bzda.<\/p>\n<p>Severn\u00ed hv\u011bzda sdru\u017euje odd\u00edly z\u00a0Liberce, Turnova, Mlad\u00e9 Boleslavi, Litom\u011b\u0159ic, Chomutova i dal\u0161\u00edch severo\u010desk\u00fdch m\u011bst. D\u011bti maj\u00ed, podobn\u011b jako ve skautu, p\u0159es t\u00fdden sch\u016fzky, o v\u00edkendu v\u00fdpravy a v\u00a0l\u00e9t\u011b organizuje ka\u017ed\u00e1 oblast sv\u016fj t\u00e1bor. Severn\u00ed hv\u011bzda m\u00e1 kr\u00e1sn\u00e9 t\u00e1bo\u0159i\u0161t\u011b u Farsk\u00e9 louky v\u00a0Jizersk\u00fdch hor\u00e1ch. Ka\u017ed\u00fd rok zde postav\u00ed p\u0159es t\u0159icet podsadov\u00fdch stan\u016f, ve kter\u00fdch d\u011bti pro\u017eij\u00ed dva t\u00fddny pln\u00e9 aktivit a dobrodru\u017estv\u00ed. Na rozd\u00edl od skautsk\u00fdch odd\u00edl\u016f je Pathfinder otev\u0159en\u00fd, tak\u017ee si t\u00e1bora mohou u\u017e\u00edt i d\u011bti, kter\u00e9 do odd\u00edlu p\u0159es rok nechod\u00ed.<\/p>\n<p><img loading=\"lazy\" decoding=\"async\" class=\"size-medium wp-image-1192 alignleft\" src=\"https:\/\/lk.regionalnidobrovolnickecentrum.cz\/subdom\/lk\/wp-content\/uploads\/2020\/12\/Pathfinder-03-web-300x167.jpg\" alt=\"\" width=\"300\" height=\"167\" srcset=\"https:\/\/lk.regionalnidobrovolnickecentrum.cz\/subdom\/lk\/wp-content\/uploads\/2020\/12\/Pathfinder-03-web-300x167.jpg 300w, https:\/\/lk.regionalnidobrovolnickecentrum.cz\/subdom\/lk\/wp-content\/uploads\/2020\/12\/Pathfinder-03-web-768x427.jpg 768w, https:\/\/lk.regionalnidobrovolnickecentrum.cz\/subdom\/lk\/wp-content\/uploads\/2020\/12\/Pathfinder-03-web.jpg 800w\" sizes=\"(max-width: 300px) 100vw, 300px\" \/>\u201eD\u016fle\u017eit\u00e9 je \u017e\u00edt s\u00a0d\u011btmi,\u201c uva\u017euje Petr nahlas. \u201eKdy\u017e s\u00a0nimi \u017eije\u0161, teprve pak je m\u016f\u017ee\u0161 z\u00edskat, ne kdy\u017e jim ob\u010das ud\u011bl\u00e1\u0161 n\u011bjakou show.\u201c Je kr\u00e1sn\u00e9, \u017ee se mu to, co do Severn\u00ed hv\u011bzdy vlo\u017eil, vrac\u00ed. Nejen v\u00a0podob\u011b spokojen\u00fdch d\u011bt\u00ed hraj\u00edc\u00edch si na louce pod Jizersk\u00fdmi horami, ale tak\u00e9 v\u00a0tom, \u017ee se mu lid\u00e9, kte\u0159\u00ed odd\u00edly pro\u0161li, vracej\u00ed a pom\u00e1haj\u00ed jako vedouc\u00ed. Na n\u011bkter\u00e9 z\u00e1\u017eitky se vzpom\u00edn\u00e1 dodnes. \u201eN\u011bkdy v\u00a0roce devades\u00e1t \u0161est nebo sedm jsme poslali d\u011bti na no\u010dn\u00ed bojovku p\u0159es Jizerky. Posb\u00edrala mi je horsk\u00e1 slu\u017eba a r\u00e1no n\u00e1m je p\u0159ivezla zp\u011bt.\u201c<\/p>\n<p>Petr se Severn\u00ed hv\u011bzd\u011b v\u011bnuje u\u017e skoro t\u0159icet let, po celou dobu s\u00a0nad\u0161en\u00edm a jako dobrovoln\u00edk. Jeho vytrvalost na mne d\u011bl\u00e1 velik\u00fd dojem. \u010casto se nadchneme pro dobrou v\u011bc. Ale jak dlouho u n\u00ed vydr\u017e\u00edme? Kolik z\u00a0n\u00e1s se systematicky v\u011bnuje dobrovoln\u00e9 pr\u00e1ci pro ostatn\u00ed t\u0159i desetilet\u00ed sv\u00e9ho \u017eivota?<\/p>\n","protected":false},"excerpt":{"rendered":"<p>Pathfinder je ten, kdo jde v\u017edy vp\u0159edu, aby na\u0161el cestu pro ty, kte\u0159\u00ed p\u016fjdou za n\u00edm. Ten, kdo si um\u00ed<\/p>\n","protected":false},"author":11,"featured_media":1188,"comment_status":"closed","ping_status":"closed","sticky":false,"template":"","format":"standard","meta":{"om_disable_all_campaigns":false,"_monsterinsights_skip_tracking":false,"_monsterinsights_sitenote_active":false,"_monsterinsights_sitenote_note":"","_monsterinsights_sitenote_category":0,"footnotes":""},"categories":[93],"tags":[],"aioseo_notices":[],"_links":{"self":[{"href":"https:\/\/lk.regionalnidobrovolnickecentrum.cz\/subdom\/lk\/wp-json\/wp\/v2\/posts\/1187"}],"collection":[{"href":"https:\/\/lk.regionalnidobrovolnickecentrum.cz\/subdom\/lk\/wp-json\/wp\/v2\/posts"}],"about":[{"href":"https:\/\/lk.regionalnidobrovolnickecentrum.cz\/subdom\/lk\/wp-json\/wp\/v2\/types\/post"}],"author":[{"embeddable":true,"href":"https:\/\/lk.regionalnidobrovolnickecentrum.cz\/subdom\/lk\/wp-json\/wp\/v2\/users\/11"}],"replies":[{"embeddable":true,"href":"https:\/\/lk.regionalnidobrovolnickecentrum.cz\/subdom\/lk\/wp-json\/wp\/v2\/comments?post=1187"}],"version-history":[{"count":1,"href":"https:\/\/lk.regionalnidobrovolnickecentrum.cz\/subdom\/lk\/wp-json\/wp\/v2\/posts\/1187\/revisions"}],"predecessor-version":[{"id":1193,"href":"https:\/\/lk.regionalnidobrovolnickecentrum.cz\/subdom\/lk\/wp-json\/wp\/v2\/posts\/1187\/revisions\/1193"}],"wp:featuredmedia":[{"embeddable":true,"href":"https:\/\/lk.regionalnidobrovolnickecentrum.cz\/subdom\/lk\/wp-json\/wp\/v2\/media\/1188"}],"wp:attachment":[{"href":"https:\/\/lk.regionalnidobrovolnickecentrum.cz\/subdom\/lk\/wp-json\/wp\/v2\/media?parent=1187"}],"wp:term":[{"taxonomy":"category","embeddable":true,"href":"https:\/\/lk.regionalnidobrovolnickecentrum.cz\/subdom\/lk\/wp-json\/wp\/v2\/categories?post=1187"},{"taxonomy":"post_tag","embeddable":true,"href":"https:\/\/lk.regionalnidobrovolnickecentrum.cz\/subdom\/lk\/wp-json\/wp\/v2\/tags?post=1187"}],"curies":[{"name":"wp","href":"https:\/\/api.w.org\/{rel}","templated":true}]}}