{"id":1259,"date":"2021-02-02T13:00:33","date_gmt":"2021-02-02T12:00:33","guid":{"rendered":"https:\/\/lk.regionalnidobrovolnickecentrum.cz\/subdom\/lk\/?p=1259"},"modified":"2021-02-04T11:24:57","modified_gmt":"2021-02-04T10:24:57","slug":"predstaveni-dobrovolnickeho-centra-adra-ceska-lipa","status":"publish","type":"post","link":"https:\/\/lk.regionalnidobrovolnickecentrum.cz\/subdom\/lk\/predstaveni-dobrovolnickeho-centra-adra-ceska-lipa\/","title":{"rendered":"P\u0159edstaven\u00ed Dobrovolnick\u00e9ho centra ADRA \u010cesk\u00e1 L\u00edpa"},"content":{"rendered":"<p>\u201eDo Dobrovolnick\u00e9ho centra ADRA v \u010cesk\u00e9 L\u00edp\u011b jsem poprv\u00e9 p\u0159i\u0161la v \u00fanoru 2012,\u201c vypr\u00e1v\u00ed Kate\u0159ina Hejdov\u00e1, dobrovolnice a koordin\u00e1torka kontaktn\u00ed kancel\u00e1\u0159e Region\u00e1ln\u00edho dobrovolnick\u00e9ho centra <a href=\"https:\/\/lk.regionalnidobrovolnickecentrum.cz\/subdom\/lk\/kontakty\/\">DOBROPOINT \u010cesk\u00e1 L\u00edpa<\/a>. <!--more-->\u201eBylo to pro m\u011b n\u00e1ro\u010dn\u00e9 obdob\u00ed. Vr\u00e1tila jsem se zp\u00e1tky do rodn\u00e9ho m\u011bsta, hledala jsem si pr\u00e1ci, m\u011bla jsem spoustu voln\u00e9ho \u010dasu a p\u0159i\u0161la jsem si neu\u017eite\u010dn\u00e1. ADRA mi nab\u00eddla p\u0159esn\u011b to, co jsem hledala. St\u00e1t se dobrovoln\u00edkem a pom\u00e1hat t\u011bm, kte\u0159\u00ed to pot\u0159ebuj\u00ed. Netu\u0161ila jsem, \u017ee \u010deskolipsk\u00e1 ADRA vznikla teprve t\u0159i roky p\u0159ed m\u00fdm p\u0159\u00edchodem.\u201c<\/p>\n<figure id=\"attachment_1276\" aria-describedby=\"caption-attachment-1276\" style=\"width: 209px\" class=\"wp-caption alignright\"><img loading=\"lazy\" decoding=\"async\" class=\"wp-image-1276\" src=\"https:\/\/lk.regionalnidobrovolnickecentrum.cz\/subdom\/lk\/wp-content\/uploads\/2021\/02\/KH_web.jpg\" alt=\"\" width=\"209\" height=\"244\" srcset=\"https:\/\/lk.regionalnidobrovolnickecentrum.cz\/subdom\/lk\/wp-content\/uploads\/2021\/02\/KH_web.jpg 300w, https:\/\/lk.regionalnidobrovolnickecentrum.cz\/subdom\/lk\/wp-content\/uploads\/2021\/02\/KH_web-257x300.jpg 257w\" sizes=\"(max-width: 209px) 100vw, 209px\" \/><figcaption id=\"caption-attachment-1276\" class=\"wp-caption-text\">Kate\u0159ina Hejdov\u00e1, koordin\u00e1torka kontaktn\u00ed kancel\u00e1\u0159e Region\u00e1ln\u00edho dobrovolnick\u00e9ho centra DOBROPOINT \u010cesk\u00e1 L\u00edpa<\/figcaption><\/figure>\n<p><a href=\"https:\/\/www.adra.cz\/dobrovolnictvi\/ceska-lipa\/o-nas\" target=\"_blank\" rel=\"noopener noreferrer\">Dobrovolnick\u00e9 centrum ADRA v \u010cesk\u00e9 L\u00edp\u011b<\/a> zalo\u017eil po dlouholet\u00e9m sna\u017een\u00ed v roce 2009 Petr M\u00e1\u0161ka. Dle jeho slov ho k jeho zalo\u017een\u00ed vedla hlavn\u011b hospod\u00e1\u0159sk\u00e1 krize a snaha pomoci nezam\u011bstnan\u00fdm. Jako prvn\u00ed tedy vzniklo Informa\u010dn\u00ed centrum pro rodiny ve finan\u010dn\u00ed t\u00edsni. O rok pozd\u011bji zalo\u017eil Petr M\u00e1\u0161ka ve spolupr\u00e1ci se dv\u011bma nezam\u011bstnan\u00fdmi skl\u00e1\u0159i z Crystalexu i Dobrovolnick\u00e9 centrum, kter\u00e9 m\u011blo u\u017e od po\u010d\u00e1tku platnou akreditaci.<\/p>\n<p>\u201eJ\u00e1 jsem se stala dobrovolnic\u00ed v&nbsp;Domov\u011b pro zdravotn\u011b posti\u017een\u00e9, kde nav\u0161t\u011bvuji klientku Maru\u0161ku \u2013 sv\u00e9r\u00e1znou \u017eenu st\u0159edn\u00edho v\u011bku, kter\u00e1 po d\u011btsk\u00e9 obrn\u011b skon\u010dila na voz\u00ed\u010dku. Bohu\u017eel trp\u00ed tak\u00e9 mnoha jin\u00fdmi zdravotn\u00edmi neduhy. Nav\u00edc je odtr\u017eena od rodiny, kter\u00e1 \u017eije p\u00e1r set kilometr\u016f odsud a s&nbsp;Maru\u0161kou udr\u017euje vztah pouze p\u0159es soci\u00e1ln\u00ed s\u00edt\u011b. Spole\u010dnost j\u00ed tedy p\u0159ijde vhod. Chod\u00edme spolu hlavn\u011b na proch\u00e1zky. A i kdy\u017e po\u010d\u00e1tky u Maru\u0161ky nebyly \u00fapln\u011b snadn\u00e9, za t\u011bch osm let jsme si na sebe zvykly a na\u0161e \u017eivoty se prov\u00e1zaly. D\u0159\u00edv byl \u010das i na ob\u010dasn\u00e9 n\u00e1v\u0161t\u011bvy divadel nebo koncert\u016f\u2026 Nyn\u00ed jsou moje n\u00e1v\u0161t\u011bvy vypln\u011bn\u00e9 sp\u00ed\u0161e rozhovory o tom, co se d\u011bje, i o tom, co ka\u017ed\u00e1 z&nbsp;n\u00e1s za\u017e\u00edv\u00e1. I to je d\u016fle\u017eit\u00e9. Pro n\u00e1s ob\u011b.\u201c<\/p>\n<p>&nbsp;<\/p>\n<h4>Dobrovoln\u00edci pom\u00e1haj\u00ed v nemocnici i v dom\u00e1cnostech senior\u016f<\/h4>\n<p>Petr Bergman, b\u00fdval\u00fd st\u0159edo\u0161kolsk\u00fd u\u010ditel, nyn\u00ed v&nbsp;d\u016fchodu, p\u016fsob\u00ed jako dobrovoln\u00edk v&nbsp;organizaci ADRA u\u017e des\u00e1t\u00fdm rokem. P\u0159es p\u011bt let tvo\u0159ili duo s&nbsp;panem Otou Vejskalem. Chodili spolu do \u010deskolipsk\u00e9 nemocnice, kde zp\u00edvali a hr\u00e1li na harmoniku pro pot\u011bchu pacient\u016f. Nyn\u00ed, v&nbsp;dob\u011b pandemie, u\u017e je do nemocnice nepust\u00ed. Proto za\u010dal pan Bergman chodit za jedn\u00edm seniorem dom\u016f. S b\u00fdval\u00fdm sportovcem, kter\u00fd b\u011b\u017en\u011b b\u011bhal maratony, si pov\u00edd\u00e1 o \u017eivot\u011b nebo o sportu a byst\u0159\u00ed jeho pozornost a pam\u011b\u0165 sv\u00fdmi kv\u00edzy. Na ot\u00e1zku, pro\u010d to d\u011bl\u00e1, odpov\u00edd\u00e1: \u201eLid\u00e9 jsou sami, je to pro n\u011b t\u011b\u017ek\u00e9, chci je rozveselit, aby aspo\u0148 na chv\u00edli p\u0159i\u0161li na jin\u00e9 my\u0161lenky.\u201c<\/p>\n<p>&nbsp;<\/p>\n<blockquote><p>\u201eLid\u00e9 jsou sami, je to pro n\u011b t\u011b\u017ek\u00e9, chci je rozveselit, aby aspo\u0148 na chv\u00edli p\u0159i\u0161li na jin\u00e9 my\u0161lenky.\u201c<\/p><\/blockquote>\n<p>&nbsp;<\/p>\n<h4>P\u0159i dou\u010dov\u00e1n\u00ed d\u011bt\u00ed je motivuj\u00edc\u00ed vid\u011bt v\u00fdsledky<\/h4>\n<p>Helena P\u0159ibylov\u00e1 je studentkou 4. ro\u010dn\u00edku \u010deskolipsk\u00e9ho gymn\u00e1zia a dou\u010duje d\u011bti v D\u011btsk\u00e9m domov\u011b angli\u010dtinu. Ze za\u010d\u00e1tku m\u011bla na starosti v\u00edce d\u011bt\u00ed, nyn\u00ed se v\u011bnuje on-line hlavn\u011b jedn\u00e9 d\u00edvce, kter\u00e1 m\u00e1 s angli\u010dtinou ve \u0161kole velk\u00e9 probl\u00e9my. Do domova chod\u00ed u\u017e dva roky, d\u011bti chv\u00e1l\u00ed. \u201eV\u00fdsledky jsou zn\u00e1t. D\u011bti se zlep\u0161uj\u00ed, co\u017e je pro m\u011b motivuj\u00edc\u00ed. Jsem r\u00e1da, kdy\u017e m\u016f\u017eu pomoct, m\u00e1m z toho dobr\u00fd pocit. Je to pro m\u011b smyslupln\u011b str\u00e1ven\u00fd voln\u00fd \u010das.\u201c<\/p>\n<p>&nbsp;<\/p>\n<blockquote><p>\u201eV\u00fdsledky jsou zn\u00e1t. D\u011bti se zlep\u0161uj\u00ed, co\u017e je pro m\u011b motivuj\u00edc\u00ed. Jsem r\u00e1da, kdy\u017e m\u016f\u017eu pomoct, m\u00e1m z&nbsp;toho dobr\u00fd pocit. Je to pro m\u011b smyslupln\u011b str\u00e1ven\u00fd voln\u00fd \u010das.\u201c&nbsp;<\/p><\/blockquote>\n<p>&nbsp;<\/p>\n<h4>\u00dasp\u011b\u0161n\u011b pracujeme na rozvoji dobrovolnictv\u00ed<\/h4>\n<figure id=\"attachment_1279\" aria-describedby=\"caption-attachment-1279\" style=\"width: 210px\" class=\"wp-caption alignright\"><img loading=\"lazy\" decoding=\"async\" class=\"wp-image-1279\" src=\"https:\/\/lk.regionalnidobrovolnickecentrum.cz\/subdom\/lk\/wp-content\/uploads\/2021\/02\/PM_web.jpg\" alt=\"\" width=\"210\" height=\"196\"><figcaption id=\"caption-attachment-1279\" class=\"wp-caption-text\">Petr M\u00e1\u0161ka, vedouc\u00ed Dobrovolnick\u00e9ho centra ADRA \u010cesk\u00e1 L\u00edpa<\/figcaption><\/figure>\n<p>Podobn\u00fdch p\u0159\u00edb\u011bh\u016f najdeme v&nbsp;\u010deskolipsk\u00e9m dobrovolnick\u00e9m centru des\u00edtky. V roce 2020 tu bylo evidovan\u00fdch 59 dlouhodob\u00fdch dobrovoln\u00edk\u016f, kte\u0159\u00ed se zapojili do pomoci ve 12 p\u0159ij\u00edmac\u00edch za\u0159\u00edzen\u00edch. Petr M\u00e1\u0161ka zmi\u0148uje tak\u00e9 dal\u0161\u00ed \u00fasp\u011bchy, kter\u00e9 se za jeden\u00e1ct let existence poda\u0159ily: ADRA&nbsp; roz\u0161\u00ed\u0159ila svou p\u016fsobnost po cel\u00e9m \u010ceskolipsku, finan\u010dn\u011b stabilizovat celou \u0159adu rodin (osobn\u00ed bankroty, ve\u0159ejn\u00e9 sb\u00edrky apod.) nebo se zapojit do pomoci v&nbsp;krizov\u00fdch situac\u00edch (p\u0159i povodn\u00edch v&nbsp;roce 2010 nebo v&nbsp;dob\u011b prvn\u00ed vlny pandemie). Za \u00fasp\u011bch Petr M\u00e1\u0161ka pova\u017euje i v\u00fdb\u011brov\u00e9 \u0159\u00edzen\u00ed na Region\u00e1ln\u00ed dobrovolnick\u00e9 centrum Libereck\u00e9ho kraje, ve kter\u00e9m \u010deskolipsk\u00e1 pobo\u010dka spolu s&nbsp;tou libereckou zv\u00edt\u011bzily, a nyn\u00ed mohou spole\u010dn\u011b pracovat na rozvoji konceptu propojov\u00e1n\u00ed dobrovoln\u00edk\u016f s&nbsp;p\u0159ij\u00edmac\u00edmi organizacemi v&nbsp;Libereck\u00e9m kraji. V\u00edce informac\u00ed o n\u00e1s najdete na <a href=\"http:\/\/www.adraceskalipa.cz\" target=\"_blank\" rel=\"noopener noreferrer\">www.adraceskalipa.cz<\/a>.<\/p>\n<p>&nbsp;<\/p>\n<p>&nbsp;<br \/>\n<iframe loading=\"lazy\" style=\"border: none;\" src=\"https:\/\/frame.mapy.cz\/s\/podevodumo\" width=\"700\" height=\"466\" frameborder=\"0\"><\/iframe><\/p>\n<p>&nbsp;<\/p>\n<p>&nbsp;<\/p>\n","protected":false},"excerpt":{"rendered":"<p>P\u0159e\u010dt\u011bte si o \u010deskolipsk\u00e9m dobrovolnick\u00e9m centru i o tom, co dobrovolnick\u00e1 pr\u00e1ce obn\u00e1\u0161\u00ed a jac\u00ed jsou samotn\u00ed dobrovoln\u00edci.<\/p>\n","protected":false},"author":1,"featured_media":1260,"comment_status":"closed","ping_status":"closed","sticky":false,"template":"","format":"standard","meta":{"om_disable_all_campaigns":false,"_monsterinsights_skip_tracking":false,"_monsterinsights_sitenote_active":false,"_monsterinsights_sitenote_note":"","_monsterinsights_sitenote_category":0,"footnotes":""},"categories":[93],"tags":[28],"aioseo_notices":[],"_links":{"self":[{"href":"https:\/\/lk.regionalnidobrovolnickecentrum.cz\/subdom\/lk\/wp-json\/wp\/v2\/posts\/1259"}],"collection":[{"href":"https:\/\/lk.regionalnidobrovolnickecentrum.cz\/subdom\/lk\/wp-json\/wp\/v2\/posts"}],"about":[{"href":"https:\/\/lk.regionalnidobrovolnickecentrum.cz\/subdom\/lk\/wp-json\/wp\/v2\/types\/post"}],"author":[{"embeddable":true,"href":"https:\/\/lk.regionalnidobrovolnickecentrum.cz\/subdom\/lk\/wp-json\/wp\/v2\/users\/1"}],"replies":[{"embeddable":true,"href":"https:\/\/lk.regionalnidobrovolnickecentrum.cz\/subdom\/lk\/wp-json\/wp\/v2\/comments?post=1259"}],"version-history":[{"count":13,"href":"https:\/\/lk.regionalnidobrovolnickecentrum.cz\/subdom\/lk\/wp-json\/wp\/v2\/posts\/1259\/revisions"}],"predecessor-version":[{"id":1285,"href":"https:\/\/lk.regionalnidobrovolnickecentrum.cz\/subdom\/lk\/wp-json\/wp\/v2\/posts\/1259\/revisions\/1285"}],"wp:featuredmedia":[{"embeddable":true,"href":"https:\/\/lk.regionalnidobrovolnickecentrum.cz\/subdom\/lk\/wp-json\/wp\/v2\/media\/1260"}],"wp:attachment":[{"href":"https:\/\/lk.regionalnidobrovolnickecentrum.cz\/subdom\/lk\/wp-json\/wp\/v2\/media?parent=1259"}],"wp:term":[{"taxonomy":"category","embeddable":true,"href":"https:\/\/lk.regionalnidobrovolnickecentrum.cz\/subdom\/lk\/wp-json\/wp\/v2\/categories?post=1259"},{"taxonomy":"post_tag","embeddable":true,"href":"https:\/\/lk.regionalnidobrovolnickecentrum.cz\/subdom\/lk\/wp-json\/wp\/v2\/tags?post=1259"}],"curies":[{"name":"wp","href":"https:\/\/api.w.org\/{rel}","templated":true}]}}