{"id":1300,"date":"2021-02-04T10:00:30","date_gmt":"2021-02-04T09:00:30","guid":{"rendered":"https:\/\/lk.regionalnidobrovolnickecentrum.cz\/subdom\/lk\/?p=1300"},"modified":"2021-02-12T10:25:54","modified_gmt":"2021-02-12T09:25:54","slug":"dobrovolnictvi-a-dobrovolnicke-programy-se-nyni-vyplati-mnohem-vice-podporit-diky-zmene-zakona","status":"publish","type":"post","link":"https:\/\/lk.regionalnidobrovolnickecentrum.cz\/subdom\/lk\/dobrovolnictvi-a-dobrovolnicke-programy-se-nyni-vyplati-mnohem-vice-podporit-diky-zmene-zakona\/","title":{"rendered":"Dobrovolnictv\u00ed a dobrovolnick\u00e9 programy se nyn\u00ed vyplat\u00ed mnohem v\u00edce podpo\u0159it d\u00edky zm\u011bn\u011b z\u00e1kona"},"content":{"rendered":"<p><strong>Zm\u011bna z\u00e1kona p\u0159in\u00e1\u0161\u00ed mo\u017enost sn\u00ed\u017een\u00ed da\u0148ov\u00e9ho z\u00e1kladu o hodnotu daru pro nest\u00e1tn\u00ed neziskov\u00e9 organizace. To znamen\u00e1, \u017ee d\u00e1rci a podporovatel\u00e9 jsou da\u0148ov\u011b zv\u00fdhodn\u011bni a\u017e do v\u00fd\u0161e 30 % hodnoty daru za zda\u0148ovac\u00ed obdob\u00ed 2020 a 2021. Jde o jedine\u010dn\u00fd a \u010dasov\u011b omezen\u00fd benefit, kter\u00fd se poda\u0159ilo prosadit v n\u00e1vaznosti na dopady pandemie Covid-19.<\/strong><!--more--><\/p>\n<p>D\u00e1rcovsk\u00e1 novela byla zve\u0159ejn\u011bna ve Sb\u00edrce z\u00e1kon\u016f (<a href=\"https:\/\/www.zakonyprolidi.cz\/cs\/2021-39\" target=\"_blank\" rel=\"noopener noreferrer\">Z\u00e1kon \u010d. 39\/2021 Sb.<\/a>) a ve\u0161la v&nbsp;\u00fa\u010dinnost dne 4. \u00fanora 2021 i d\u00edky iniciativ\u011b Asociace ve\u0159ejn\u011b prosp\u011b\u0161n\u00fdch organizac\u00ed \u010cR.<\/p>\n<p>Zv\u00fdhodn\u011bn\u00fd odpis lze uplatnit zp\u011btn\u011b, a letos to zase m\u016f\u017ee b\u00fdt pro n\u011bkter\u00e9 d\u00e1rce inspirace, aby ve sv\u00e9 podpo\u0159e navzdory ekonomick\u00e9mu propadu pokra\u010dovali. T\u00fdk\u00e1 se nejen firem, ale i fyzick\u00fdch osob a d\u00e1rc\u016f z \u0159ad zam\u011bstnanc\u016f.<\/p>\n<p>&nbsp;<\/p>\n<blockquote><p>\u201e<i>Jsme r\u00e1di, \u017ee novela dorazila v\u010das do c\u00edle a zv\u00fd\u0161en\u00fd da\u0148ov\u00fd odpis budou moci d\u00e1rci uplatnit ji\u017e za uplynul\u00fd rok. Pro neziskovky je to sou\u010dasn\u011b start k&nbsp;tomu, aby za\u010daly intenzivn\u011b oslovovat sv\u00e9 dosavadn\u00ed i potenci\u00e1ln\u00ed d\u00e1rce a informovali je o tom, \u017ee tento benefit budou moci vyu\u017e\u00edt i pro dary poskytnut\u00e9 b\u011bhem leto\u0161n\u00edho roku. V\u011b\u0159\u00edm, \u017ee i d\u00edky tomuto impulsu budou firmy v&nbsp;soci\u00e1ln\u011b zodpov\u011bdn\u00e9 politice pokra\u010dovat, navzdory ekonomick\u00e9mu propadu a obav\u00e1m z&nbsp;budoucnosti<\/i>,\u201c uvedl prezident Asociace ve\u0159ejn\u011b prosp\u011b\u0161n\u00fdch organizac\u00ed \u010cR Marek \u0160ediv\u00fd.<\/p><\/blockquote>\n<p>&nbsp;<\/p>\n<p>Zam\u011bstnanci mohou uplatnit poskytnut\u00fd dar pro sn\u00ed\u017een\u00ed dan\u011b z&nbsp;p\u0159\u00edjm\u016f za rok 2020 a 2021 nejpozd\u011bji do poloviny \u00fanora a to za cel\u00fd p\u0159edchoz\u00ed rok. Sta\u010d\u00ed p\u0159edat \u00fa\u010dt\u00e1rn\u011b potvrzen\u00ed vydan\u00e9 p\u0159\u00edjemcem daru, kter\u00e9 obsahuje identifikaci d\u00e1rce, zejm\u00e9na jm\u00e9no a p\u0159\u00edjmen\u00ed, datum narozen\u00ed, datum p\u0159ijet\u00ed daru obdarovan\u00fdm a hodnotu a \u00fa\u010del daru.<\/p>\n<p>Pr\u00e1vnick\u00e9 osoby jej uplatn\u00ed p\u0159i pod\u00e1n\u00ed da\u0148ov\u00e9ho p\u0159izn\u00e1n\u00ed na z\u00e1klad\u011b potvrzen\u00ed obsahuj\u00edc\u00edho identifikaci d\u00e1rce, zejm\u00e9na n\u00e1zev, adresu, I\u010c, datum p\u0159ijet\u00ed daru obdarovan\u00fdm, hodnotu a \u00fa\u010del daru.<\/p>\n<p>Dar mus\u00ed b\u00fdt poskytnut a p\u0159\u00edjemcem v&nbsp;budoucnu vyu\u017eit na \u00fa\u010dely dan\u00e9 z\u00e1konem o dan\u00edch z p\u0159\u00edjm\u016f, nap\u0159. na v\u011bdu a vzd\u011bl\u00e1v\u00e1n\u00ed, kulturu, sport, soci\u00e1ln\u00ed, zdravotnick\u00e9, charitativn\u00ed a humanit\u00e1rn\u00ed \u00fa\u010dely atd.<\/p>\n<p>Dal\u0161\u00ed informace a jednoduch\u00fd n\u00e1vod pro d\u00e1rce si p\u0159e\u010dt\u011bte na webu <a href=\"https:\/\/www.avpo.cz\/darcovska-novela-byla-zverejnena-ve-sbirce-zakonu\/\" target=\"_blank\" rel=\"noopener noreferrer\">Asociace ve\u0159ejn\u011b prosp\u011b\u0161n\u00fdch organizac\u00ed \u010cR<\/a>.<\/p>\n<p>&nbsp;<\/p>\n<p>&nbsp;<\/p>\n","protected":false},"excerpt":{"rendered":"<p>D\u00e1rci a podporovatel\u00e9 neziskov\u00fdch organizac\u00ed jsou da\u0148ov\u011b zv\u00fdhodn\u011bni a\u017e do v\u00fd\u0161e 30 % hodnoty daru za zda\u0148ovac\u00ed obdob\u00ed 2020 a 2021. Jde o \u010dasov\u011b omezen\u00fd benefit v n\u00e1vaznosti na dopady pandemie Covid-19.<\/p>\n","protected":false},"author":1,"featured_media":1301,"comment_status":"closed","ping_status":"closed","sticky":false,"template":"","format":"standard","meta":{"om_disable_all_campaigns":false,"_monsterinsights_skip_tracking":false,"_monsterinsights_sitenote_active":false,"_monsterinsights_sitenote_note":"","_monsterinsights_sitenote_category":0,"footnotes":""},"categories":[2],"tags":[],"aioseo_notices":[],"_links":{"self":[{"href":"https:\/\/lk.regionalnidobrovolnickecentrum.cz\/subdom\/lk\/wp-json\/wp\/v2\/posts\/1300"}],"collection":[{"href":"https:\/\/lk.regionalnidobrovolnickecentrum.cz\/subdom\/lk\/wp-json\/wp\/v2\/posts"}],"about":[{"href":"https:\/\/lk.regionalnidobrovolnickecentrum.cz\/subdom\/lk\/wp-json\/wp\/v2\/types\/post"}],"author":[{"embeddable":true,"href":"https:\/\/lk.regionalnidobrovolnickecentrum.cz\/subdom\/lk\/wp-json\/wp\/v2\/users\/1"}],"replies":[{"embeddable":true,"href":"https:\/\/lk.regionalnidobrovolnickecentrum.cz\/subdom\/lk\/wp-json\/wp\/v2\/comments?post=1300"}],"version-history":[{"count":3,"href":"https:\/\/lk.regionalnidobrovolnickecentrum.cz\/subdom\/lk\/wp-json\/wp\/v2\/posts\/1300\/revisions"}],"predecessor-version":[{"id":1305,"href":"https:\/\/lk.regionalnidobrovolnickecentrum.cz\/subdom\/lk\/wp-json\/wp\/v2\/posts\/1300\/revisions\/1305"}],"wp:featuredmedia":[{"embeddable":true,"href":"https:\/\/lk.regionalnidobrovolnickecentrum.cz\/subdom\/lk\/wp-json\/wp\/v2\/media\/1301"}],"wp:attachment":[{"href":"https:\/\/lk.regionalnidobrovolnickecentrum.cz\/subdom\/lk\/wp-json\/wp\/v2\/media?parent=1300"}],"wp:term":[{"taxonomy":"category","embeddable":true,"href":"https:\/\/lk.regionalnidobrovolnickecentrum.cz\/subdom\/lk\/wp-json\/wp\/v2\/categories?post=1300"},{"taxonomy":"post_tag","embeddable":true,"href":"https:\/\/lk.regionalnidobrovolnickecentrum.cz\/subdom\/lk\/wp-json\/wp\/v2\/tags?post=1300"}],"curies":[{"name":"wp","href":"https:\/\/api.w.org\/{rel}","templated":true}]}}