{"id":1306,"date":"2021-02-10T10:00:10","date_gmt":"2021-02-10T09:00:10","guid":{"rendered":"https:\/\/lk.regionalnidobrovolnickecentrum.cz\/subdom\/lk\/?p=1306"},"modified":"2021-05-27T15:15:32","modified_gmt":"2021-05-27T13:15:32","slug":"v-ceske-lipe-zahajil-svou-cinnost-dobropoint","status":"publish","type":"post","link":"https:\/\/lk.regionalnidobrovolnickecentrum.cz\/subdom\/lk\/v-ceske-lipe-zahajil-svou-cinnost-dobropoint\/","title":{"rendered":"V \u010cesk\u00e9 L\u00edp\u011b zah\u00e1jil svou \u010dinnost Dobropoint"},"content":{"rendered":"<p><strong>Region\u00e1ln\u00ed dobrovolnick\u00e9 centrum Libereck\u00e9ho kraje roz\u0161\u00ed\u0159ilo za\u010d\u00e1tkem roku 2021 svou \u010dinnost do oblasti \u010ceskolipska. V \u00fanoru zde bylo pro ve\u0159ejnost otev\u0159eno m\u00edsto na podporu dobrovoln\u00edk\u016f, tzv. Dobropoint. Region\u00e1ln\u00ed dobrovolnick\u00e9 centrum ji\u017e 10 m\u011bs\u00edc\u016f rozv\u00edj\u00ed sv\u00e9 aktivity v Libereck\u00e9m regionu a Dobropoint v \u010cesk\u00e9 L\u00edp\u011b je dal\u0161\u00edm z krok\u016f, jak dobrovolnictv\u00ed podpo\u0159it a v\u00edce zp\u0159\u00edstupnit.<\/strong><!--more--><\/p>\n<h4>&nbsp;<\/h4>\n<h4>Jak m\u016f\u017ee Dobropoint \u010cesk\u00e1 L\u00edpa pomoci?<\/h4>\n<p>C\u00edlem je podpo\u0159it rozvoj dobrovolnick\u00e9 \u010dinnosti na \u010ceskolipsku, vytvo\u0159it s\u00ed\u0165 dobrovolnick\u00fdch organizac\u00ed, vytvo\u0159it jednotn\u00fd syst\u00e9m popt\u00e1vky a nab\u00eddky v oblasti dobrovolnick\u00e9 \u010dinnosti a pomoc s p\u0159\u00edpravou koordin\u00e1tor\u016f dobrovoln\u00edk\u016f.<\/p>\n<p>Z\u00e1jemc\u016fm o dobrovolnictv\u00ed porad\u00edme, jak a kde se mohou zapojit.<\/p>\n<p>Organizac\u00edm poskytneme pot\u0159ebnou podporu propaga\u010dn\u00ed formou, formou \u0161kolen\u00ed dobrovoln\u00edk\u016f, zprost\u0159edkov\u00e1n\u00edm vzd\u011bl\u00e1vac\u00edch akc\u00ed nebo <a href=\"https:\/\/lk.regionalnidobrovolnickecentrum.cz\/subdom\/lk\/poradna\/\">odborn\u00e9ho poradenstv\u00ed<\/a>\u202fv\u202foblasti dobrovolnictv\u00ed.<\/p>\n<p>O aktu\u00e1ln\u00edch nab\u00eddk\u00e1ch budeme informovat na <a href=\"https:\/\/lk.regionalnidobrovolnickecentrum.cz\/subdom\/lk\/\">webov\u00fdch str\u00e1nk\u00e1ch<\/a> i na soci\u00e1ln\u00edch s\u00edt\u00edch (<a href=\"https:\/\/www.facebook.com\/dobrovkraji\/\">Facebook<\/a> a <a href=\"https:\/\/www.instagram.com\/dobro_v_kraji\/\">Instagram<\/a>). C\u00edlem Dobropointu je rovn\u011b\u017e informovat o aktu\u00e1ln\u00ed situaci v dobrovolnictv\u00ed na \u010ceskolipsku.<\/p>\n<p>Jsme otev\u0159eni spolupr\u00e1ci jak s\u202fneziskov\u00fdmi organizacemi, tak s p\u0159\u00edsp\u011bvkov\u00fdmi organizacemi i\u202fobcemi.<\/p>\n<p>&nbsp;<\/p>\n<h4>Kam se obr\u00e1tit?<\/h4>\n<p>Chcete se st\u00e1t dobrovoln\u00edkem a pom\u00e1hat na \u010ceskolipsku?<\/p>\n<p>Jste organizace, kter\u00e1 by r\u00e1da vyu\u017eila dobrovoln\u00edky podle z\u00e1kona \u010d. 198\/2002 Sb. o dobrovolnick\u00e9 slu\u017eb\u011b?<\/p>\n<p>Chcete b\u00fdt informov\u00e1ni o mo\u017enostech \u0161kolen\u00ed a vzd\u011bl\u00e1v\u00e1n\u00ed v oblasti dobrovolnictv\u00ed?<\/p>\n<p><strong>Ozv\u011bte se n\u00e1m!<\/strong> Napi\u0161te e-mail na <a href=\"mailto:dobropoint@adra.cz\">dobropoint@adra.cz<\/a> nebo zavolejte koordin\u00e1torce Dobropointu Kate\u0159in\u011b Hejdov\u00e9 na telefonn\u00ed \u010d\u00edslo <b>739\u202f451\u202f372<\/b>. M\u016f\u017eete se tak\u00e9 za n\u00e1mi p\u0159ij\u00edt pod\u00edvat do kancel\u00e1\u0159e v\u202fpobo\u010dce organizace ADRA (\u010cs. arm\u00e1dy 1578, \u010cesk\u00e1 L\u00edpa) <strong>ka\u017ed\u00fd p\u00e1tek od 9:00 do 11:00 hodin<\/strong>.<\/p>\n<p><strong><a href=\"https:\/\/lk.regionalnidobrovolnickecentrum.cz\/subdom\/lk\/wp-content\/uploads\/2021\/05\/Letak_RDC_Liberecky_kraj_Dobropoint.pdf\" target=\"_blank\" rel=\"noopener\">Informa\u010dn\u00ed let\u00e1k<\/a><\/strong> (PDF ke sta\u017een\u00ed)<\/p>\n<p>&nbsp;<\/p>\n<p>&nbsp;<br \/>\n<iframe loading=\"lazy\" style=\"border: none;\" src=\"https:\/\/frame.mapy.cz\/s\/lovugulaco\" width=\"700\" height=\"466\" frameborder=\"0\"><\/iframe><\/p>\n<p>&nbsp;<\/p>\n<p>&nbsp;<\/p>\n","protected":false},"excerpt":{"rendered":"<p>Region\u00e1ln\u00ed dobrovolnick\u00e9 centrum Libereck\u00e9ho kraje roz\u0161\u00ed\u0159ilo svou \u010dinnost do oblasti \u010ceskolipska a otev\u0159elo zde m\u00edsto na podporu dobrovoln\u00edk\u016f &#8211; Dobropoint.<\/p>\n","protected":false},"author":1,"featured_media":1307,"comment_status":"closed","ping_status":"closed","sticky":false,"template":"","format":"standard","meta":{"om_disable_all_campaigns":false,"_monsterinsights_skip_tracking":false,"_monsterinsights_sitenote_active":false,"_monsterinsights_sitenote_note":"","_monsterinsights_sitenote_category":0,"footnotes":""},"categories":[2],"tags":[106],"aioseo_notices":[],"_links":{"self":[{"href":"https:\/\/lk.regionalnidobrovolnickecentrum.cz\/subdom\/lk\/wp-json\/wp\/v2\/posts\/1306"}],"collection":[{"href":"https:\/\/lk.regionalnidobrovolnickecentrum.cz\/subdom\/lk\/wp-json\/wp\/v2\/posts"}],"about":[{"href":"https:\/\/lk.regionalnidobrovolnickecentrum.cz\/subdom\/lk\/wp-json\/wp\/v2\/types\/post"}],"author":[{"embeddable":true,"href":"https:\/\/lk.regionalnidobrovolnickecentrum.cz\/subdom\/lk\/wp-json\/wp\/v2\/users\/1"}],"replies":[{"embeddable":true,"href":"https:\/\/lk.regionalnidobrovolnickecentrum.cz\/subdom\/lk\/wp-json\/wp\/v2\/comments?post=1306"}],"version-history":[{"count":4,"href":"https:\/\/lk.regionalnidobrovolnickecentrum.cz\/subdom\/lk\/wp-json\/wp\/v2\/posts\/1306\/revisions"}],"predecessor-version":[{"id":1699,"href":"https:\/\/lk.regionalnidobrovolnickecentrum.cz\/subdom\/lk\/wp-json\/wp\/v2\/posts\/1306\/revisions\/1699"}],"wp:featuredmedia":[{"embeddable":true,"href":"https:\/\/lk.regionalnidobrovolnickecentrum.cz\/subdom\/lk\/wp-json\/wp\/v2\/media\/1307"}],"wp:attachment":[{"href":"https:\/\/lk.regionalnidobrovolnickecentrum.cz\/subdom\/lk\/wp-json\/wp\/v2\/media?parent=1306"}],"wp:term":[{"taxonomy":"category","embeddable":true,"href":"https:\/\/lk.regionalnidobrovolnickecentrum.cz\/subdom\/lk\/wp-json\/wp\/v2\/categories?post=1306"},{"taxonomy":"post_tag","embeddable":true,"href":"https:\/\/lk.regionalnidobrovolnickecentrum.cz\/subdom\/lk\/wp-json\/wp\/v2\/tags?post=1306"}],"curies":[{"name":"wp","href":"https:\/\/api.w.org\/{rel}","templated":true}]}}