{"id":1313,"date":"2021-02-17T22:43:29","date_gmt":"2021-02-17T21:43:29","guid":{"rendered":"https:\/\/lk.regionalnidobrovolnickecentrum.cz\/subdom\/lk\/?p=1313"},"modified":"2021-03-15T08:21:51","modified_gmt":"2021-03-15T07:21:51","slug":"projekt-seniori-v-krajich-se-zabyva-i-dobrovolnictvim","status":"publish","type":"post","link":"https:\/\/lk.regionalnidobrovolnickecentrum.cz\/subdom\/lk\/projekt-seniori-v-krajich-se-zabyva-i-dobrovolnictvim\/","title":{"rendered":"Projekt Senio\u0159i v kraj\u00edch se zab\u00fdv\u00e1 i dobrovolnictv\u00edm"},"content":{"rendered":"<p>Sou\u010dasn\u00e1 situace je pro v\u0161echny velmi n\u00e1ro\u010dn\u00e1, a proto je velmi d\u016fle\u017eit\u00e9 zam\u011b\u0159it svou pozornost na skupinu obyvatel, kter\u00e1 je nejzraniteln\u011bj\u0161\u00ed, a to\u00a0nejen z\u00a0d\u016fvodu hrozby n\u00e1kazy, ale p\u0159edev\u0161\u00edm z d\u016fvodu soci\u00e1ln\u00ed izolace.<\/p>\n<p>Inici\u00e1torem projektu Senio\u0159i v kraj\u00edch \u2013 Implementace politiky st\u00e1rnut\u00ed na krajskou \u00farove\u0148 je Ministerstvo pr\u00e1ce a soci\u00e1ln\u00edch v\u011bc\u00ed \u010cR. Projekt se kon\u00e1 na podporu a roz\u0161\u00ed\u0159en\u00ed politiky p\u0159\u00edpravy na st\u00e1rnut\u00ed nap\u0159\u00ed\u010d \u010cR, 2017\u20132020. C\u00edlem projektu je za\u010dlenit agendu p\u0159\u00edpravy na st\u00e1rnut\u00ed do st\u00e1vaj\u00edc\u00edch strategick\u00fdch a rozvojov\u00fdch dokument\u016f kraj\u016f a z\u00e1rove\u0148 napom\u00e1hat pln\u011bn\u00ed.<\/p>\n<p>Projekt Implementace politiky st\u00e1rnut\u00ed na krajskou \u00farove\u0148\u00a0 \u2013 Senio\u0159i v kraj\u00edch (@seniorivkrajich) vytvo\u0159il deset d\u00edl\u016f vzd\u011bl\u00e1vac\u00edch, tematick\u00fdch videoklip\u016f. Ty maj\u00ed za \u00fakol informovat ve\u0159ejnost o probl\u00e9mech nejen star\u0161\u00ed generace. Videospoty odpov\u00eddaj\u00ed na ot\u00e1zky v oblasti p\u00e9\u010de o seniora v rodin\u011b, seniorsk\u00e9 ob\u00e1lky (I.C.E. karta), st\u00e1rnut\u00ed ve zdrav\u00ed, dobrovolnictv\u00ed, age managementu, n\u00e1sil\u00ed na seniorech, mezigenera\u010dn\u00edmu sou\u017eit\u00ed, ve\u0159ejn\u00e9mu prostoru i nap\u0159\u00edklad nyn\u00ed velmi aktu\u00e1ln\u00ed kyberbezpe\u010dnosti. Kr\u00e1tk\u00e9 animovan\u00e9 klipy jsou ur\u010den\u00e9 lidem v\u0161em generac\u00ed.<\/p>\n<p>Videa najdete na Youtube kan\u00e1lu Senio\u0159i v kraj\u00edch <a href=\"https:\/\/www.youtube.com\/channel\/UCJtArtCw_4lpncFwtPX0HFQ\">zde<\/a> a jsou se\u0159azen\u00e1 do playlistu. To znamen\u00e1, \u017ee po spu\u0161t\u011bn\u00ed jdou za sebou. Videospoty jsou ur\u010den\u00e9 k voln\u00e9mu \u0161\u00ed\u0159en\u00ed a tv\u016frci v\u011b\u0159\u00ed, \u017ee mohou mnoha lidem pomoci.<\/p>\n<p><em>\u201cPros\u00edme proto o jejich \u0161\u00ed\u0159en\u00ed, a to skrz televizn\u00ed obrazovky a monitory na \u00fa\u0159adech, \u010dek\u00e1rn\u00e1ch l\u00e9ka\u0159e, autobusech MHD i mezim\u011bstsk\u00fdch, p\u0159i besed\u00e1ch, v seniorsk\u00fdch domech, skupin\u00e1ch i ve \u0161kol\u00e1ch a tak d\u00e1le. Prom\u00edtat je lze zdarma. Kdo by pot\u0159eboval m\u00edt videospoty sta\u017een\u00e9 \u2013 fyzicky v po\u010d\u00edta\u010di \u010di flash disku, nev\u00e1hejte napsat sv\u00e9mu krajsk\u00e9mu koordin\u00e1torovi. R\u00e1di v\u00e1m je poskytneme,\u201d<\/em> \u0159\u00edk\u00e1 za projekt Politiky st\u00e1rnut\u00ed na krajskou \u00farove\u0148 jeho gestorka Michaela Vodr\u00e1\u017ekov\u00e1.<\/p>\n<p>Kontakty na jednotliv\u00e9 krajsk\u00e9 koordin\u00e1tory naleznete na webu v z\u00e1lo\u017ece Mapa \u010cR <a href=\"https:\/\/seniorivkrajich.mpsv.cz\/mapa-cr\/\">zde<\/a>. Videospoty v\u0161ak nemaj\u00ed jen vzd\u011bl\u00e1vat a \u0161\u00ed\u0159it osv\u011btu nap\u0159\u00ed\u010d generacemi, ale i pobavit.<\/p>\n<p>David Pelt\u00e1n, PR projektu Senio\u0159i v kraj\u00edch<\/p>\n","protected":false},"excerpt":{"rendered":"<p>Sou\u010dasn\u00e1 situace je pro v\u0161echny velmi n\u00e1ro\u010dn\u00e1, a proto je velmi d\u016fle\u017eit\u00e9 zam\u011b\u0159it svou pozornost na skupinu obyvatel, kter\u00e1 je<\/p>\n","protected":false},"author":11,"featured_media":1316,"comment_status":"closed","ping_status":"closed","sticky":false,"template":"","format":"standard","meta":{"om_disable_all_campaigns":false,"_monsterinsights_skip_tracking":false,"_monsterinsights_sitenote_active":false,"_monsterinsights_sitenote_note":"","_monsterinsights_sitenote_category":0,"footnotes":""},"categories":[5],"tags":[],"aioseo_notices":[],"_links":{"self":[{"href":"https:\/\/lk.regionalnidobrovolnickecentrum.cz\/subdom\/lk\/wp-json\/wp\/v2\/posts\/1313"}],"collection":[{"href":"https:\/\/lk.regionalnidobrovolnickecentrum.cz\/subdom\/lk\/wp-json\/wp\/v2\/posts"}],"about":[{"href":"https:\/\/lk.regionalnidobrovolnickecentrum.cz\/subdom\/lk\/wp-json\/wp\/v2\/types\/post"}],"author":[{"embeddable":true,"href":"https:\/\/lk.regionalnidobrovolnickecentrum.cz\/subdom\/lk\/wp-json\/wp\/v2\/users\/11"}],"replies":[{"embeddable":true,"href":"https:\/\/lk.regionalnidobrovolnickecentrum.cz\/subdom\/lk\/wp-json\/wp\/v2\/comments?post=1313"}],"version-history":[{"count":1,"href":"https:\/\/lk.regionalnidobrovolnickecentrum.cz\/subdom\/lk\/wp-json\/wp\/v2\/posts\/1313\/revisions"}],"predecessor-version":[{"id":1314,"href":"https:\/\/lk.regionalnidobrovolnickecentrum.cz\/subdom\/lk\/wp-json\/wp\/v2\/posts\/1313\/revisions\/1314"}],"wp:featuredmedia":[{"embeddable":true,"href":"https:\/\/lk.regionalnidobrovolnickecentrum.cz\/subdom\/lk\/wp-json\/wp\/v2\/media\/1316"}],"wp:attachment":[{"href":"https:\/\/lk.regionalnidobrovolnickecentrum.cz\/subdom\/lk\/wp-json\/wp\/v2\/media?parent=1313"}],"wp:term":[{"taxonomy":"category","embeddable":true,"href":"https:\/\/lk.regionalnidobrovolnickecentrum.cz\/subdom\/lk\/wp-json\/wp\/v2\/categories?post=1313"},{"taxonomy":"post_tag","embeddable":true,"href":"https:\/\/lk.regionalnidobrovolnickecentrum.cz\/subdom\/lk\/wp-json\/wp\/v2\/tags?post=1313"}],"curies":[{"name":"wp","href":"https:\/\/api.w.org\/{rel}","templated":true}]}}