{"id":1335,"date":"2021-03-02T14:10:53","date_gmt":"2021-03-02T13:10:53","guid":{"rendered":"https:\/\/lk.regionalnidobrovolnickecentrum.cz\/subdom\/lk\/?p=1335"},"modified":"2021-05-13T15:26:20","modified_gmt":"2021-05-13T13:26:20","slug":"dobrovolnictvi-v-dobe-pandemie","status":"publish","type":"post","link":"https:\/\/lk.regionalnidobrovolnickecentrum.cz\/subdom\/lk\/dobrovolnictvi-v-dobe-pandemie\/","title":{"rendered":"Dobrovolnictv\u00ed v dob\u011b pandemie"},"content":{"rendered":"<p class=\"Standard\">Zde p\u0159in\u00e1\u0161\u00edme souhrnn\u00e9 stanovisko ministerstev k zapojen\u00ed dobrovoln\u00edk\u016f v dob\u011b pandemie.<!--more--><\/p>\n<p class=\"Standard\"><a href=\"https:\/\/lk.regionalnidobrovolnickecentrum.cz\/subdom\/lk\/wp-content\/uploads\/2021\/03\/NOVA-VERZE-Souhrnn\u00e9-stanovisko-DOBRO-COVID.pdf\">NOVA VERZE Souhrnn\u00e9 stanovisko DOBRO COVID<\/a><\/p>\n<p>Mimo jin\u00e9 se v n\u011bm p\u00ed\u0161e:<\/p>\n<p class=\"Standard\"><strong>Dobrovoln\u00edci v soci\u00e1ln\u00edch slu\u017eb\u00e1ch<\/strong><\/p>\n<p class=\"Standard\">V p\u0159\u00edpad\u011b sou\u010dasn\u00e9 situace v dob\u011b pandemie COVID-19 a s ohledem na usnesen\u00ed vl\u00e1dy \u010cR ze dne 12. \u0159\u00edjna 2020 \u010d. 1028, mohou soci\u00e1ln\u00ed slu\u017eby minimalizovat prov\u00e1d\u011bn\u00ed z\u00e1kladn\u00edch \u010dinnost\u00ed, a to v nezbytn\u00e9 m\u00ed\u0159e s c\u00edlem zaji\u0161t\u011bn\u00ed ochrany \u017eivota a zdrav\u00ed osob. Je tedy mo\u017en\u00e9, aby \u010dinnosti podp\u016frn\u00e9 \u010di \u010dinnosti, kter\u00e9 by z d\u016fvodu omezen\u00ed nebyly poskytov\u00e1ny, vykon\u00e1vali dobrovoln\u00edci. Rozsah t\u00e9to podp\u016frn\u00e9 \u010dinnosti si m\u016f\u017ee stanovit poskytovatel s\u00e1m na z\u00e1klad\u011b person\u00e1ln\u00edch mo\u017enost\u00ed zaji\u0161t\u011bn\u00ed slu\u017eby a pot\u0159eb klient\u016f.<\/p>\n<p class=\"Standard\">V r\u00e1mci soci\u00e1ln\u00edch slu\u017eeb tak jsou standardn\u011b vyu\u017e\u00edv\u00e1ni dobrovoln\u00edci dle z\u00e1kona o dobrovolnick\u00e9 slu\u017eb\u011b, av\u0161ak postup mimo akreditovan\u00fd re\u017eim, tud\u00ed\u017e mimo p\u016fsobnost z\u00e1kona o dobrovolnick\u00e9 slu\u017eb\u011b, je za spln\u011bn\u00ed ur\u010dit\u00fdch podm\u00ednek tak\u00e9 mo\u017en\u00fd.<\/p>\n<p class=\"Standard\"><strong>Dobrovoln\u00edci ve zdravotnictv\u00ed<\/strong><\/p>\n<p class=\"Standard\">Zdravotn\u00edk se nem\u016f\u017ee st\u00e1t dobrovoln\u00edkem. Zdravotn\u00edk, kter\u00fd m\u00e1 v sou\u010dasn\u00e9 dob\u011b z\u00e1jem vypom\u00e1hat, mus\u00ed b\u00fdt v pracovn\u011bpr\u00e1vn\u00edm nebo obdobn\u00e9m vztahu k poskytovateli zdravotn\u00edch slu\u017eeb (viz \u00a7 18 odst. 2 p\u00edsm. a) bod 4 z\u00e1kona \u010d. 372\/2011Sb., o zdravotn\u00edch slu\u017eb\u00e1ch a podm\u00ednk\u00e1ch jejich poskytov\u00e1n\u00ed, ve zn\u011bn\u00ed pozd\u011bj\u0161\u00edch p\u0159edpis\u016f). Osoba, kter\u00e1 m\u00e1 z\u00e1jem vykon\u00e1vat dobrovolnictv\u00ed ve zdravotn\u00edch slu\u017eb\u00e1ch m\u016f\u017ee zast\u00e1vat pouze pomocn\u00e9 funkce, nap\u0159. pomoc s \u00faklidem, administrativn\u00ed \u010dinnost apod. P\u0159\u00edpadn\u011b se m\u016f\u017ee jednat o laickou \u010dinnost.<\/p>\n<p class=\"Standard\"><strong>Dota\u010dn\u00ed programy<\/strong><\/p>\n<p class=\"Standard\"><strong>Ministerstvo vnitra<\/strong><\/p>\n<p class=\"Standard\">Dotace m\u016f\u017ee b\u00fdt poskytnuta pouze t\u011bm organizac\u00edm, kter\u00fdm byla ud\u011blena akreditace na projekt nebo program dle ustanoven\u00ed \u00a7 6 odst. 2 z\u00e1kona o dobrovolnick\u00e9 slu\u017eb\u011b, a to pouze na kryt\u00ed v\u00fd\u0161e uveden\u00fdch polo\u017eek v tomto akreditovan\u00e9m projektu \u010di programu.<\/p>\n<p class=\"Standard\">Organizaci, kter\u00e1 nem\u00e1 ud\u011blenou akreditaci dle z\u00e1kona o dobrovolnick\u00e9 slu\u017eb\u011b, nem\u016f\u017ee b\u00fdt st\u00e1tn\u00ed \u00fa\u010delov\u00e1 dotace na rozvoj dobrovolnick\u00e9 slu\u017eby poskytnuta.<\/p>\n<p class=\"Standard\">Poskytnut\u00e1 dotace nem\u016f\u017ee b\u00fdt vyu\u017eita na jin\u00e9 aktivity, ne\u017e ty, kter\u00e9 jsou sou\u010d\u00e1st\u00ed akreditovan\u00e9ho projektu\/programu, na kter\u00fd byla dotace poskytnuta.<\/p>\n<p class=\"Standard\"><strong>Ministerstvo pr\u00e1ce a soci\u00e1ln\u00edch v\u011bc\u00ed<\/strong><\/p>\n<p class=\"Standard\">Pro tento rok nem\u00e1 Ministerstvo pr\u00e1ce a soci\u00e1ln\u00edch v\u011bc\u00ed vypsan\u00e9 ji\u017e \u017e\u00e1dn\u00e9 dota\u010dn\u00ed programy, ve kter\u00fdch by poskytovatel soci\u00e1ln\u00edch slu\u017eeb mohl podat \u017e\u00e1dost napodporu dobrovolnictv\u00ed, ale podpora dobrovolnictv\u00ed b\u011bhem roku 2020 z dota\u010dn\u00edch program\u016f MPSV mo\u017en\u00e1 byla.<\/p>\n<p class=\"Standard\">MPSV bude soci\u00e1ln\u00ed slu\u017eby (v\u010detn\u011b n\u00e1klad\u016f na dobrovolnictv\u00ed) podporovat i v roce 2021. Konkr\u00e9tn\u00ed podoba podpory bude reflektovat v\u00fdvoj epidemiologick\u00e9 situace a re\u00e1lnou pot\u0159ebu v soci\u00e1ln\u00edch slu\u017eb\u00e1ch.<\/p>\n<p class=\"Standard\"><strong>Ministerstvo zdravotnictv\u00ed<\/strong><\/p>\n<p class=\"Standard\">Ze strany MZ do\u0161lo v souvislosti s epidemi\u00ed COVID-19 k vyhl\u00e1\u0161en\u00ed dvou mimo\u0159\u00e1dn\u00fdch dota\u010dn\u00edch program\u016f, a to na mimo\u0159\u00e1dn\u00e9 finan\u010dn\u00ed ohodnocen\u00ed zdravotnick\u00fdch pracovn\u00edk\u016f v soci\u00e1ln\u00edch slu\u017eb\u00e1ch a na mimo\u0159\u00e1dn\u00e9 finan\u010dn\u00ed ohodnocen\u00ed zam\u011bstnanc\u016f poskytovatel\u016f l\u016f\u017ekov\u00e9 p\u00e9\u010de<\/p>\n<p class=\"Standard\">&nbsp;<\/p>\n","protected":false},"excerpt":{"rendered":"<p>Souhrnn\u00e9 stanovisko ministerstev k zapojen\u00ed dobrovoln\u00edk\u016f ve zdravotnictv\u00ed a dobrovoln\u00edk\u016f v soci\u00e1ln\u00edch slu\u017eb\u00e1ch v dob\u011b pandemie.<\/p>\n","protected":false},"author":11,"featured_media":1337,"comment_status":"closed","ping_status":"closed","sticky":false,"template":"","format":"standard","meta":{"om_disable_all_campaigns":false,"_monsterinsights_skip_tracking":false,"_monsterinsights_sitenote_active":false,"_monsterinsights_sitenote_note":"","_monsterinsights_sitenote_category":0,"footnotes":""},"categories":[2],"tags":[],"aioseo_notices":[],"_links":{"self":[{"href":"https:\/\/lk.regionalnidobrovolnickecentrum.cz\/subdom\/lk\/wp-json\/wp\/v2\/posts\/1335"}],"collection":[{"href":"https:\/\/lk.regionalnidobrovolnickecentrum.cz\/subdom\/lk\/wp-json\/wp\/v2\/posts"}],"about":[{"href":"https:\/\/lk.regionalnidobrovolnickecentrum.cz\/subdom\/lk\/wp-json\/wp\/v2\/types\/post"}],"author":[{"embeddable":true,"href":"https:\/\/lk.regionalnidobrovolnickecentrum.cz\/subdom\/lk\/wp-json\/wp\/v2\/users\/11"}],"replies":[{"embeddable":true,"href":"https:\/\/lk.regionalnidobrovolnickecentrum.cz\/subdom\/lk\/wp-json\/wp\/v2\/comments?post=1335"}],"version-history":[{"count":6,"href":"https:\/\/lk.regionalnidobrovolnickecentrum.cz\/subdom\/lk\/wp-json\/wp\/v2\/posts\/1335\/revisions"}],"predecessor-version":[{"id":1651,"href":"https:\/\/lk.regionalnidobrovolnickecentrum.cz\/subdom\/lk\/wp-json\/wp\/v2\/posts\/1335\/revisions\/1651"}],"wp:featuredmedia":[{"embeddable":true,"href":"https:\/\/lk.regionalnidobrovolnickecentrum.cz\/subdom\/lk\/wp-json\/wp\/v2\/media\/1337"}],"wp:attachment":[{"href":"https:\/\/lk.regionalnidobrovolnickecentrum.cz\/subdom\/lk\/wp-json\/wp\/v2\/media?parent=1335"}],"wp:term":[{"taxonomy":"category","embeddable":true,"href":"https:\/\/lk.regionalnidobrovolnickecentrum.cz\/subdom\/lk\/wp-json\/wp\/v2\/categories?post=1335"},{"taxonomy":"post_tag","embeddable":true,"href":"https:\/\/lk.regionalnidobrovolnickecentrum.cz\/subdom\/lk\/wp-json\/wp\/v2\/tags?post=1335"}],"curies":[{"name":"wp","href":"https:\/\/api.w.org\/{rel}","templated":true}]}}