{"id":1575,"date":"2021-01-30T11:00:39","date_gmt":"2021-01-30T10:00:39","guid":{"rendered":"https:\/\/lk.regionalnidobrovolnickecentrum.cz\/subdom\/lk\/?p=1575"},"modified":"2021-05-06T11:28:21","modified_gmt":"2021-05-06T09:28:21","slug":"adra-zacala-pomahat-take-s-registraci-na-ockovani-proti-covid-19","status":"publish","type":"post","link":"https:\/\/lk.regionalnidobrovolnickecentrum.cz\/subdom\/lk\/adra-zacala-pomahat-take-s-registraci-na-ockovani-proti-covid-19\/","title":{"rendered":"ADRA za\u010dala pom\u00e1hat tak\u00e9 s registrac\u00ed na o\u010dkov\u00e1n\u00ed proti Covid-19"},"content":{"rendered":"<p>Region\u00e1ln\u00ed televize RTM plus v&nbsp;lednu 2021 nato\u010dila a vys\u00edlala report\u00e1\u017e o tom, jak humanit\u00e1rn\u00ed organizace ADRA pom\u00e1h\u00e1 osam\u011bl\u00fdm senior\u016fm v&nbsp;komplikovan\u00e9 dob\u011b \u0161\u00ed\u0159en\u00ed nemoci Covid-19.<!--more--><\/p>\n<p>Michal \u010can\u010d\u00edk, vedouc\u00ed Dobrovolnick\u00e9ho centra ADRA Liberec, p\u0159edstavil slu\u017ebu, kter\u00e1 je zam\u011b\u0159ena na pomoc s&nbsp;registrac\u00ed na o\u010dkov\u00e1n\u00ed proti Covid-19.<\/p>\n<p>&nbsp;<\/p>\n<div style=\"width: 800px;\" class=\"wp-video\"><!--[if lt IE 9]><script>document.createElement('video');<\/script><![endif]-->\n<video class=\"wp-video-shortcode\" id=\"video-1575-1\" width=\"800\" height=\"450\" preload=\"metadata\" controls=\"controls\"><source type=\"video\/mp4\" src=\"https:\/\/lk.regionalnidobrovolnickecentrum.cz\/subdom\/lk\/wp-content\/uploads\/2021\/05\/ADRA-zacala-pomahat-take-s-registraci-k-ockovani.mp4?_=1\" \/><a href=\"https:\/\/lk.regionalnidobrovolnickecentrum.cz\/subdom\/lk\/wp-content\/uploads\/2021\/05\/ADRA-zacala-pomahat-take-s-registraci-k-ockovani.mp4\">https:\/\/lk.regionalnidobrovolnickecentrum.cz\/subdom\/lk\/wp-content\/uploads\/2021\/05\/ADRA-zacala-pomahat-take-s-registraci-k-ockovani.mp4<\/a><\/video><\/div>\n<p>&nbsp;<\/p>\n<p>Nab\u00eddka plat\u00ed zejm\u00e9na pro seniory a osoby zdravotn\u011b posti\u017een\u00e9 z&nbsp;Turnova a okol\u00ed, kter\u00e9 \u017eij\u00ed osam\u011ble, nemaj\u00ed p\u0159\u00edstup k&nbsp;internetu nebo si s&nbsp;registrac\u00ed nev\u011bd\u00ed rady.<\/p>\n<p>Lid\u00e9 mohou pro pomoc zavolat na zvl\u00e1\u0161tn\u00ed linku 728 967 609, a to ka\u017ed\u00fd v\u0161edn\u00ed den od 9:00 do 15:00 hodin. Zde se koordin\u00e1torkou domluv\u00ed na v\u0161em pot\u0159ebn\u00e9m a nejpozd\u011bji do druh\u00e9ho dne mohou o\u010dek\u00e1vat vy\u0159\u00edzen\u00ed. Pro \u017e\u00e1dost o pomoc lze tak\u00e9 vyu\u017e\u00edt kontaktn\u00edho a informa\u010dn\u00edho m\u00edsta um\u00edst\u011bn\u00e9ho v&nbsp;prostor\u00e1ch Charitativn\u00edho obchodu v&nbsp;N\u00e1dra\u017en\u00ed ulici 1130 v&nbsp;Turnov\u011b.<\/p>\n<p>Krom\u011b pomoci s registrac\u00ed na o\u010dkov\u00e1n\u00ed ADRA zprost\u0159edkuje zaji\u0161t\u011bn\u00ed n\u00e1kup\u016f potravin, l\u00e9k\u016f a hygienick\u00fdch pot\u0159eb. Obr\u00e1tit se na ni m\u016f\u017eete ale i v p\u0159\u00edpad\u011b, \u017ee pot\u0159ebujete poradit \u010di z\u00edskat informace. C\u00edlem slu\u017eby je pomoci p\u0159eklenout slo\u017eit\u00e9 a nep\u0159ehledn\u00e9 obdob\u00ed nouzov\u00e9ho stavu, p\u0159ekonat obavy a zajistit z\u00e1kladn\u00ed pot\u0159eby.<\/p>\n<p><img loading=\"lazy\" decoding=\"async\" class=\" wp-image-1578 alignright\" src=\"https:\/\/lk.regionalnidobrovolnickecentrum.cz\/subdom\/lk\/wp-content\/uploads\/2021\/05\/logo-LK.jpg\" alt=\"\" width=\"219\" height=\"108\">N\u00e1kupy a pomoc registrac\u00ed zaji\u0161\u0165uj\u00ed speci\u00e1ln\u011b vy\u0161kolen\u00ed a vybaven\u00ed dobrovoln\u00edci, kte\u0159\u00ed dbaj\u00ed na zachov\u00e1n\u00ed v\u0161ech pot\u0159ebn\u00fdch proticovidov\u00fdch opat\u0159en\u00ed. Slu\u017eba je bezplatn\u00e1.<\/p>\n<p>Slu\u017ebu poskytovanou v&nbsp;obdob\u00ed ledna a \u00fanora 2021 ze sv\u00e9ho rozpo\u010dtu finan\u010dn\u011b podpo\u0159il Libereck\u00fd kraj.<\/p>\n<p><a href=\"https:\/\/lk.regionalnidobrovolnickecentrum.cz\/subdom\/lk\/wp-content\/uploads\/2021\/05\/Liberecky-kraj_ADRA_verze-2.pdf\" target=\"_blank\" rel=\"noopener\">Informa\u010dn\u00ed let\u00e1k<\/a> (PDF ke sta\u017een\u00ed)<\/p>\n<p>&nbsp;<\/p>\n<p><img loading=\"lazy\" decoding=\"async\" class=\"size-full wp-image-1579 aligncenter\" src=\"https:\/\/lk.regionalnidobrovolnickecentrum.cz\/subdom\/lk\/wp-content\/uploads\/2021\/05\/Liberecky-kraj_ADRA_letak_web.jpg\" alt=\"\" width=\"800\" height=\"566\" srcset=\"https:\/\/lk.regionalnidobrovolnickecentrum.cz\/subdom\/lk\/wp-content\/uploads\/2021\/05\/Liberecky-kraj_ADRA_letak_web.jpg 800w, https:\/\/lk.regionalnidobrovolnickecentrum.cz\/subdom\/lk\/wp-content\/uploads\/2021\/05\/Liberecky-kraj_ADRA_letak_web-300x212.jpg 300w, https:\/\/lk.regionalnidobrovolnickecentrum.cz\/subdom\/lk\/wp-content\/uploads\/2021\/05\/Liberecky-kraj_ADRA_letak_web-768x543.jpg 768w\" sizes=\"(max-width: 800px) 100vw, 800px\" \/><\/p>\n<p>&nbsp;<\/p>\n","protected":false},"excerpt":{"rendered":"<p>Region\u00e1ln\u00ed televize RTM plus v\u00a0lednu 2021 nato\u010dila a vys\u00edlala report\u00e1\u017e o tom, jak humanit\u00e1rn\u00ed organizace ADRA pom\u00e1h\u00e1 osam\u011bl\u00fdm senior\u016fm v\u00a0komplikovan\u00e9 dob\u011b \u0161\u00ed\u0159en\u00ed nemoci Covid-19.<\/p>\n","protected":false},"author":1,"featured_media":1576,"comment_status":"closed","ping_status":"closed","sticky":false,"template":"","format":"standard","meta":{"om_disable_all_campaigns":false,"_monsterinsights_skip_tracking":false,"_monsterinsights_sitenote_active":false,"_monsterinsights_sitenote_note":"","_monsterinsights_sitenote_category":0,"footnotes":""},"categories":[2],"tags":[],"aioseo_notices":[],"_links":{"self":[{"href":"https:\/\/lk.regionalnidobrovolnickecentrum.cz\/subdom\/lk\/wp-json\/wp\/v2\/posts\/1575"}],"collection":[{"href":"https:\/\/lk.regionalnidobrovolnickecentrum.cz\/subdom\/lk\/wp-json\/wp\/v2\/posts"}],"about":[{"href":"https:\/\/lk.regionalnidobrovolnickecentrum.cz\/subdom\/lk\/wp-json\/wp\/v2\/types\/post"}],"author":[{"embeddable":true,"href":"https:\/\/lk.regionalnidobrovolnickecentrum.cz\/subdom\/lk\/wp-json\/wp\/v2\/users\/1"}],"replies":[{"embeddable":true,"href":"https:\/\/lk.regionalnidobrovolnickecentrum.cz\/subdom\/lk\/wp-json\/wp\/v2\/comments?post=1575"}],"version-history":[{"count":1,"href":"https:\/\/lk.regionalnidobrovolnickecentrum.cz\/subdom\/lk\/wp-json\/wp\/v2\/posts\/1575\/revisions"}],"predecessor-version":[{"id":1580,"href":"https:\/\/lk.regionalnidobrovolnickecentrum.cz\/subdom\/lk\/wp-json\/wp\/v2\/posts\/1575\/revisions\/1580"}],"wp:featuredmedia":[{"embeddable":true,"href":"https:\/\/lk.regionalnidobrovolnickecentrum.cz\/subdom\/lk\/wp-json\/wp\/v2\/media\/1576"}],"wp:attachment":[{"href":"https:\/\/lk.regionalnidobrovolnickecentrum.cz\/subdom\/lk\/wp-json\/wp\/v2\/media?parent=1575"}],"wp:term":[{"taxonomy":"category","embeddable":true,"href":"https:\/\/lk.regionalnidobrovolnickecentrum.cz\/subdom\/lk\/wp-json\/wp\/v2\/categories?post=1575"},{"taxonomy":"post_tag","embeddable":true,"href":"https:\/\/lk.regionalnidobrovolnickecentrum.cz\/subdom\/lk\/wp-json\/wp\/v2\/tags?post=1575"}],"curies":[{"name":"wp","href":"https:\/\/api.w.org\/{rel}","templated":true}]}}