{"id":1663,"date":"2021-05-21T10:28:29","date_gmt":"2021-05-21T08:28:29","guid":{"rendered":"https:\/\/lk.regionalnidobrovolnickecentrum.cz\/subdom\/lk\/?p=1663"},"modified":"2021-05-21T13:05:04","modified_gmt":"2021-05-21T11:05:04","slug":"ceskolipske-skautske-stredisko-retez-slavi-100-let","status":"publish","type":"post","link":"https:\/\/lk.regionalnidobrovolnickecentrum.cz\/subdom\/lk\/ceskolipske-skautske-stredisko-retez-slavi-100-let\/","title":{"rendered":"\u010ceskolipsk\u00e9 skautsk\u00e9 st\u0159edisko \u0158et\u011bz slav\u00ed 100 let!"},"content":{"rendered":"<p><strong>&#8220;Ve skautu jde hlavn\u011b o p\u0159\u00e1telstv\u00ed, vznikaj\u00ed tu pevn\u00e1 kamar\u00e1dstv\u00ed na cel\u00fd \u017eivot. Je to spojen\u00e9 s nejr\u016fzn\u011bj\u0161\u00edmi z\u00e1\u017eitky, akcemi a v\u00fdpravami, s letn\u00edmi t\u00e1bory, kde se toho d\u011bti spoustu nau\u010d\u00ed, ale kde se hlavn\u011b pobav\u00ed a nasm\u011bj\u00ed,&#8221; vysv\u011btluje Gugi (Kate\u0159ina Ros\u00e1kov\u00e1), se kterou jsem si o \u010deskolipsk\u00e9m st\u0159edisku a o skautu obecn\u011b pov\u00eddala.<\/strong><!--more--><\/p>\n<p>Skautem si pro\u0161lo u\u017e n\u011bkolik generac\u00ed. Z n\u011bkter\u00fdch d\u011bt\u00ed se stali vedouc\u00ed, z jin\u00fdch jsou rodi\u010de nebo prarodi\u010de, kte\u0159\u00ed na skauting r\u00e1di vzpom\u00ednaj\u00ed a cht\u011bj\u00ed, aby tyto zku\u0161enosti na\u010derpali i jejich potomci.<\/p>\n<figure id=\"attachment_1670\" aria-describedby=\"caption-attachment-1670\" style=\"width: 245px\" class=\"wp-caption alignright\"><img loading=\"lazy\" decoding=\"async\" class=\"wp-image-1670 \" src=\"https:\/\/lk.regionalnidobrovolnickecentrum.cz\/subdom\/lk\/wp-content\/uploads\/2021\/05\/IMG_20200911_190705-300x226.jpg\" alt=\"\" width=\"245\" height=\"184\" srcset=\"https:\/\/lk.regionalnidobrovolnickecentrum.cz\/subdom\/lk\/wp-content\/uploads\/2021\/05\/IMG_20200911_190705-300x226.jpg 300w, https:\/\/lk.regionalnidobrovolnickecentrum.cz\/subdom\/lk\/wp-content\/uploads\/2021\/05\/IMG_20200911_190705-1024x770.jpg 1024w, https:\/\/lk.regionalnidobrovolnickecentrum.cz\/subdom\/lk\/wp-content\/uploads\/2021\/05\/IMG_20200911_190705-768x577.jpg 768w, https:\/\/lk.regionalnidobrovolnickecentrum.cz\/subdom\/lk\/wp-content\/uploads\/2021\/05\/IMG_20200911_190705-1536x1155.jpg 1536w, https:\/\/lk.regionalnidobrovolnickecentrum.cz\/subdom\/lk\/wp-content\/uploads\/2021\/05\/IMG_20200911_190705-2048x1540.jpg 2048w\" sizes=\"(max-width: 245px) 100vw, 245px\" \/><figcaption id=\"caption-attachment-1670\" class=\"wp-caption-text\">Utu\u017eov\u00e1n\u00ed p\u0159\u00e1telstv\u00ed spole\u010dn\u00fdmi z\u00e1\u017eitky<\/figcaption><\/figure>\n<p>\u010ceskolipsk\u00fd skaut \u010d\u00edt\u00e1 neuv\u011b\u0159iteln\u00fdch 97 d\u011bt\u00ed rozd\u011blen\u00fdch do 6 odd\u00edl\u016f a dru\u017ein dle v\u011bku a schopnost\u00ed. Nejmlad\u0161\u00ed sv\u011btlu\u0161ky a vl\u010data za\u010d\u00ednaj\u00ed u\u017e v 6 letech. Sv\u016fj odd\u00edl maj\u00ed ale i dosp\u011bl\u00ed. Skupina rover\u016f zase spojuje star\u0161\u00ed ml\u00e1de\u017e a dosp\u011bl\u00e9 ze v\u0161ech odd\u00edl\u016f, kte\u0159\u00ed organizuj\u00ed spole\u010dn\u00e9 akce a v\u00fdpravy. \u010ceskolipsk\u00fd skaut sdru\u017euje kolem 30 dobrovoln\u00edk\u016f, kte\u0159\u00ed nev\u00e1haj\u00ed v\u011bnovat sv\u016fj \u010das z\u00e1bav\u011b a v\u00fdchov\u011b d\u011bt\u00ed. Pokud zapo\u010d\u00edt\u00e1me je\u0161t\u011b ty, kte\u0159\u00ed vypom\u00e1haj\u00ed p\u0159i chodu t\u00e1bor\u016f, po\u010det dobrovoln\u00edk\u016f se vy\u0161plh\u00e1 a\u017e k 45 lidem. Gugi, dvaadvacetilet\u00e1 asistentka pedagoga na z\u00e1kladn\u00ed \u0161kole,\u00a0 vysv\u011btluje jejich motivaci: &#8220;Nechci mluvit za v\u0161echny, ale v\u011bt\u0161ina z n\u00e1s, kte\u0159\u00ed jsme ve skautu vyr\u016fstali, bereme skauting jako sou\u010d\u00e1st na\u0161eho \u017eivota. N\u011bco, co z n\u00e1s ud\u011blalo takov\u00e9 lidi, kter\u00fdmi jsme, a chceme nab\u00eddnout stejn\u011b kr\u00e1sn\u00e9 d\u011btstv\u00ed a dosp\u00edv\u00e1n\u00ed dal\u0161\u00edm generac\u00edm.&#8221;<\/p>\n<p>&nbsp;<\/p>\n<h2>Zaveden\u00e9 principy se nem\u011bn\u00ed<\/h2>\n<figure id=\"attachment_1668\" aria-describedby=\"caption-attachment-1668\" style=\"width: 273px\" class=\"wp-caption alignleft\"><img loading=\"lazy\" decoding=\"async\" class=\"wp-image-1668 \" src=\"https:\/\/lk.regionalnidobrovolnickecentrum.cz\/subdom\/lk\/wp-content\/uploads\/2021\/05\/IMG_2986-300x225.jpg\" alt=\"\" width=\"273\" height=\"205\" srcset=\"https:\/\/lk.regionalnidobrovolnickecentrum.cz\/subdom\/lk\/wp-content\/uploads\/2021\/05\/IMG_2986-300x225.jpg 300w, https:\/\/lk.regionalnidobrovolnickecentrum.cz\/subdom\/lk\/wp-content\/uploads\/2021\/05\/IMG_2986-1024x768.jpg 1024w, https:\/\/lk.regionalnidobrovolnickecentrum.cz\/subdom\/lk\/wp-content\/uploads\/2021\/05\/IMG_2986-768x576.jpg 768w, https:\/\/lk.regionalnidobrovolnickecentrum.cz\/subdom\/lk\/wp-content\/uploads\/2021\/05\/IMG_2986-1536x1152.jpg 1536w, https:\/\/lk.regionalnidobrovolnickecentrum.cz\/subdom\/lk\/wp-content\/uploads\/2021\/05\/IMG_2986-2048x1536.jpg 2048w\" sizes=\"(max-width: 273px) 100vw, 273px\" \/><figcaption id=\"caption-attachment-1668\" class=\"wp-caption-text\">Skautsk\u00fd t\u00e1bor\u00e1k<\/figcaption><\/figure>\n<p>Skaut m\u00e1 u\u017e od sv\u00e9ho zalo\u017een\u00ed st\u00e1lou strukturu a \u0159\u00e1d a ani v dne\u0161n\u00ed dob\u011b se zaveden\u00e1 pravidla nem\u011bn\u00ed. Ze sv\u011btlu\u0161ek a vl\u010dat se st\u00e1vaj\u00ed skautky a skauti, ti se pak mohou st\u00e1t v patn\u00e1cti letech r\u00e1dkyn\u011bmi a r\u00e1dci a v\u00e9st vlastn\u00ed dru\u017einu d\u011bt\u00ed s pomoc\u00ed vedouc\u00edch, kter\u00fdm je u\u017e v\u00edce ne\u017e osmn\u00e1ct let. V\u0161echny dru\u017einy se setk\u00e1vaj\u00ed jednou t\u00fddn\u011b na hodinu a p\u016fl. V tomto \u010dase se d\u011bti u\u010d\u00ed skautsk\u00e9 principy a z\u00e1kony, u\u010d\u00ed se v\u00e1zat uzly, znalost morseovky a jin\u00fdch \u0161ifer. Pozn\u00e1vaj\u00ed p\u0159\u00edrodu, zv\u00ed\u0159ata, rostliny a tvo\u0159\u00ed si k n\u00ed kladn\u00fd vztah. U\u010d\u00ed se rozd\u011bl\u00e1vat ohe\u0148, sekat d\u0159evo, postavit si p\u0159\u00edst\u0159e\u0161ek, tak\u00e9 hraj\u00ed pohybov\u00e9, motorick\u00e9, znalostn\u00ed i komunika\u010dn\u00ed hry nebo n\u011bco vyr\u00e1b\u00ed a r\u00e1dy si i n\u011bco zazp\u00edvaj\u00ed.<\/p>\n<figure id=\"attachment_1665\" aria-describedby=\"caption-attachment-1665\" style=\"width: 300px\" class=\"wp-caption alignright\"><img loading=\"lazy\" decoding=\"async\" class=\"wp-image-1665 size-medium\" src=\"https:\/\/lk.regionalnidobrovolnickecentrum.cz\/subdom\/lk\/wp-content\/uploads\/2021\/05\/DSC03989-300x199.jpg\" alt=\"\" width=\"300\" height=\"199\" srcset=\"https:\/\/lk.regionalnidobrovolnickecentrum.cz\/subdom\/lk\/wp-content\/uploads\/2021\/05\/DSC03989-300x199.jpg 300w, https:\/\/lk.regionalnidobrovolnickecentrum.cz\/subdom\/lk\/wp-content\/uploads\/2021\/05\/DSC03989-1024x681.jpg 1024w, https:\/\/lk.regionalnidobrovolnickecentrum.cz\/subdom\/lk\/wp-content\/uploads\/2021\/05\/DSC03989-768x511.jpg 768w, https:\/\/lk.regionalnidobrovolnickecentrum.cz\/subdom\/lk\/wp-content\/uploads\/2021\/05\/DSC03989-1536x1021.jpg 1536w, https:\/\/lk.regionalnidobrovolnickecentrum.cz\/subdom\/lk\/wp-content\/uploads\/2021\/05\/DSC03989-2048x1362.jpg 2048w\" sizes=\"(max-width: 300px) 100vw, 300px\" \/><figcaption id=\"caption-attachment-1665\" class=\"wp-caption-text\">P\u0159ipraveny na pu\u0165\u00e1k!<\/figcaption><\/figure>\n<p>Gugi za\u010dala skautovat p\u0159ed 14 lety. Nyn\u00ed\u00a0 jezd\u00ed jako vedouc\u00ed na letn\u00ed \u010dtrn\u00e1ctidenn\u00ed t\u00e1bor, kde m\u00e1 na starosti hlavn\u011b tv\u016fr\u010d\u00ed a hudebn\u00ed aktivity, pom\u00e1h\u00e1 se sch\u016fzkami u sv\u011btlu\u0161ek nebo skautek a tak\u00e9\u00a0 pravideln\u011b p\u00ed\u0161e o historii st\u0159ediska do \u010deskolipsk\u00fdch M\u011bstsk\u00fdch novin a i-novin. Potvrzuje, \u017ee principy a n\u00e1pl\u0148 ve skautu jsou t\u00e9m\u011b\u0159 nem\u011bnn\u00e9, i kdy\u017e&#8230; i v dob\u011b pandemie? Gugi\u00a0 k tomu \u0159\u00edk\u00e1: &#8220;Kdo by si p\u0159ed dvaceti lety pomyslel, \u017ee si d\u011bti budou d\u011blat pozn\u00e1va\u010dku rostlin online p\u0159es webkameru nebo si budou po m\u011bst\u011b schov\u00e1vat putovn\u00ed den\u00edk, proto\u017ee si ho nem\u016f\u017eou p\u0159edat osobn\u011b. V dob\u011b covidov\u00e9 je to prost\u011b jin\u00e9, n\u011bkter\u00e9 dru\u017einy maj\u00ed online sch\u016fzky, n\u011bkter\u00e9 pos\u00edlaj\u00ed d\u011btem \u00fakoly, kter\u00e9 mohou p\u0159es t\u00fdden vyplnit, n\u011bkter\u00e9 dru\u017einy \u010dekaj\u00ed na osobn\u00ed setk\u00e1n\u00ed. Je to v\u0161e p\u0159\u00edmo \u00fam\u011brn\u00e9 schopnostem, mo\u017enost\u00ed komunikace a v\u011bku d\u011bt\u00ed. &#8221;<\/p>\n<p>&nbsp;<\/p>\n<h2>Aktivity a pl\u00e1ny<\/h2>\n<figure id=\"attachment_1666\" aria-describedby=\"caption-attachment-1666\" style=\"width: 199px\" class=\"wp-caption alignleft\"><img loading=\"lazy\" decoding=\"async\" class=\"wp-image-1666 size-medium\" src=\"https:\/\/lk.regionalnidobrovolnickecentrum.cz\/subdom\/lk\/wp-content\/uploads\/2021\/05\/DSCF0427-199x300.jpg\" alt=\"\" width=\"199\" height=\"300\" srcset=\"https:\/\/lk.regionalnidobrovolnickecentrum.cz\/subdom\/lk\/wp-content\/uploads\/2021\/05\/DSCF0427-199x300.jpg 199w, https:\/\/lk.regionalnidobrovolnickecentrum.cz\/subdom\/lk\/wp-content\/uploads\/2021\/05\/DSCF0427-678x1024.jpg 678w, https:\/\/lk.regionalnidobrovolnickecentrum.cz\/subdom\/lk\/wp-content\/uploads\/2021\/05\/DSCF0427-768x1160.jpg 768w, https:\/\/lk.regionalnidobrovolnickecentrum.cz\/subdom\/lk\/wp-content\/uploads\/2021\/05\/DSCF0427-1017x1536.jpg 1017w, https:\/\/lk.regionalnidobrovolnickecentrum.cz\/subdom\/lk\/wp-content\/uploads\/2021\/05\/DSCF0427-1356x2048.jpg 1356w, https:\/\/lk.regionalnidobrovolnickecentrum.cz\/subdom\/lk\/wp-content\/uploads\/2021\/05\/DSCF0427-scaled.jpg 1695w\" sizes=\"(max-width: 199px) 100vw, 199px\" \/><figcaption id=\"caption-attachment-1666\" class=\"wp-caption-text\">Betl\u00e9msk\u00e9 sv\u011btlo<\/figcaption><\/figure>\n<p>Skauti rozd\u00e1vaj\u00ed Betl\u00e9msk\u00e9 sv\u011btlo v obdob\u00ed V\u00e1noc, ukl\u00edz\u00ed odpadky v parc\u00edch \u010cesk\u00e9 L\u00edpy, b\u011bhem covid krize rozn\u00e1\u0161eli let\u00e1ky pro pomoc senior\u016fm a Gugiin odd\u00edl se tak\u00e9 zapojuje do charitativn\u00ed sb\u00edrky Krabice od bot, kter\u00e1 se zam\u011b\u0159uje na chud\u00e9 rodiny s d\u011btmi. Nyn\u00ed by \u010deskolip\u0161t\u00ed skauti r\u00e1di oslavili sv\u00fdch 100 let od zalo\u017een\u00ed, a tak pro ve\u0159ejnost chystaj\u00ed Skautskou m\u0161i v kostele, v\u00fdstavu a k\u0159est nov\u011b napsan\u00e9ho Almanachu, prom\u00edt\u00e1n\u00ed skautsk\u00fdch film\u016f a besedu s oldskauty. \u010cek\u00e1 se u\u017e jen na uvoln\u011bn\u00ed proticovidov\u00fdch opat\u0159en\u00ed.<\/p>\n<p>S otazn\u00edkem z\u016fst\u00e1v\u00e1 i pl\u00e1novan\u00fd letn\u00ed t\u00e1bor, kter\u00fd je v\u017edy pova\u017eov\u00e1n za vyvrcholen\u00ed uplynul\u00e9 sez\u00f3ny. V\u0161ichni se na n\u011bj t\u011b\u0161\u00ed. Dr\u017eme palce, a\u0165 se t\u00e1bor uskute\u010dn\u00ed a tak\u00e9 a\u0165 mohou \u010deskolip\u0161t\u00ed skauti d\u016fstojn\u011b oslavit sv\u00e9 kr\u00e1sn\u00e9 100. jubileum!<\/p>\n<p>V\u00edce informac\u00ed o organizaci najdete <a href=\"https:\/\/retez.skauting.cz\/\">zde<\/a>.<\/p>\n<p>&nbsp;<\/p>\n<p>&nbsp;<\/p>\n","protected":false},"excerpt":{"rendered":"<p>&#8220;Ve skautu jde hlavn\u011b o p\u0159\u00e1telstv\u00ed, vznikaj\u00ed tu pevn\u00e1 kamar\u00e1dstv\u00ed na cel\u00fd \u017eivot. Je to spojen\u00e9 s nejr\u016fzn\u011bj\u0161\u00edmi z\u00e1\u017eitky, akcemi<\/p>\n","protected":false},"author":20,"featured_media":1669,"comment_status":"closed","ping_status":"closed","sticky":false,"template":"","format":"standard","meta":{"om_disable_all_campaigns":false,"_monsterinsights_skip_tracking":false,"_monsterinsights_sitenote_active":false,"_monsterinsights_sitenote_note":"","_monsterinsights_sitenote_category":0,"footnotes":""},"categories":[93],"tags":[],"aioseo_notices":[],"_links":{"self":[{"href":"https:\/\/lk.regionalnidobrovolnickecentrum.cz\/subdom\/lk\/wp-json\/wp\/v2\/posts\/1663"}],"collection":[{"href":"https:\/\/lk.regionalnidobrovolnickecentrum.cz\/subdom\/lk\/wp-json\/wp\/v2\/posts"}],"about":[{"href":"https:\/\/lk.regionalnidobrovolnickecentrum.cz\/subdom\/lk\/wp-json\/wp\/v2\/types\/post"}],"author":[{"embeddable":true,"href":"https:\/\/lk.regionalnidobrovolnickecentrum.cz\/subdom\/lk\/wp-json\/wp\/v2\/users\/20"}],"replies":[{"embeddable":true,"href":"https:\/\/lk.regionalnidobrovolnickecentrum.cz\/subdom\/lk\/wp-json\/wp\/v2\/comments?post=1663"}],"version-history":[{"count":10,"href":"https:\/\/lk.regionalnidobrovolnickecentrum.cz\/subdom\/lk\/wp-json\/wp\/v2\/posts\/1663\/revisions"}],"predecessor-version":[{"id":1682,"href":"https:\/\/lk.regionalnidobrovolnickecentrum.cz\/subdom\/lk\/wp-json\/wp\/v2\/posts\/1663\/revisions\/1682"}],"wp:featuredmedia":[{"embeddable":true,"href":"https:\/\/lk.regionalnidobrovolnickecentrum.cz\/subdom\/lk\/wp-json\/wp\/v2\/media\/1669"}],"wp:attachment":[{"href":"https:\/\/lk.regionalnidobrovolnickecentrum.cz\/subdom\/lk\/wp-json\/wp\/v2\/media?parent=1663"}],"wp:term":[{"taxonomy":"category","embeddable":true,"href":"https:\/\/lk.regionalnidobrovolnickecentrum.cz\/subdom\/lk\/wp-json\/wp\/v2\/categories?post=1663"},{"taxonomy":"post_tag","embeddable":true,"href":"https:\/\/lk.regionalnidobrovolnickecentrum.cz\/subdom\/lk\/wp-json\/wp\/v2\/tags?post=1663"}],"curies":[{"name":"wp","href":"https:\/\/api.w.org\/{rel}","templated":true}]}}