{"id":1691,"date":"2021-05-26T08:30:36","date_gmt":"2021-05-26T06:30:36","guid":{"rendered":"https:\/\/lk.regionalnidobrovolnickecentrum.cz\/subdom\/lk\/?p=1691"},"modified":"2021-06-08T08:35:19","modified_gmt":"2021-06-08T06:35:19","slug":"regionalni-dobrovolnicke-centrum-se-predstavi-na-noci-kostelu","status":"publish","type":"post","link":"https:\/\/lk.regionalnidobrovolnickecentrum.cz\/subdom\/lk\/regionalni-dobrovolnicke-centrum-se-predstavi-na-noci-kostelu\/","title":{"rendered":"Region\u00e1ln\u00ed dobrovolnick\u00e9 centrum se p\u0159edstav\u00ed na Noci kostel\u016f"},"content":{"rendered":"<p>V p\u00e1tek 28. kv\u011btna 2021 prob\u011bhne po cel\u00e9 \u010cesk\u00e9 republice Noc kostel\u016f. Mezi 1220 kostely, kter\u00e9 jsou do akce zapojeny, je tak\u00e9 \u010cerven\u00fd kostel v Liberci na Per\u0161t\u00fdn\u011b. Krom\u011b komentovan\u00e9 prohl\u00eddky a prostoru pro osobn\u00ed zti\u0161en\u00ed bude pro n\u00e1v\u0161t\u011bvn\u00edky od 18 do 21 hodin p\u0159ipraven tak\u00e9 st\u00e1nek Region\u00e1ln\u00edho dobrovolnick\u00e9ho centra Libereck\u00e9ho kraje. <a href=\"https:\/\/lk.regionalnidobrovolnickecentrum.cz\/subdom\/lk\/o-nas\/\">Michal \u010can\u010d\u00edk a Anna Kl\u00edmov\u00e1<\/a> v\u00e1m r\u00e1di p\u0159edstav\u00ed, jak dobrovolnictv\u00ed v na\u0161em kraji prob\u00edh\u00e1, jak\u00e9 organizace dobrovoln\u00edky vyu\u017e\u00edvaj\u00ed a jak\u00e9 jsou mo\u017enosti zapojen\u00ed pro ve\u0159ejnost.<\/p>\n<p>M\u00e1te-li \u010das a chu\u0165, jste na Per\u0161t\u00fdn\u011b srde\u010dn\u011b v\u00edt\u00e1ni. Bli\u017e\u0161\u00ed informace v\u010detn\u011b historie kostela a mapy naleznete <a href=\"https:\/\/www.nockostelu.cz\/kostel\/1152\/\">zde<\/a>.<\/p>\n<p>V\u011b\u0159\u00edme, \u017ee se dozv\u00edte n\u011bco zaj\u00edmav\u00e9ho a t\u0159eba i na\u010derp\u00e1te inspiraci pro sv\u016fj osobn\u00ed \u017eivot \u010di pr\u00e1ci.<\/p>\n","protected":false},"excerpt":{"rendered":"<p>V p\u00e1tek 28. kv\u011btna 2021 prob\u011bhne po cel\u00e9 \u010cesk\u00e9 republice Noc kostel\u016f. Mezi 1220 kostely, kter\u00e9 jsou do akce zapojeny,<\/p>\n","protected":false},"author":11,"featured_media":1695,"comment_status":"closed","ping_status":"closed","sticky":false,"template":"","format":"standard","meta":{"om_disable_all_campaigns":false,"_monsterinsights_skip_tracking":false,"_monsterinsights_sitenote_active":false,"_monsterinsights_sitenote_note":"","_monsterinsights_sitenote_category":0,"footnotes":""},"categories":[5],"tags":[],"aioseo_notices":[],"_links":{"self":[{"href":"https:\/\/lk.regionalnidobrovolnickecentrum.cz\/subdom\/lk\/wp-json\/wp\/v2\/posts\/1691"}],"collection":[{"href":"https:\/\/lk.regionalnidobrovolnickecentrum.cz\/subdom\/lk\/wp-json\/wp\/v2\/posts"}],"about":[{"href":"https:\/\/lk.regionalnidobrovolnickecentrum.cz\/subdom\/lk\/wp-json\/wp\/v2\/types\/post"}],"author":[{"embeddable":true,"href":"https:\/\/lk.regionalnidobrovolnickecentrum.cz\/subdom\/lk\/wp-json\/wp\/v2\/users\/11"}],"replies":[{"embeddable":true,"href":"https:\/\/lk.regionalnidobrovolnickecentrum.cz\/subdom\/lk\/wp-json\/wp\/v2\/comments?post=1691"}],"version-history":[{"count":2,"href":"https:\/\/lk.regionalnidobrovolnickecentrum.cz\/subdom\/lk\/wp-json\/wp\/v2\/posts\/1691\/revisions"}],"predecessor-version":[{"id":1697,"href":"https:\/\/lk.regionalnidobrovolnickecentrum.cz\/subdom\/lk\/wp-json\/wp\/v2\/posts\/1691\/revisions\/1697"}],"wp:featuredmedia":[{"embeddable":true,"href":"https:\/\/lk.regionalnidobrovolnickecentrum.cz\/subdom\/lk\/wp-json\/wp\/v2\/media\/1695"}],"wp:attachment":[{"href":"https:\/\/lk.regionalnidobrovolnickecentrum.cz\/subdom\/lk\/wp-json\/wp\/v2\/media?parent=1691"}],"wp:term":[{"taxonomy":"category","embeddable":true,"href":"https:\/\/lk.regionalnidobrovolnickecentrum.cz\/subdom\/lk\/wp-json\/wp\/v2\/categories?post=1691"},{"taxonomy":"post_tag","embeddable":true,"href":"https:\/\/lk.regionalnidobrovolnickecentrum.cz\/subdom\/lk\/wp-json\/wp\/v2\/tags?post=1691"}],"curies":[{"name":"wp","href":"https:\/\/api.w.org\/{rel}","templated":true}]}}