{"id":1859,"date":"2021-07-23T09:37:42","date_gmt":"2021-07-23T07:37:42","guid":{"rendered":"https:\/\/lk.regionalnidobrovolnickecentrum.cz\/subdom\/lk\/?p=1859"},"modified":"2021-07-23T09:54:08","modified_gmt":"2021-07-23T07:54:08","slug":"skoleni-koordinatoru-dobrovolniku-v-dobropointu","status":"publish","type":"post","link":"https:\/\/lk.regionalnidobrovolnickecentrum.cz\/subdom\/lk\/skoleni-koordinatoru-dobrovolniku-v-dobropointu\/","title":{"rendered":"\u0160kolen\u00ed koordin\u00e1tor\u016f dobrovoln\u00edk\u016f v Dobropointu"},"content":{"rendered":"<p>V p\u00e1tek 17.9. a 8.10.2021 p\u0159ipravuje Dobropoint \u010cesk\u00e1 L\u00edpa dvoudenn\u00ed \u0161kolen\u00ed koordin\u00e1tor\u016f dobrovoln\u00edk\u016f, kter\u00e9 bude prob\u00edhat v\u017edy od 8.00 do 16.00. \u0160kolen\u00ed je zdarma a je ur\u010den\u00e9 pro ty, kte\u0159\u00ed s dobrovoln\u00edky pracuj\u00ed, nebo kte\u0159\u00ed maj\u00ed z\u00e1jem s nimi do budoucna pracovat.<\/p>\n<p>Setk\u00e1te se zde se zku\u0161en\u00fdmi koordin\u00e1tory dobrovoln\u00edk\u016f z jin\u00fdch organizac\u00ed a dozv\u00edte se praktick\u00e9 tipy, kter\u00e9 v\u00e1m mohou usnadnit pr\u00e1ci. Mimo jin\u00e9 se budou diskutovat tato t\u00e9mata:<\/p>\n<p>\u2022 Jak z\u00edskat dobrovoln\u00edky?<br \/>\n\u2022 Jak o n\u011b pe\u010dovat, aby pracovali dob\u0159e a s chut\u00ed?<br \/>\n\u2022 Jak dobrovoln\u00edky koordinovat a eliminovat zbyte\u010dn\u00e9 ztr\u00e1ty energie?<br \/>\n\u2022 Jak\u00e9 jsou zku\u0161enosti ostatn\u00edch organizac\u00ed, kter\u00e9 s dobrovoln\u00edky pracuj\u00ed?<br \/>\n\u2022 Jak\u00fd je pr\u00e1vn\u00ed r\u00e1mec dobrovolnictv\u00ed?<br \/>\n\u2022 Jak dobrovolnictv\u00ed financovat?<\/p>\n<p>Podrobn\u00fd program a informace k p\u0159ihl\u00e1\u0161en\u00ed najdete <a href=\"https:\/\/lk.regionalnidobrovolnickecentrum.cz\/subdom\/lk\/events\/event\/skoleni-koordinatoru-dobrovolniku-a-kontaktnich-osob-4\/\">zde<\/a>.<\/p>\n<p>T\u011b\u0161\u00edme se na v\u00e1s!<\/p>\n","protected":false},"excerpt":{"rendered":"<p>V p\u00e1tek 17.9. a 8.10.2021 p\u0159ipravuje Dobropoint \u010cesk\u00e1 L\u00edpa dvoudenn\u00ed \u0161kolen\u00ed koordin\u00e1tor\u016f dobrovoln\u00edk\u016f, kter\u00e9 bude prob\u00edhat v\u017edy od 8.00 do<\/p>\n","protected":false},"author":20,"featured_media":1865,"comment_status":"closed","ping_status":"closed","sticky":false,"template":"","format":"standard","meta":{"om_disable_all_campaigns":false,"_monsterinsights_skip_tracking":false,"_monsterinsights_sitenote_active":false,"_monsterinsights_sitenote_note":"","_monsterinsights_sitenote_category":0,"footnotes":""},"categories":[5],"tags":[],"aioseo_notices":[],"_links":{"self":[{"href":"https:\/\/lk.regionalnidobrovolnickecentrum.cz\/subdom\/lk\/wp-json\/wp\/v2\/posts\/1859"}],"collection":[{"href":"https:\/\/lk.regionalnidobrovolnickecentrum.cz\/subdom\/lk\/wp-json\/wp\/v2\/posts"}],"about":[{"href":"https:\/\/lk.regionalnidobrovolnickecentrum.cz\/subdom\/lk\/wp-json\/wp\/v2\/types\/post"}],"author":[{"embeddable":true,"href":"https:\/\/lk.regionalnidobrovolnickecentrum.cz\/subdom\/lk\/wp-json\/wp\/v2\/users\/20"}],"replies":[{"embeddable":true,"href":"https:\/\/lk.regionalnidobrovolnickecentrum.cz\/subdom\/lk\/wp-json\/wp\/v2\/comments?post=1859"}],"version-history":[{"count":3,"href":"https:\/\/lk.regionalnidobrovolnickecentrum.cz\/subdom\/lk\/wp-json\/wp\/v2\/posts\/1859\/revisions"}],"predecessor-version":[{"id":1867,"href":"https:\/\/lk.regionalnidobrovolnickecentrum.cz\/subdom\/lk\/wp-json\/wp\/v2\/posts\/1859\/revisions\/1867"}],"wp:featuredmedia":[{"embeddable":true,"href":"https:\/\/lk.regionalnidobrovolnickecentrum.cz\/subdom\/lk\/wp-json\/wp\/v2\/media\/1865"}],"wp:attachment":[{"href":"https:\/\/lk.regionalnidobrovolnickecentrum.cz\/subdom\/lk\/wp-json\/wp\/v2\/media?parent=1859"}],"wp:term":[{"taxonomy":"category","embeddable":true,"href":"https:\/\/lk.regionalnidobrovolnickecentrum.cz\/subdom\/lk\/wp-json\/wp\/v2\/categories?post=1859"},{"taxonomy":"post_tag","embeddable":true,"href":"https:\/\/lk.regionalnidobrovolnickecentrum.cz\/subdom\/lk\/wp-json\/wp\/v2\/tags?post=1859"}],"curies":[{"name":"wp","href":"https:\/\/api.w.org\/{rel}","templated":true}]}}