{"id":1870,"date":"2021-07-23T10:36:38","date_gmt":"2021-07-23T08:36:38","guid":{"rendered":"https:\/\/lk.regionalnidobrovolnickecentrum.cz\/subdom\/lk\/?p=1870"},"modified":"2021-07-23T10:37:31","modified_gmt":"2021-07-23T08:37:31","slug":"dobrovolnici-je-tu-skoleni-pro-vas","status":"publish","type":"post","link":"https:\/\/lk.regionalnidobrovolnickecentrum.cz\/subdom\/lk\/dobrovolnici-je-tu-skoleni-pro-vas\/","title":{"rendered":"Dobrovoln\u00edci, je tu \u0161kolen\u00ed pro v\u00e1s!"},"content":{"rendered":"<p>Jste dobrovoln\u00edk nebo se j\u00edm chcete st\u00e1t? Dobropoint organizuje \u0161kolen\u00ed pr\u00e1v\u011b pro v\u00e1s, a to\u00a0 20.9.2021 od 16.00 do 20.00 v \u010cesk\u00e9 L\u00edp\u011b.<\/p>\n<p>V rozmez\u00ed \u010dty\u0159 hodin se dozv\u00edte v\u0161e, co by v\u00e1s jako dobrovoln\u00edka mohlo zaj\u00edmat. Diskutovat se bude se zku\u0161en\u00fdmi koordin\u00e1tory dobrovoln\u00edk\u016f, a to nejen o t\u011bchto t\u00e9matech:<\/p>\n<ul>\n<li><strong>\u00a0<\/strong>pr\u00e1va a povinnosti dobrovoln\u00edk\u016f<\/li>\n<li>mo\u017enosti a p\u0159\u00edle\u017eitosti dobrovolnictv\u00ed\u00a0 v kraji<\/li>\n<li>syndrom vyho\u0159en\u00ed<\/li>\n<li>sezn\u00e1men\u00ed se s minim\u00e1ln\u00edmi standardy pr\u00e1ce s d\u011btmi a ml\u00e1de\u017e\u00ed, seniory, osobami zdravotn\u011b posti\u017een\u00fdmi, men\u0161inami nebo dal\u0161\u00edmi skupinami.<\/li>\n<\/ul>\n<p>Na \u0161kolen\u00ed je nutn\u00e9 p\u0159ihl\u00e1sit se p\u0159edem.<\/p>\n<p>V\u00edce informac\u00ed o programu a p\u0159ihl\u00e1\u0161en\u00ed najdete <a href=\"https:\/\/lk.regionalnidobrovolnickecentrum.cz\/subdom\/lk\/events\/event\/skoleni-dobrovolniku\/\">zde<\/a>.<\/p>\n","protected":false},"excerpt":{"rendered":"<p>Jste dobrovoln\u00edk nebo se j\u00edm chcete st\u00e1t? Dobropoint organizuje \u0161kolen\u00ed pr\u00e1v\u011b pro v\u00e1s, a to\u00a0 20.9.2021 od 16.00 do 20.00<\/p>\n","protected":false},"author":20,"featured_media":1871,"comment_status":"closed","ping_status":"closed","sticky":false,"template":"","format":"standard","meta":{"om_disable_all_campaigns":false,"_monsterinsights_skip_tracking":false,"_monsterinsights_sitenote_active":false,"_monsterinsights_sitenote_note":"","_monsterinsights_sitenote_category":0,"footnotes":""},"categories":[5],"tags":[],"aioseo_notices":[],"_links":{"self":[{"href":"https:\/\/lk.regionalnidobrovolnickecentrum.cz\/subdom\/lk\/wp-json\/wp\/v2\/posts\/1870"}],"collection":[{"href":"https:\/\/lk.regionalnidobrovolnickecentrum.cz\/subdom\/lk\/wp-json\/wp\/v2\/posts"}],"about":[{"href":"https:\/\/lk.regionalnidobrovolnickecentrum.cz\/subdom\/lk\/wp-json\/wp\/v2\/types\/post"}],"author":[{"embeddable":true,"href":"https:\/\/lk.regionalnidobrovolnickecentrum.cz\/subdom\/lk\/wp-json\/wp\/v2\/users\/20"}],"replies":[{"embeddable":true,"href":"https:\/\/lk.regionalnidobrovolnickecentrum.cz\/subdom\/lk\/wp-json\/wp\/v2\/comments?post=1870"}],"version-history":[{"count":2,"href":"https:\/\/lk.regionalnidobrovolnickecentrum.cz\/subdom\/lk\/wp-json\/wp\/v2\/posts\/1870\/revisions"}],"predecessor-version":[{"id":1875,"href":"https:\/\/lk.regionalnidobrovolnickecentrum.cz\/subdom\/lk\/wp-json\/wp\/v2\/posts\/1870\/revisions\/1875"}],"wp:featuredmedia":[{"embeddable":true,"href":"https:\/\/lk.regionalnidobrovolnickecentrum.cz\/subdom\/lk\/wp-json\/wp\/v2\/media\/1871"}],"wp:attachment":[{"href":"https:\/\/lk.regionalnidobrovolnickecentrum.cz\/subdom\/lk\/wp-json\/wp\/v2\/media?parent=1870"}],"wp:term":[{"taxonomy":"category","embeddable":true,"href":"https:\/\/lk.regionalnidobrovolnickecentrum.cz\/subdom\/lk\/wp-json\/wp\/v2\/categories?post=1870"},{"taxonomy":"post_tag","embeddable":true,"href":"https:\/\/lk.regionalnidobrovolnickecentrum.cz\/subdom\/lk\/wp-json\/wp\/v2\/tags?post=1870"}],"curies":[{"name":"wp","href":"https:\/\/api.w.org\/{rel}","templated":true}]}}