{"id":1913,"date":"2021-08-03T10:29:54","date_gmt":"2021-08-03T08:29:54","guid":{"rendered":"https:\/\/lk.regionalnidobrovolnickecentrum.cz\/subdom\/lk\/?p=1913"},"modified":"2021-08-27T15:12:03","modified_gmt":"2021-08-27T13:12:03","slug":"skoleni-dobrovolniku-probehne-3-listopadu-2021","status":"publish","type":"post","link":"https:\/\/lk.regionalnidobrovolnickecentrum.cz\/subdom\/lk\/skoleni-dobrovolniku-probehne-3-listopadu-2021\/","title":{"rendered":"\u0160kolen\u00ed dobrovoln\u00edk\u016f prob\u011bhne 4. listopadu 2021"},"content":{"rendered":"<p><strong>M\u00e1te ve sv\u00e9m \u017eivot\u011b \u010das a chu\u0165 zapojit se do dobrovolnictv\u00ed? Jste dobrovoln\u00edk a p\u0159ejete si d\u011blat svou pr\u00e1ci l\u00e9pe, tak aby V\u00e1m p\u0159in\u00e1\u0161ela radost a nevy\u010derpala V\u00e1s? Chcete v\u011bd\u011bt, jak\u00e1 jsou Va\u0161e pr\u00e1va a povinnosti?<\/strong><!--more--><\/p>\n<p>Zaj\u00edm\u00e1te se o mo\u017enosti a p\u0159\u00edle\u017eitosti dobrovolnictv\u00ed v Libereck\u00e9m kraji? O to, kde v\u0161ude se d\u00e1 dobrovolni\u010dit? Chcete se sezn\u00e1mit s t\u00edm, jak se pracuje s ml\u00e1de\u017e\u00ed, seniory, osobami zdravotn\u011b posti\u017een\u00fdmi, men\u0161inami \u010di dal\u0161\u00edmi skupinami?<\/p>\n<p>Pak je tu pr\u00e1v\u011b pro V\u00e1s <strong>\u0161kolen\u00ed dobrovoln\u00edk\u016f<\/strong>, kter\u00e9 prob\u011bhne <strong>4. listopadu 2021 od 15 do 19 hodin<\/strong> v&nbsp;<a href=\"https:\/\/mapy.cz\/zakladni?x=15.0560978&amp;y=50.7702602&amp;z=17&amp;q=%C5%BEelezn%C3%A1%20253&amp;source=addr&amp;id=9043061\">Region\u00e1ln\u00edm dobrovolnick\u00e9m centru<\/a> Libereck\u00e9ho kraje.<\/p>\n<p>R\u00e1di se V\u00e1m budou v\u011bnovat:<br \/>\nMichal \u010can\u010d\u00edk, vedouc\u00ed Region\u00e1ln\u00edho dobrovolnick\u00e9ho centra Libereck\u00e9ho kraje<br \/>\na Lucie Nov\u00e1kov\u00e1, u kter\u00e9 se m\u016f\u017eete na \u0161kolen\u00ed p\u0159ihl\u00e1sit:<br \/>\n<a href=\"mailto:lucie.novakova@adra.cz\">lucie.novakova@adra.cz<\/a>, +420 736 411 807<\/p>\n<p><a href=\"https:\/\/lk.regionalnidobrovolnickecentrum.cz\/subdom\/lk\/wp-content\/uploads\/2021\/08\/Pozvanka_Skoleni-dobrovolniku-04-11-2021.pdf\" target=\"_blank\" rel=\"noopener\">Pozv\u00e1nka ke sta\u017een\u00ed<\/a> (PDF)<\/p>\n<p>Dal\u0161\u00ed informace <a href=\"https:\/\/lk.regionalnidobrovolnickecentrum.cz\/subdom\/lk\/events\/event\/skoleni-dobrovolniku-2\/\">zde<\/a>.<\/p>\n<p><img loading=\"lazy\" decoding=\"async\" class=\"size-full wp-image-1942 aligncenter\" src=\"https:\/\/lk.regionalnidobrovolnickecentrum.cz\/subdom\/lk\/wp-content\/uploads\/2021\/08\/Pozvanka_Skoleni-dobrovolniku-04-11-2021-web_v2.jpg\" alt=\"\" width=\"800\" height=\"1091\" srcset=\"https:\/\/lk.regionalnidobrovolnickecentrum.cz\/subdom\/lk\/wp-content\/uploads\/2021\/08\/Pozvanka_Skoleni-dobrovolniku-04-11-2021-web_v2.jpg 800w, https:\/\/lk.regionalnidobrovolnickecentrum.cz\/subdom\/lk\/wp-content\/uploads\/2021\/08\/Pozvanka_Skoleni-dobrovolniku-04-11-2021-web_v2-220x300.jpg 220w, https:\/\/lk.regionalnidobrovolnickecentrum.cz\/subdom\/lk\/wp-content\/uploads\/2021\/08\/Pozvanka_Skoleni-dobrovolniku-04-11-2021-web_v2-751x1024.jpg 751w, https:\/\/lk.regionalnidobrovolnickecentrum.cz\/subdom\/lk\/wp-content\/uploads\/2021\/08\/Pozvanka_Skoleni-dobrovolniku-04-11-2021-web_v2-768x1047.jpg 768w\" sizes=\"(max-width: 800px) 100vw, 800px\" \/><\/p>\n<p>&nbsp;<\/p>\n<p>&nbsp;<\/p>\n","protected":false},"excerpt":{"rendered":"<p>M\u00e1te ve sv\u00e9m \u017eivot\u011b \u010das a chu\u0165 zapojit se do dobrovolnictv\u00ed? Jste dobrovoln\u00edk a p\u0159ejete si d\u011blat svou pr\u00e1ci l\u00e9pe, tak aby V\u00e1m p\u0159in\u00e1\u0161ela radost a nevy\u010derpala V\u00e1s? Chcete v\u011bd\u011bt, jak\u00e1 jsou Va\u0161e pr\u00e1va a povinnosti?<\/p>\n","protected":false},"author":11,"featured_media":1914,"comment_status":"closed","ping_status":"closed","sticky":false,"template":"","format":"standard","meta":{"om_disable_all_campaigns":false,"_monsterinsights_skip_tracking":false,"_monsterinsights_sitenote_active":false,"_monsterinsights_sitenote_note":"","_monsterinsights_sitenote_category":0,"footnotes":""},"categories":[5],"tags":[],"aioseo_notices":[],"_links":{"self":[{"href":"https:\/\/lk.regionalnidobrovolnickecentrum.cz\/subdom\/lk\/wp-json\/wp\/v2\/posts\/1913"}],"collection":[{"href":"https:\/\/lk.regionalnidobrovolnickecentrum.cz\/subdom\/lk\/wp-json\/wp\/v2\/posts"}],"about":[{"href":"https:\/\/lk.regionalnidobrovolnickecentrum.cz\/subdom\/lk\/wp-json\/wp\/v2\/types\/post"}],"author":[{"embeddable":true,"href":"https:\/\/lk.regionalnidobrovolnickecentrum.cz\/subdom\/lk\/wp-json\/wp\/v2\/users\/11"}],"replies":[{"embeddable":true,"href":"https:\/\/lk.regionalnidobrovolnickecentrum.cz\/subdom\/lk\/wp-json\/wp\/v2\/comments?post=1913"}],"version-history":[{"count":6,"href":"https:\/\/lk.regionalnidobrovolnickecentrum.cz\/subdom\/lk\/wp-json\/wp\/v2\/posts\/1913\/revisions"}],"predecessor-version":[{"id":1951,"href":"https:\/\/lk.regionalnidobrovolnickecentrum.cz\/subdom\/lk\/wp-json\/wp\/v2\/posts\/1913\/revisions\/1951"}],"wp:featuredmedia":[{"embeddable":true,"href":"https:\/\/lk.regionalnidobrovolnickecentrum.cz\/subdom\/lk\/wp-json\/wp\/v2\/media\/1914"}],"wp:attachment":[{"href":"https:\/\/lk.regionalnidobrovolnickecentrum.cz\/subdom\/lk\/wp-json\/wp\/v2\/media?parent=1913"}],"wp:term":[{"taxonomy":"category","embeddable":true,"href":"https:\/\/lk.regionalnidobrovolnickecentrum.cz\/subdom\/lk\/wp-json\/wp\/v2\/categories?post=1913"},{"taxonomy":"post_tag","embeddable":true,"href":"https:\/\/lk.regionalnidobrovolnickecentrum.cz\/subdom\/lk\/wp-json\/wp\/v2\/tags?post=1913"}],"curies":[{"name":"wp","href":"https:\/\/api.w.org\/{rel}","templated":true}]}}