{"id":1955,"date":"2021-08-28T17:30:54","date_gmt":"2021-08-28T15:30:54","guid":{"rendered":"https:\/\/lk.regionalnidobrovolnickecentrum.cz\/subdom\/lk\/?p=1955"},"modified":"2021-08-28T17:35:33","modified_gmt":"2021-08-28T15:35:33","slug":"beneficni-koncert-na-pomoc-lidem-zasazenym-tornadem","status":"publish","type":"post","link":"https:\/\/lk.regionalnidobrovolnickecentrum.cz\/subdom\/lk\/beneficni-koncert-na-pomoc-lidem-zasazenym-tornadem\/","title":{"rendered":"Benefi\u010dn\u00ed koncert na pomoc lidem zasa\u017een\u00fdm torn\u00e1dem"},"content":{"rendered":"<p>P\u0159ijm\u011bte pozv\u00e1n\u00ed na benefi\u010dn\u00ed koncert libereck\u00e9ho hudebn\u00edho t\u011blesa Gospel Generation.<span id=\"more-36577\"><\/span><\/p>\n<p>Koncert se kon\u00e1 ve spolupr\u00e1ci s\u00a0organizac\u00ed ADRA a\u00a0jeho \u00fa\u010delem je pomoci lidem zasa\u017een\u00fdm torn\u00e1dem na Morav\u011b.<\/p>\n<p>T\u011b\u0161\u00edme se na v\u00e1s <strong>v\u00a0ned\u011bli 5.\u00a0z\u00e1\u0159\u00ed 2021<\/strong> od 17:00 hodin v\u00a0Liberci v\u00a0\u010cerven\u00e9m kostele na Per\u0161t\u00fdn\u011b (U\u00a0J\u00e1nsk\u00e9ho kamene 576, <a href=\"https:\/\/mapy.cz\/s\/cogajujava\" target=\"_blank\" rel=\"noopener\">mapa<\/a>).<\/p>\n<p><img loading=\"lazy\" decoding=\"async\" class=\"alignnone size-medium wp-image-1957\" src=\"https:\/\/lk.regionalnidobrovolnickecentrum.cz\/subdom\/lk\/wp-content\/uploads\/2021\/08\/Gospel-218x300.jpg\" alt=\"\" width=\"218\" height=\"300\" srcset=\"https:\/\/lk.regionalnidobrovolnickecentrum.cz\/subdom\/lk\/wp-content\/uploads\/2021\/08\/Gospel-218x300.jpg 218w, https:\/\/lk.regionalnidobrovolnickecentrum.cz\/subdom\/lk\/wp-content\/uploads\/2021\/08\/Gospel.jpg 581w\" sizes=\"(max-width: 218px) 100vw, 218px\" \/><\/p>\n","protected":false},"excerpt":{"rendered":"<p>P\u0159ijm\u011bte pozv\u00e1n\u00ed na benefi\u010dn\u00ed koncert libereck\u00e9ho hudebn\u00edho t\u011blesa Gospel Generation. Koncert se kon\u00e1 ve spolupr\u00e1ci s\u00a0organizac\u00ed ADRA a\u00a0jeho \u00fa\u010delem je<\/p>\n","protected":false},"author":11,"featured_media":1961,"comment_status":"closed","ping_status":"closed","sticky":false,"template":"","format":"standard","meta":{"om_disable_all_campaigns":false,"_monsterinsights_skip_tracking":false,"_monsterinsights_sitenote_active":false,"_monsterinsights_sitenote_note":"","_monsterinsights_sitenote_category":0,"footnotes":""},"categories":[5],"tags":[],"aioseo_notices":[],"_links":{"self":[{"href":"https:\/\/lk.regionalnidobrovolnickecentrum.cz\/subdom\/lk\/wp-json\/wp\/v2\/posts\/1955"}],"collection":[{"href":"https:\/\/lk.regionalnidobrovolnickecentrum.cz\/subdom\/lk\/wp-json\/wp\/v2\/posts"}],"about":[{"href":"https:\/\/lk.regionalnidobrovolnickecentrum.cz\/subdom\/lk\/wp-json\/wp\/v2\/types\/post"}],"author":[{"embeddable":true,"href":"https:\/\/lk.regionalnidobrovolnickecentrum.cz\/subdom\/lk\/wp-json\/wp\/v2\/users\/11"}],"replies":[{"embeddable":true,"href":"https:\/\/lk.regionalnidobrovolnickecentrum.cz\/subdom\/lk\/wp-json\/wp\/v2\/comments?post=1955"}],"version-history":[{"count":1,"href":"https:\/\/lk.regionalnidobrovolnickecentrum.cz\/subdom\/lk\/wp-json\/wp\/v2\/posts\/1955\/revisions"}],"predecessor-version":[{"id":1960,"href":"https:\/\/lk.regionalnidobrovolnickecentrum.cz\/subdom\/lk\/wp-json\/wp\/v2\/posts\/1955\/revisions\/1960"}],"wp:featuredmedia":[{"embeddable":true,"href":"https:\/\/lk.regionalnidobrovolnickecentrum.cz\/subdom\/lk\/wp-json\/wp\/v2\/media\/1961"}],"wp:attachment":[{"href":"https:\/\/lk.regionalnidobrovolnickecentrum.cz\/subdom\/lk\/wp-json\/wp\/v2\/media?parent=1955"}],"wp:term":[{"taxonomy":"category","embeddable":true,"href":"https:\/\/lk.regionalnidobrovolnickecentrum.cz\/subdom\/lk\/wp-json\/wp\/v2\/categories?post=1955"},{"taxonomy":"post_tag","embeddable":true,"href":"https:\/\/lk.regionalnidobrovolnickecentrum.cz\/subdom\/lk\/wp-json\/wp\/v2\/tags?post=1955"}],"curies":[{"name":"wp","href":"https:\/\/api.w.org\/{rel}","templated":true}]}}