{"id":1982,"date":"2021-09-24T12:37:56","date_gmt":"2021-09-24T10:37:56","guid":{"rendered":"https:\/\/lk.regionalnidobrovolnickecentrum.cz\/subdom\/lk\/?p=1982"},"modified":"2021-09-24T12:55:48","modified_gmt":"2021-09-24T10:55:48","slug":"dobrovolnici-v-domove-senioru-v-doksech","status":"publish","type":"post","link":"https:\/\/lk.regionalnidobrovolnickecentrum.cz\/subdom\/lk\/dobrovolnici-v-domove-senioru-v-doksech\/","title":{"rendered":"Dobrovolnic\u00ed v Domov\u011b senior\u016f v Doksech"},"content":{"rendered":"<p>Pavlu \u0160tejfovou, dvacetiletou studentku Speci\u00e1ln\u00ed pedagogiky na TUL v Liberci, jsem poznala v \u010dervnu, kdy\u017e n\u00e1m spolu se svou kamar\u00e1dkou pom\u00e1hala propagovat<a href=\"https:\/\/lk.regionalnidobrovolnickecentrum.cz\/subdom\/lk\/\"> RDC<\/a> na <a href=\"https:\/\/www.facebook.com\/skolarocku.cl\">\u0160kole rocku v \u010cesk\u00e9 L\u00edp\u011b<\/a>. \u0158\u00edkala mi, \u017ee bude p\u0159es l\u00e9to chodit jako dobrovolnice pom\u00e1hat do <a href=\"https:\/\/www.dpsdoksy.cz\/domov-pro-seniory\/\">Domova s<\/a><a href=\"https:\/\/www.dpsdoksy.cz\/domov-pro-seniory\/\">enior\u016f v Doksech<\/a>. Nyn\u00ed se rozhodla pod\u011blit se s n\u00e1mi o sv\u00e9 zku\u0161enosti: <img loading=\"lazy\" decoding=\"async\" class=\"size-medium wp-image-1986 alignright\" src=\"https:\/\/lk.regionalnidobrovolnickecentrum.cz\/subdom\/lk\/wp-content\/uploads\/2021\/09\/paja-300x224.jpg\" alt=\"\" width=\"300\" height=\"224\" \/><\/p>\n<p class=\"x_-wm-x_-wm-p1\"><span class=\"x_-wm-x_-wm-s1\">&#8220;Jak to tam na m\u011b p\u016fsobilo? Cel\u00e9 centrum je rozlehl\u00e9 a nach\u00e1z\u00ed se zde jak domov senior\u016f, tak ter\u00e9nn\u00ed slu\u017eby \u010di denn\u00ed stacion\u00e1\u0159. Je to velk\u00fd komplex, ve kter\u00e9m jsou byty, v\u00fdtahy a v\u0161e, co senio\u0159i ke sv\u00e9mu<\/span>\u00a0\u017eivotu pot\u0159ebuj\u00ed. V are\u00e1lu se tak\u00e9 nach\u00e1z\u00ed byty, kter\u00e9 slou\u017e\u00ed klient\u016fm, kte\u0159\u00ed jsou samostatn\u00ed. Maj\u00ed zde mo\u017enost odeb\u00edr\u00e1n\u00ed ob\u011bd\u016f \u010di p\u0159ipl\u00e1cen\u00ed r\u016fzn\u00fdch slu\u017eeb. V are\u00e1l\u016f je zahrada s posezen\u00edm, kam se senio\u0159i chod\u00ed nad\u00fdchat \u010derstv\u00e9ho vzduchu a poslechnout zp\u011bv pt\u00e1\u010dk\u016f. V domov\u011b to na m\u011b p\u016fsobilo klidnou a p\u0159\u00edjemnou atmosf\u00e9rou, jeliko\u017e se tam k sob\u011b v\u0161ichni chovali moc hezky.<\/p>\n<p>Moje pomoc spo\u010d\u00edvala v tom, \u017ee jsem byla po boku aktiviza\u010dn\u00edch pracovnic a pom\u00e1hala jim, s \u010d\u00edm zrovna bylo t\u0159eba. Chodila jsem na pokoje le\u017e\u00edc\u00edch pacient\u016f, kter\u00fdm jsem p\u0159ed\u010d\u00edtala nebo si s nimi pov\u00eddala. Spole\u010dn\u011b s dal\u0161\u00edmi pacienty jsem hr\u00e1la spole\u010densk\u00e9 hry nebo procvi\u010dovala jemnou motoriku. D\u00e1le jsem pom\u00e1hala s p\u0159epravou a doprovodem klient\u016f na r\u016fzn\u00e9 v\u00fdlety, akce \u010di proch\u00e1zky a v neposledn\u00ed \u0159ad\u011b jsem obstar\u00e1vala drobn\u00e9 n\u00e1kupy a slu\u017eby, kter\u00e9 senio\u0159i po\u017eadovali.<span class=\"x_-wm-x_-wm-s1\">\u00a0<\/span><img loading=\"lazy\" decoding=\"async\" class=\"size-medium wp-image-1983 alignleft\" src=\"https:\/\/lk.regionalnidobrovolnickecentrum.cz\/subdom\/lk\/wp-content\/uploads\/2021\/09\/doksy-224x300.jpg\" alt=\"\" width=\"224\" height=\"300\" \/><\/p>\n<p class=\"x_-wm-x_-wm-p1\"><span class=\"x_-wm-x_-wm-s1\">Je obecn\u011b moc hezk\u00e9 vid\u011bt, jak senio\u0159i byli za mou p\u0159\u00edtomnost vd\u011b\u010dn\u00ed a vyu\u017e\u00edvali ka\u017ed\u00e9 chv\u00edle, kdy jsme si spole\u010dn\u011b mohli popov\u00eddat nebo n\u011bco zahr\u00e1t. Celkov\u011b jsem m\u011bla dobr\u00fd pocit z toho, <\/span><span class=\"x_-wm-x_-wm-s1\">\u017ee sv\u016fj voln\u00fd \u010das tr\u00e1v\u00edm smyslupln\u011b a n\u011bkomu tak zp\u0159\u00edjem\u0148uji b\u011b\u017en\u00e9 dny.\u00a0<\/span><span class=\"x_-wm-x_-wm-s1\">Nem\u016f\u017eu \u0159\u00edci, \u017ee bych v centru za\u017eila n\u011bjak\u00fd \u0161patn\u00fd z\u00e1\u017eitek nebo n\u011bco, na co budu nerada vzpom\u00ednat. V dob\u011b m\u00fdch n\u00e1v\u0161t\u011bv bylo v\u0161e v naprost\u00e9m po\u0159\u00e1dku, tak\u017ee si nem\u016f\u017eu a ani nechci na nic st\u011b\u017eovat.\u00a0<\/span><\/p>\n<p class=\"x_-wm-x_-wm-p1\"><span class=\"x_-wm-x_-wm-s1\">Klienti centra na m\u011b reagovali velmi dob\u0159e. \u010casto je zaj\u00edmalo, jak jsem se tam ocitla a pro\u010d jsem se stala dobrovolnic\u00ed. Celkov\u011b byli velmi komunikativn\u00ed, tak\u017ee se t\u00e9m\u011b\u0159 nikdy nestalo, \u017ee by \u0159e\u010d st\u00e1la a my bychom nena\u0161li \u017e\u00e1dn\u00e9 spole\u010dn\u00e9 t\u00e9ma. Velmi m\u011b bavilo poslouchat \u017eivotn\u00ed p\u0159\u00edb\u011bhy t\u011bchto star\u00fdch lid\u00ed. P\u0159ed st\u00e1\u017e\u00ed jsem nikdy nenav\u0161t\u00edvila domov senior\u016f a tak jsem ani nev\u011bd\u011bla, jak to v takov\u00fdch domovech chod\u00ed. Zprvu jsem m\u011bla velk\u00fd strach a b\u00e1la jsem se nejen komunikace s klienty, ale tak\u00e9 se zam\u011bstnanci. Hned prvn\u00ed den jsem ale pochopila, \u017ee je to zbyte\u010dn\u00e9, proto\u017ee jsem v domov\u011b v\u00edtanou n\u00e1v\u0161t\u011bvou.\u00a0 Nau\u010dila jsem se zde nejen l\u00e9pe komunikovat, ale tak\u00e9 nap\u0159\u00edklad zach\u00e1zet s invalidn\u00edmi voz\u00edky. &#8220;<\/span><\/p>\n<p class=\"x_-wm-x_-wm-p1\"><span class=\"x_-wm-x_-wm-s1\">Dobrovoln\u00edci tu v\u011bnuj\u00ed svou pozornost a spole\u010dnost klient\u016fm a staraj\u00ed se o to, aby se senio\u0159i nec\u00edtili tak sami. Pracovn\u00edci centra pak maj\u00ed d\u00edky pr\u00e1ci dobrovoln\u00edk\u016f v\u00edce \u010dasu na sv\u00e9 \u00fakoly. I zde toti\u017e bojuj\u00ed s \u010dasem a nedostatkem pracovn\u00edch sil.\u00a0\u00a0<\/span><\/p>\n<p>Fotky ze za\u0159\u00edzen\u00ed poch\u00e1zej\u00ed z facebookov\u00e9 str\u00e1nky <a href=\"https:\/\/www.facebook.com\/socialnisluzbymestadoksy\/\">DPS Doksy<\/a>.<\/p>\n<p>&nbsp;<\/p>\n<p>&nbsp;<\/p>\n","protected":false},"excerpt":{"rendered":"<p>Pavlu \u0160tejfovou, dvacetiletou studentku Speci\u00e1ln\u00ed pedagogiky na TUL v Liberci, jsem poznala v \u010dervnu, kdy\u017e n\u00e1m spolu se svou kamar\u00e1dkou<\/p>\n","protected":false},"author":20,"featured_media":1985,"comment_status":"closed","ping_status":"closed","sticky":false,"template":"","format":"standard","meta":{"om_disable_all_campaigns":false,"_monsterinsights_skip_tracking":false,"_monsterinsights_sitenote_active":false,"_monsterinsights_sitenote_note":"","_monsterinsights_sitenote_category":0,"footnotes":""},"categories":[92],"tags":[],"aioseo_notices":[],"_links":{"self":[{"href":"https:\/\/lk.regionalnidobrovolnickecentrum.cz\/subdom\/lk\/wp-json\/wp\/v2\/posts\/1982"}],"collection":[{"href":"https:\/\/lk.regionalnidobrovolnickecentrum.cz\/subdom\/lk\/wp-json\/wp\/v2\/posts"}],"about":[{"href":"https:\/\/lk.regionalnidobrovolnickecentrum.cz\/subdom\/lk\/wp-json\/wp\/v2\/types\/post"}],"author":[{"embeddable":true,"href":"https:\/\/lk.regionalnidobrovolnickecentrum.cz\/subdom\/lk\/wp-json\/wp\/v2\/users\/20"}],"replies":[{"embeddable":true,"href":"https:\/\/lk.regionalnidobrovolnickecentrum.cz\/subdom\/lk\/wp-json\/wp\/v2\/comments?post=1982"}],"version-history":[{"count":5,"href":"https:\/\/lk.regionalnidobrovolnickecentrum.cz\/subdom\/lk\/wp-json\/wp\/v2\/posts\/1982\/revisions"}],"predecessor-version":[{"id":1993,"href":"https:\/\/lk.regionalnidobrovolnickecentrum.cz\/subdom\/lk\/wp-json\/wp\/v2\/posts\/1982\/revisions\/1993"}],"wp:featuredmedia":[{"embeddable":true,"href":"https:\/\/lk.regionalnidobrovolnickecentrum.cz\/subdom\/lk\/wp-json\/wp\/v2\/media\/1985"}],"wp:attachment":[{"href":"https:\/\/lk.regionalnidobrovolnickecentrum.cz\/subdom\/lk\/wp-json\/wp\/v2\/media?parent=1982"}],"wp:term":[{"taxonomy":"category","embeddable":true,"href":"https:\/\/lk.regionalnidobrovolnickecentrum.cz\/subdom\/lk\/wp-json\/wp\/v2\/categories?post=1982"},{"taxonomy":"post_tag","embeddable":true,"href":"https:\/\/lk.regionalnidobrovolnickecentrum.cz\/subdom\/lk\/wp-json\/wp\/v2\/tags?post=1982"}],"curies":[{"name":"wp","href":"https:\/\/api.w.org\/{rel}","templated":true}]}}