{"id":2004,"date":"2021-10-14T15:42:37","date_gmt":"2021-10-14T13:42:37","guid":{"rendered":"https:\/\/lk.regionalnidobrovolnickecentrum.cz\/subdom\/lk\/?p=2004"},"modified":"2021-10-14T15:46:45","modified_gmt":"2021-10-14T13:46:45","slug":"pozvani-na-den-otevrenych-dveri","status":"publish","type":"post","link":"https:\/\/lk.regionalnidobrovolnickecentrum.cz\/subdom\/lk\/pozvani-na-den-otevrenych-dveri\/","title":{"rendered":"Pozv\u00e1n\u00ed na Den otev\u0159en\u00fdch dve\u0159\u00ed"},"content":{"rendered":"<p>M\u00e1te \u010das a chu\u0165 v\u011bnovat se druh\u00e9mu \u010dlov\u011bku? Chcete si vyzkou\u0161et dobrovolnictv\u00ed?<\/p>\n<p>R\u00e1di byste se o dobrovolnictv\u00ed n\u011bco dozv\u011bd\u011bli?<\/p>\n<p>Pracujete ve sv\u00e9 organizaci s dobrovoln\u00edky a r\u00e1di byste to d\u011blali l\u00e9pe?<\/p>\n<p>Cht\u011bli byste dobrovolnictv\u00ed ve sv\u00e9 organizaci zav\u00e9st?<\/p>\n<p>Pak V\u00e1s srde\u010dn\u011b zveme na Den otev\u0159en\u00fdch dve\u0159\u00ed dobrovolnictv\u00ed v Libereck\u00e9m kraji, kter\u00fd se uskute\u010dn\u00ed ve \u010dtvrtek 21. \u0159\u00edjna a v p\u00e1tek 22. \u0159\u00edjna v Region\u00e1ln\u00edm dobrovolnick\u00e9m centru v <a href=\"https:\/\/mapy.cz\/zakladni?id=9043061&amp;source=addr&amp;x=15.0555452&amp;y=50.7700363&amp;z=18\">\u017delezn\u00e9 ulici<\/a> v Liberci.<\/p>\n<p>Na Va\u0161i n\u00e1v\u0161t\u011bvu se srde\u010dn\u011b t\u011b\u0161\u00ed Michal \u010can\u010d\u00edk, Vitalina Chornei a Lucie Nov\u00e1kov\u00e1.<\/p>\n<p><img loading=\"lazy\" decoding=\"async\" class=\"alignnone size-medium wp-image-2009\" src=\"https:\/\/lk.regionalnidobrovolnickecentrum.cz\/subdom\/lk\/wp-content\/uploads\/2021\/10\/verze-4-212x300.jpg\" alt=\"\" width=\"212\" height=\"300\" srcset=\"https:\/\/lk.regionalnidobrovolnickecentrum.cz\/subdom\/lk\/wp-content\/uploads\/2021\/10\/verze-4-212x300.jpg 212w, https:\/\/lk.regionalnidobrovolnickecentrum.cz\/subdom\/lk\/wp-content\/uploads\/2021\/10\/verze-4-724x1024.jpg 724w, https:\/\/lk.regionalnidobrovolnickecentrum.cz\/subdom\/lk\/wp-content\/uploads\/2021\/10\/verze-4-768x1086.jpg 768w, https:\/\/lk.regionalnidobrovolnickecentrum.cz\/subdom\/lk\/wp-content\/uploads\/2021\/10\/verze-4-1086x1536.jpg 1086w, https:\/\/lk.regionalnidobrovolnickecentrum.cz\/subdom\/lk\/wp-content\/uploads\/2021\/10\/verze-4-1448x2048.jpg 1448w, https:\/\/lk.regionalnidobrovolnickecentrum.cz\/subdom\/lk\/wp-content\/uploads\/2021\/10\/verze-4.jpg 1587w\" sizes=\"(max-width: 212px) 100vw, 212px\" \/><\/p>\n","protected":false},"excerpt":{"rendered":"<p>M\u00e1te \u010das a chu\u0165 v\u011bnovat se druh\u00e9mu \u010dlov\u011bku? Chcete si vyzkou\u0161et dobrovolnictv\u00ed? R\u00e1di byste se o dobrovolnictv\u00ed n\u011bco dozv\u011bd\u011bli? Pracujete<\/p>\n","protected":false},"author":11,"featured_media":2005,"comment_status":"closed","ping_status":"closed","sticky":false,"template":"","format":"standard","meta":{"om_disable_all_campaigns":false,"_monsterinsights_skip_tracking":false,"_monsterinsights_sitenote_active":false,"_monsterinsights_sitenote_note":"","_monsterinsights_sitenote_category":0,"footnotes":""},"categories":[5],"tags":[],"aioseo_notices":[],"_links":{"self":[{"href":"https:\/\/lk.regionalnidobrovolnickecentrum.cz\/subdom\/lk\/wp-json\/wp\/v2\/posts\/2004"}],"collection":[{"href":"https:\/\/lk.regionalnidobrovolnickecentrum.cz\/subdom\/lk\/wp-json\/wp\/v2\/posts"}],"about":[{"href":"https:\/\/lk.regionalnidobrovolnickecentrum.cz\/subdom\/lk\/wp-json\/wp\/v2\/types\/post"}],"author":[{"embeddable":true,"href":"https:\/\/lk.regionalnidobrovolnickecentrum.cz\/subdom\/lk\/wp-json\/wp\/v2\/users\/11"}],"replies":[{"embeddable":true,"href":"https:\/\/lk.regionalnidobrovolnickecentrum.cz\/subdom\/lk\/wp-json\/wp\/v2\/comments?post=2004"}],"version-history":[{"count":6,"href":"https:\/\/lk.regionalnidobrovolnickecentrum.cz\/subdom\/lk\/wp-json\/wp\/v2\/posts\/2004\/revisions"}],"predecessor-version":[{"id":2018,"href":"https:\/\/lk.regionalnidobrovolnickecentrum.cz\/subdom\/lk\/wp-json\/wp\/v2\/posts\/2004\/revisions\/2018"}],"wp:featuredmedia":[{"embeddable":true,"href":"https:\/\/lk.regionalnidobrovolnickecentrum.cz\/subdom\/lk\/wp-json\/wp\/v2\/media\/2005"}],"wp:attachment":[{"href":"https:\/\/lk.regionalnidobrovolnickecentrum.cz\/subdom\/lk\/wp-json\/wp\/v2\/media?parent=2004"}],"wp:term":[{"taxonomy":"category","embeddable":true,"href":"https:\/\/lk.regionalnidobrovolnickecentrum.cz\/subdom\/lk\/wp-json\/wp\/v2\/categories?post=2004"},{"taxonomy":"post_tag","embeddable":true,"href":"https:\/\/lk.regionalnidobrovolnickecentrum.cz\/subdom\/lk\/wp-json\/wp\/v2\/tags?post=2004"}],"curies":[{"name":"wp","href":"https:\/\/api.w.org\/{rel}","templated":true}]}}