{"id":2028,"date":"2021-10-16T23:09:05","date_gmt":"2021-10-16T21:09:05","guid":{"rendered":"https:\/\/lk.regionalnidobrovolnickecentrum.cz\/subdom\/lk\/?p=2028"},"modified":"2022-02-01T09:12:50","modified_gmt":"2022-02-01T08:12:50","slug":"vazit-si-kazdeho-cloveka","status":"publish","type":"post","link":"https:\/\/lk.regionalnidobrovolnickecentrum.cz\/subdom\/lk\/vazit-si-kazdeho-cloveka\/","title":{"rendered":"V\u00e1\u017eit si ka\u017ed\u00e9ho \u010dlov\u011bka"},"content":{"rendered":"<p><em>Moty\u010dkovic klika &#8211; klub Astronauti<\/em><\/p>\n<p>Ka\u017ed\u00fd z n\u00e1s je jin\u00fd. Jinak vypad\u00e1me, mysl\u00edme, pro\u017e\u00edv\u00e1me, jsme rozmanit\u00ed, stejn\u011b jako sv\u011bt okolo n\u00e1s. Je to p\u0159irozen\u00e9. R\u016fznorodost vid\u00edme v\u0161ude okolo n\u00e1s, mezi lidmi i v p\u0159\u00edrod\u011b.<\/p>\n<p>Pokud je na\u0161e rozd\u00edlnost zdrojem o\u017eiven\u00ed a inspirace, je p\u0159\u00edjemn\u00e1. N\u011bkdy v\u0161ak m\u016f\u017ee odli\u0161nost druh\u00e9ho \u010dlov\u011bka dos\u00e1hnout takov\u00e9 m\u00edry, \u017ee je pro n\u00e1s t\u011b\u017eko snesiteln\u00e1.<\/p>\n<p>\u010casto pak m\u00edv\u00e1me tendenci takov\u00e9ho \u010dlov\u011bka ze sv\u00e9ho \u017eivota vyt\u011bsnit, odsunout jej n\u011bkam, kde n\u00e1s nebude ru\u0161it, nebude br\u00e1nit b\u011b\u017en\u00e9mu \u017eivotu, tak jak jej vn\u00edm\u00e1me jako norm\u00e1ln\u00ed. I tato tendence je p\u0159irozen\u00e1, i tu vid\u00edme v p\u0159\u00edrod\u011b okolo sebe.<\/p>\n<p><img loading=\"lazy\" decoding=\"async\" class=\"size-medium wp-image-2031 alignleft\" src=\"https:\/\/lk.regionalnidobrovolnickecentrum.cz\/subdom\/lk\/wp-content\/uploads\/2021\/10\/Motyckovic-klika2web-167x300.jpg\" alt=\"\" width=\"167\" height=\"300\" srcset=\"https:\/\/lk.regionalnidobrovolnickecentrum.cz\/subdom\/lk\/wp-content\/uploads\/2021\/10\/Motyckovic-klika2web-167x300.jpg 167w, https:\/\/lk.regionalnidobrovolnickecentrum.cz\/subdom\/lk\/wp-content\/uploads\/2021\/10\/Motyckovic-klika2web.jpg 445w\" sizes=\"(max-width: 167px) 100vw, 167px\" \/>K odli\u0161nosti druh\u00e9ho m\u016f\u017eeme v\u0161ak p\u0159istoupit je\u0161t\u011b jin\u00fdm zp\u016fsobem. Zp\u016fsobem, kter\u00fd je obt\u00ed\u017en\u00fd, ale v\u00fdsostn\u011b lidsk\u00fd, vy\u017eaduje po n\u00e1s vykro\u010den\u00ed z mez\u00ed norm\u00e1lu a vyjit\u00ed ze z\u00f3ny, kterou sami pro sebe vn\u00edm\u00e1me jako komfortn\u00ed. M\u016f\u017eeme se pokusit odli\u0161n\u00e9ho \u010dlov\u011bka do sv\u00e9ho \u017eivota p\u0159ijmout.<\/p>\n<p>P\u0159ed takovouto v\u00fdzvu jsou \u010dasto postaveni rodi\u010de, jim\u017e se narod\u00ed d\u00edt\u011b, je\u017e je v\u00fdrazn\u011b odli\u0161n\u00e9. Pokud m\u00e1te chvilku \u010das a chu\u0165, velmi doporu\u010duji knihu <em>Zvuky probouzen\u00ed<\/em> od man\u017eel\u016f T\u0159e\u0161\u0148\u00e1kov\u00fdch. Je o jinakosti, jej\u00ed\u017e radik\u00e1lnost p\u0159ekra\u010duje jak\u00e9koli mysliteln\u00e9 hranice, o tom, jak n\u00e1ro\u010dn\u00e9 je takov\u00e9 d\u00edt\u011b p\u0159ijmout a milovat.<\/p>\n<p>Rodi\u010de d\u011bt\u00ed, kter\u00e9 jsou radik\u00e1ln\u00edm zp\u016fsobem odli\u0161n\u00e9, \u010dasto z\u016fst\u00e1vaj\u00ed ve sv\u00e9m \u00fasil\u00ed sami. Jen t\u011b\u017eko a pomalu se na\u0161e spole\u010dnost propracov\u00e1v\u00e1 od tendence uzav\u00edrat odli\u0161n\u00e9 lidi do specializovan\u00fdch \u00fastav\u016f a \u0161kol k integraci do b\u011b\u017en\u00e9ho prost\u0159ed\u00ed. Snaha tu v\u0161ak je. V b\u011b\u017en\u00fdch \u0161kol\u00e1ch se objevuj\u00ed asistenti, pomocn\u00edci pedagog\u016f, tak\u00e9 na ulic\u00edch st\u00e1le b\u011b\u017en\u011bji potk\u00e1me n\u011bkoho, kdo vypad\u00e1 jinak ne\u017e my.<\/p>\n<p>N\u011bkte\u0159\u00ed lid\u00e9 a instituce maj\u00ed integraci p\u0159edepsanou \u201eshora\u201c. Jsou v\u0161ak i tac\u00ed, kte\u0159\u00ed mezi sebe dok\u00e1\u017eou p\u0159ijmout odli\u0161n\u00e9ho \u010dlov\u011bka bez toho, aby jim to n\u011bkdo nakazoval. A ti si zaslou\u017e\u00ed na\u0161i zvl\u00e1\u0161tn\u00ed \u00factu.<\/p>\n<p>\u201eKa\u017ed\u00fd \u010dlov\u011bk m\u00e1 pr\u00e1vo b\u00fdt p\u0159ijat\u00fd takov\u00fd, jak\u00fd je,\u201c vypr\u00e1v\u00ed V\u011brka Moty\u010dkov\u00e1 z libereck\u00e9ho volno\u010dasov\u00e9ho za\u0159\u00edzen\u00ed <a href=\"https:\/\/www.motyckovicklika.cz\/\">Moty\u010dkovic klika<\/a>. Do sv\u00fdch program\u016f za\u010dle\u0148uj\u00ed d\u011bti zdrav\u00e9 i d\u011bti s nejr\u016fzn\u011bj\u0161\u00edmi neurov\u00fdvojov\u00fdmi poruchami. \u201eD\u016fle\u017eit\u00e9 je p\u0159ekonat sv\u016fj strach, ne ka\u017ed\u00e9 takov\u00e9 d\u00edt\u011b je nezvladateln\u00e9,\u201c zd\u016fraz\u0148uje V\u011brka a pak mi vypr\u00e1v\u00ed, jak se neb\u00e1li do b\u011b\u017en\u00e9ho kolektivu za\u010dlenit d\u011bti s cukrovkou, srde\u010dn\u00ed vadou a dokonce i d\u011bv\u010d\u00e1tko s cystickou fibr\u00f3zou.<\/p>\n<p>Poskytnout d\u00edt\u011bti jistotu, \u017ee je b\u011b\u017enou sou\u010d\u00e1st\u00ed norm\u00e1ln\u00edho \u017eivota, je p\u0159itom velmi d\u016fle\u017eit\u00e9. \u201eKdy\u017e chod\u00ed\u0161 do speci\u00e1ln\u00ed \u0161koly nebo t\u0159\u00eddy, a odpoledne\u00a0 do speci\u00e1ln\u00edho krou\u017eku nebo jin\u00e9ho speci\u00e1ln\u00edho volno\u010dasov\u00e9ho za\u0159\u00edzen\u00ed, m\u00e1\u0161 po\u0159\u00e1d pocit, \u017ee jsi divn\u00fd, \u017ee nezapad\u00e1\u0161,\u201c vysv\u011btluje V\u011bra. Je fajn si pak aspo\u0148 ve voln\u00e9m \u010dase p\u0159ipadat chv\u00edli norm\u00e1ln\u00ed.<\/p>\n<p><img loading=\"lazy\" decoding=\"async\" class=\"size-medium wp-image-2032 alignright\" src=\"https:\/\/lk.regionalnidobrovolnickecentrum.cz\/subdom\/lk\/wp-content\/uploads\/2021\/10\/Motyckovic-klika1web-300x167.jpg\" alt=\"\" width=\"300\" height=\"167\" srcset=\"https:\/\/lk.regionalnidobrovolnickecentrum.cz\/subdom\/lk\/wp-content\/uploads\/2021\/10\/Motyckovic-klika1web-300x167.jpg 300w, https:\/\/lk.regionalnidobrovolnickecentrum.cz\/subdom\/lk\/wp-content\/uploads\/2021\/10\/Motyckovic-klika1web-768x427.jpg 768w, https:\/\/lk.regionalnidobrovolnickecentrum.cz\/subdom\/lk\/wp-content\/uploads\/2021\/10\/Motyckovic-klika1web.jpg 800w\" sizes=\"(max-width: 300px) 100vw, 300px\" \/>Klika byla p\u0159irozen\u011b integra\u010dn\u00ed v\u017edy, letos na ja\u0159e se v\u0161ak rozhodli ud\u011blat je\u0161t\u011b dal\u0161\u00ed krok. Zalo\u017eili Partu Astronaut\u016f, kter\u00e1 chce podporovat a integrovat do volno\u010dasov\u00fdch aktivit Kliky d\u011bti s\u00a0 poruchami autistick\u00e9ho spektra. \u201ePro d\u011bti s poruchami autistick\u00e9ho spektra nejsou v Libereck\u00e9m kraji \u017e\u00e1dn\u00e9 volno\u010dasov\u00e9 aktivity. Kdy\u017e jsou mal\u00e9, je tu pro n\u011b Lira, ale pak u\u017e nic. Cht\u011bli jsme vytvo\u0159it bezpe\u010dn\u00fd prostor pro d\u011bti i pro sd\u00edlen\u00ed zku\u0161enost\u00ed rodi\u010d\u016f.\u201c<\/p>\n<p>Prvn\u00ed setk\u00e1n\u00ed Astronaut\u016f prob\u011bhlo v \u010dervnu a z\u00e1jem rodin byl opravdu velik\u00fd. Vznikla podp\u016frn\u00e1 skupina, kter\u00e1 se sch\u00e1z\u00ed ka\u017ed\u00e9 druh\u00e9 \u00fater\u00fd v m\u011bs\u00edci, pl\u00e1nuj\u00ed se v\u00edkendov\u00e9 akce, kde budou mezi dvaceti d\u011btmi v\u017edy zhruba dv\u011b nebo t\u0159i d\u011bti, je\u017e vy\u017eaduj\u00ed zvl\u00e1\u0161tn\u00ed p\u00e9\u010di.<\/p>\n<p>Pro tyto d\u011bti by r\u00e1di z\u00edskali asistenty-dobrovoln\u00edky, proto\u017ee jsou chv\u00edle, kdy je pro d\u011bti b\u011b\u017en\u00fd program p\u0159\u00edli\u0161 n\u00e1ro\u010dn\u00fd, pot\u0159ebuj\u00ed si chv\u00edli odpo\u010dinout, j\u00edt vedle do pokoj\u00edku, nebo si \u010d\u00edst kn\u00ed\u017eku a nemohou p\u0159i tom b\u00fdt \u00fapln\u011b samy. \u201eDobrovoln\u00edk nepot\u0159ebuje \u017e\u00e1dn\u00e9 zvl\u00e1\u0161tn\u00ed vzd\u011bl\u00e1n\u00ed, je d\u016fle\u017eit\u00e9, aby tu byl pro d\u011bti, hr\u00e1l si s nimi a nep\u016fsobil jen jako dozor,\u201c popisuje V\u011brka, co se od asistent\u016f o\u010dek\u00e1v\u00e1.<\/p>\n<p>Pokud byste m\u011bli \u010das a chu\u0165, nebo v\u011bd\u011bli o n\u011bkom, kdo by s d\u011btmi r\u00e1d pomohl, ozv\u011bte se pros\u00edm Klice, budeme r\u00e1di. Ka\u017ed\u00fd drobn\u00fd krok, kter\u00fdm pom\u016f\u017eeme ostatn\u00edm naj\u00edt bezpe\u010dn\u00e9 a l\u00e1skypln\u00e9 m\u00edsto na sv\u011bt\u011b, je d\u016fle\u017eit\u00fd. T\u00edm sp\u00ed\u0161, pokud se jedn\u00e1 o \u010dlov\u011bka, kter\u00fd sv\u00e9 m\u00edsto hled\u00e1 obt\u00ed\u017en\u011bji ne\u017e ostatn\u00ed. Hodnotu lidsk\u00e9ho \u017eivota toti\u017e neur\u010duje v\u00fdkonnost a efektivita, ale prost\u00e1 skute\u010dnost, \u017ee tu jsme a p\u0159ich\u00e1z\u00edme do \u017eivota se schopnost\u00ed milovat a b\u00fdt milov\u00e1ni.<\/p>\n<p><img loading=\"lazy\" decoding=\"async\" class=\"alignnone wp-image-2029\" src=\"https:\/\/lk.regionalnidobrovolnickecentrum.cz\/subdom\/lk\/wp-content\/uploads\/2021\/10\/Klika-plakat-212x300.jpg\" alt=\"\" width=\"401\" height=\"568\" srcset=\"https:\/\/lk.regionalnidobrovolnickecentrum.cz\/subdom\/lk\/wp-content\/uploads\/2021\/10\/Klika-plakat-212x300.jpg 212w, https:\/\/lk.regionalnidobrovolnickecentrum.cz\/subdom\/lk\/wp-content\/uploads\/2021\/10\/Klika-plakat-724x1024.jpg 724w, https:\/\/lk.regionalnidobrovolnickecentrum.cz\/subdom\/lk\/wp-content\/uploads\/2021\/10\/Klika-plakat-768x1086.jpg 768w, https:\/\/lk.regionalnidobrovolnickecentrum.cz\/subdom\/lk\/wp-content\/uploads\/2021\/10\/Klika-plakat-1086x1536.jpg 1086w, https:\/\/lk.regionalnidobrovolnickecentrum.cz\/subdom\/lk\/wp-content\/uploads\/2021\/10\/Klika-plakat.jpg 1414w\" sizes=\"(max-width: 401px) 100vw, 401px\" \/><\/p>\n","protected":false},"excerpt":{"rendered":"<p>Moty\u010dkovic klika &#8211; klub Astronauti Ka\u017ed\u00fd z n\u00e1s je jin\u00fd. Jinak vypad\u00e1me, mysl\u00edme, pro\u017e\u00edv\u00e1me, jsme rozmanit\u00ed, stejn\u011b jako sv\u011bt okolo<\/p>\n","protected":false},"author":11,"featured_media":2030,"comment_status":"closed","ping_status":"closed","sticky":false,"template":"","format":"standard","meta":{"om_disable_all_campaigns":false,"_monsterinsights_skip_tracking":false,"_monsterinsights_sitenote_active":false,"_monsterinsights_sitenote_note":"","_monsterinsights_sitenote_category":0,"footnotes":""},"categories":[93],"tags":[],"aioseo_notices":[],"_links":{"self":[{"href":"https:\/\/lk.regionalnidobrovolnickecentrum.cz\/subdom\/lk\/wp-json\/wp\/v2\/posts\/2028"}],"collection":[{"href":"https:\/\/lk.regionalnidobrovolnickecentrum.cz\/subdom\/lk\/wp-json\/wp\/v2\/posts"}],"about":[{"href":"https:\/\/lk.regionalnidobrovolnickecentrum.cz\/subdom\/lk\/wp-json\/wp\/v2\/types\/post"}],"author":[{"embeddable":true,"href":"https:\/\/lk.regionalnidobrovolnickecentrum.cz\/subdom\/lk\/wp-json\/wp\/v2\/users\/11"}],"replies":[{"embeddable":true,"href":"https:\/\/lk.regionalnidobrovolnickecentrum.cz\/subdom\/lk\/wp-json\/wp\/v2\/comments?post=2028"}],"version-history":[{"count":3,"href":"https:\/\/lk.regionalnidobrovolnickecentrum.cz\/subdom\/lk\/wp-json\/wp\/v2\/posts\/2028\/revisions"}],"predecessor-version":[{"id":2037,"href":"https:\/\/lk.regionalnidobrovolnickecentrum.cz\/subdom\/lk\/wp-json\/wp\/v2\/posts\/2028\/revisions\/2037"}],"wp:featuredmedia":[{"embeddable":true,"href":"https:\/\/lk.regionalnidobrovolnickecentrum.cz\/subdom\/lk\/wp-json\/wp\/v2\/media\/2030"}],"wp:attachment":[{"href":"https:\/\/lk.regionalnidobrovolnickecentrum.cz\/subdom\/lk\/wp-json\/wp\/v2\/media?parent=2028"}],"wp:term":[{"taxonomy":"category","embeddable":true,"href":"https:\/\/lk.regionalnidobrovolnickecentrum.cz\/subdom\/lk\/wp-json\/wp\/v2\/categories?post=2028"},{"taxonomy":"post_tag","embeddable":true,"href":"https:\/\/lk.regionalnidobrovolnickecentrum.cz\/subdom\/lk\/wp-json\/wp\/v2\/tags?post=2028"}],"curies":[{"name":"wp","href":"https:\/\/api.w.org\/{rel}","templated":true}]}}