{"id":2052,"date":"2021-10-30T18:19:54","date_gmt":"2021-10-30T16:19:54","guid":{"rendered":"https:\/\/lk.regionalnidobrovolnickecentrum.cz\/subdom\/lk\/?p=2052"},"modified":"2022-02-01T09:11:44","modified_gmt":"2022-02-01T08:11:44","slug":"technicke-muzeum-hleda-dobrovolniky","status":"publish","type":"post","link":"https:\/\/lk.regionalnidobrovolnickecentrum.cz\/subdom\/lk\/technicke-muzeum-hleda-dobrovolniky\/","title":{"rendered":"Technick\u00e9 muzeum hled\u00e1 dobrovoln\u00edky"},"content":{"rendered":"<p>M\u00e1te r\u00e1di techniku? Cht\u011bli byste ve sv\u00e9m voln\u00e9m \u010dase pom\u00e1hat s chodem Technick\u00e9ho muzea Liberec? Sta\u0148te se dobrovoln\u00edkem!<\/p>\n<p>Aktivita nen\u00ed fyzicky n\u00e1ro\u010dn\u00e1, nepot\u0159ebujete ani \u017e\u00e1dn\u00e9 speci\u00e1ln\u00ed technick\u00e9 znalosti.<\/p>\n<p>Bli\u017e\u0161\u00ed informace naleznete na str\u00e1nk\u00e1ch <a href=\"https:\/\/ksk-liberec.cz\/cinnosti\/dobrovolnici\/program-muzeum\/\">Komunitn\u00edho st\u0159ediska Kontakt Liberec<\/a>, kter\u00e9 dobrovolnick\u00fd program zaji\u0161\u0165uje.<\/p>\n<p><img loading=\"lazy\" decoding=\"async\" class=\"alignnone size-medium wp-image-2054\" src=\"https:\/\/lk.regionalnidobrovolnickecentrum.cz\/subdom\/lk\/wp-content\/uploads\/2021\/10\/Technicke-muzeum-plakat-212x300.jpg\" alt=\"\" width=\"212\" height=\"300\" srcset=\"https:\/\/lk.regionalnidobrovolnickecentrum.cz\/subdom\/lk\/wp-content\/uploads\/2021\/10\/Technicke-muzeum-plakat-212x300.jpg 212w, https:\/\/lk.regionalnidobrovolnickecentrum.cz\/subdom\/lk\/wp-content\/uploads\/2021\/10\/Technicke-muzeum-plakat-724x1024.jpg 724w, https:\/\/lk.regionalnidobrovolnickecentrum.cz\/subdom\/lk\/wp-content\/uploads\/2021\/10\/Technicke-muzeum-plakat-768x1086.jpg 768w, https:\/\/lk.regionalnidobrovolnickecentrum.cz\/subdom\/lk\/wp-content\/uploads\/2021\/10\/Technicke-muzeum-plakat-1086x1536.jpg 1086w, https:\/\/lk.regionalnidobrovolnickecentrum.cz\/subdom\/lk\/wp-content\/uploads\/2021\/10\/Technicke-muzeum-plakat-1448x2048.jpg 1448w, https:\/\/lk.regionalnidobrovolnickecentrum.cz\/subdom\/lk\/wp-content\/uploads\/2021\/10\/Technicke-muzeum-plakat.jpg 1587w\" sizes=\"(max-width: 212px) 100vw, 212px\" \/><\/p>\n","protected":false},"excerpt":{"rendered":"<p>M\u00e1te r\u00e1di techniku? Cht\u011bli byste ve sv\u00e9m voln\u00e9m \u010dase pom\u00e1hat s chodem Technick\u00e9ho muzea Liberec? Sta\u0148te se dobrovoln\u00edkem! Aktivita nen\u00ed<\/p>\n","protected":false},"author":11,"featured_media":2056,"comment_status":"closed","ping_status":"closed","sticky":false,"template":"","format":"standard","meta":{"om_disable_all_campaigns":false,"_monsterinsights_skip_tracking":false,"_monsterinsights_sitenote_active":false,"_monsterinsights_sitenote_note":"","_monsterinsights_sitenote_category":0,"footnotes":""},"categories":[93],"tags":[],"aioseo_notices":[],"_links":{"self":[{"href":"https:\/\/lk.regionalnidobrovolnickecentrum.cz\/subdom\/lk\/wp-json\/wp\/v2\/posts\/2052"}],"collection":[{"href":"https:\/\/lk.regionalnidobrovolnickecentrum.cz\/subdom\/lk\/wp-json\/wp\/v2\/posts"}],"about":[{"href":"https:\/\/lk.regionalnidobrovolnickecentrum.cz\/subdom\/lk\/wp-json\/wp\/v2\/types\/post"}],"author":[{"embeddable":true,"href":"https:\/\/lk.regionalnidobrovolnickecentrum.cz\/subdom\/lk\/wp-json\/wp\/v2\/users\/11"}],"replies":[{"embeddable":true,"href":"https:\/\/lk.regionalnidobrovolnickecentrum.cz\/subdom\/lk\/wp-json\/wp\/v2\/comments?post=2052"}],"version-history":[{"count":4,"href":"https:\/\/lk.regionalnidobrovolnickecentrum.cz\/subdom\/lk\/wp-json\/wp\/v2\/posts\/2052\/revisions"}],"predecessor-version":[{"id":2074,"href":"https:\/\/lk.regionalnidobrovolnickecentrum.cz\/subdom\/lk\/wp-json\/wp\/v2\/posts\/2052\/revisions\/2074"}],"wp:featuredmedia":[{"embeddable":true,"href":"https:\/\/lk.regionalnidobrovolnickecentrum.cz\/subdom\/lk\/wp-json\/wp\/v2\/media\/2056"}],"wp:attachment":[{"href":"https:\/\/lk.regionalnidobrovolnickecentrum.cz\/subdom\/lk\/wp-json\/wp\/v2\/media?parent=2052"}],"wp:term":[{"taxonomy":"category","embeddable":true,"href":"https:\/\/lk.regionalnidobrovolnickecentrum.cz\/subdom\/lk\/wp-json\/wp\/v2\/categories?post=2052"},{"taxonomy":"post_tag","embeddable":true,"href":"https:\/\/lk.regionalnidobrovolnickecentrum.cz\/subdom\/lk\/wp-json\/wp\/v2\/tags?post=2052"}],"curies":[{"name":"wp","href":"https:\/\/api.w.org\/{rel}","templated":true}]}}