{"id":2128,"date":"2021-11-22T09:02:31","date_gmt":"2021-11-22T08:02:31","guid":{"rendered":"https:\/\/lk.regionalnidobrovolnickecentrum.cz\/subdom\/lk\/?p=2128"},"modified":"2021-11-22T09:02:31","modified_gmt":"2021-11-22T08:02:31","slug":"stante-se-dobrovolnikem-v-lire","status":"publish","type":"post","link":"https:\/\/lk.regionalnidobrovolnickecentrum.cz\/subdom\/lk\/stante-se-dobrovolnikem-v-lire\/","title":{"rendered":"Sta\u0148te se dobrovoln\u00edkem v Li\u0159e!"},"content":{"rendered":"<p>Pomozte d\u011btem a sta\u0148te se dobrovoln\u00edkem! <a href=\"http:\/\/www.centrumlira.cz\/\">Centrum Lira<\/a> pom\u00e1h\u00e1 rodin\u00e1m s d\u011btmi se zdravotn\u00edm posti\u017een\u00edm nebo ohro\u017een\u00edm v\u00fdvoje, od narozen\u00ed do sedmi let.<\/p>\n<p>Pro sv\u00e9 programy nyn\u00ed hled\u00e1 dobrovoln\u00edky. Zapojte se i Vy!<\/p>\n<p><img loading=\"lazy\" decoding=\"async\" class=\"alignnone  wp-image-2130\" src=\"https:\/\/lk.regionalnidobrovolnickecentrum.cz\/subdom\/lk\/wp-content\/uploads\/2021\/11\/NABOR-DOBRA-V-LIRE-212x300.jpg\" alt=\"\" width=\"339\" height=\"480\" srcset=\"https:\/\/lk.regionalnidobrovolnickecentrum.cz\/subdom\/lk\/wp-content\/uploads\/2021\/11\/NABOR-DOBRA-V-LIRE-212x300.jpg 212w, https:\/\/lk.regionalnidobrovolnickecentrum.cz\/subdom\/lk\/wp-content\/uploads\/2021\/11\/NABOR-DOBRA-V-LIRE-724x1024.jpg 724w, https:\/\/lk.regionalnidobrovolnickecentrum.cz\/subdom\/lk\/wp-content\/uploads\/2021\/11\/NABOR-DOBRA-V-LIRE-768x1086.jpg 768w, https:\/\/lk.regionalnidobrovolnickecentrum.cz\/subdom\/lk\/wp-content\/uploads\/2021\/11\/NABOR-DOBRA-V-LIRE-1086x1536.jpg 1086w, https:\/\/lk.regionalnidobrovolnickecentrum.cz\/subdom\/lk\/wp-content\/uploads\/2021\/11\/NABOR-DOBRA-V-LIRE-1448x2048.jpg 1448w, https:\/\/lk.regionalnidobrovolnickecentrum.cz\/subdom\/lk\/wp-content\/uploads\/2021\/11\/NABOR-DOBRA-V-LIRE-scaled.jpg 1810w\" sizes=\"(max-width: 339px) 100vw, 339px\" \/><\/p>\n<p>&nbsp;<\/p>\n","protected":false},"excerpt":{"rendered":"<p>Pomozte d\u011btem a sta\u0148te se dobrovoln\u00edkem! Centrum Lira pom\u00e1h\u00e1 rodin\u00e1m s d\u011btmi se zdravotn\u00edm posti\u017een\u00edm nebo ohro\u017een\u00edm v\u00fdvoje, od narozen\u00ed<\/p>\n","protected":false},"author":11,"featured_media":2131,"comment_status":"closed","ping_status":"closed","sticky":false,"template":"","format":"standard","meta":{"om_disable_all_campaigns":false,"_monsterinsights_skip_tracking":false,"_monsterinsights_sitenote_active":false,"_monsterinsights_sitenote_note":"","_monsterinsights_sitenote_category":0,"footnotes":""},"categories":[2],"tags":[],"aioseo_notices":[],"_links":{"self":[{"href":"https:\/\/lk.regionalnidobrovolnickecentrum.cz\/subdom\/lk\/wp-json\/wp\/v2\/posts\/2128"}],"collection":[{"href":"https:\/\/lk.regionalnidobrovolnickecentrum.cz\/subdom\/lk\/wp-json\/wp\/v2\/posts"}],"about":[{"href":"https:\/\/lk.regionalnidobrovolnickecentrum.cz\/subdom\/lk\/wp-json\/wp\/v2\/types\/post"}],"author":[{"embeddable":true,"href":"https:\/\/lk.regionalnidobrovolnickecentrum.cz\/subdom\/lk\/wp-json\/wp\/v2\/users\/11"}],"replies":[{"embeddable":true,"href":"https:\/\/lk.regionalnidobrovolnickecentrum.cz\/subdom\/lk\/wp-json\/wp\/v2\/comments?post=2128"}],"version-history":[{"count":1,"href":"https:\/\/lk.regionalnidobrovolnickecentrum.cz\/subdom\/lk\/wp-json\/wp\/v2\/posts\/2128\/revisions"}],"predecessor-version":[{"id":2133,"href":"https:\/\/lk.regionalnidobrovolnickecentrum.cz\/subdom\/lk\/wp-json\/wp\/v2\/posts\/2128\/revisions\/2133"}],"wp:featuredmedia":[{"embeddable":true,"href":"https:\/\/lk.regionalnidobrovolnickecentrum.cz\/subdom\/lk\/wp-json\/wp\/v2\/media\/2131"}],"wp:attachment":[{"href":"https:\/\/lk.regionalnidobrovolnickecentrum.cz\/subdom\/lk\/wp-json\/wp\/v2\/media?parent=2128"}],"wp:term":[{"taxonomy":"category","embeddable":true,"href":"https:\/\/lk.regionalnidobrovolnickecentrum.cz\/subdom\/lk\/wp-json\/wp\/v2\/categories?post=2128"},{"taxonomy":"post_tag","embeddable":true,"href":"https:\/\/lk.regionalnidobrovolnickecentrum.cz\/subdom\/lk\/wp-json\/wp\/v2\/tags?post=2128"}],"curies":[{"name":"wp","href":"https:\/\/api.w.org\/{rel}","templated":true}]}}