{"id":2169,"date":"2021-12-29T18:58:33","date_gmt":"2021-12-29T17:58:33","guid":{"rendered":"https:\/\/lk.regionalnidobrovolnickecentrum.cz\/subdom\/lk\/?p=2169"},"modified":"2021-12-29T18:58:33","modified_gmt":"2021-12-29T17:58:33","slug":"tyden-pro-dobrovolnictvi","status":"publish","type":"post","link":"https:\/\/lk.regionalnidobrovolnickecentrum.cz\/subdom\/lk\/tyden-pro-dobrovolnictvi\/","title":{"rendered":"T\u00fdden pro dobrovolnictv\u00ed"},"content":{"rendered":"<p><em>V r\u00e1mci Krajsk\u00e9ho t\u00fddne pro neziskov\u00fd sektor prob\u011bhne i T\u00fdden pro dobrovolnictv\u00ed!<\/em><\/p>\n<p>V\u0161ichni tou\u017e\u00edme po podobn\u00fdch v\u011bcech. P\u0159ejeme si zdrav\u00ed, kr\u00e1snou rodinu, napl\u0148uj\u00edc\u00ed pr\u00e1ci, malebnou krajinu, ve kter\u00e9 bychom mohli \u017e\u00edt a sd\u00edlet sv\u016fj \u017eivot s ostatn\u00edmi. Jsou chv\u00edle, kdy se na\u0161e touhy napl\u0148uj\u00ed a t\u00e9m\u011b\u0159 se sv\u00fdch sn\u016f dot\u00fdk\u00e1me. Je ale mnoho jin\u00fdch chvil, kdy se c\u00edl na\u0161\u00ed touhy zd\u00e1 nedosa\u017eiteln\u00fd, chvil, kter\u00e9 jsou pro n\u00e1s t\u011b\u017ek\u00e9 a kdy se c\u00edt\u00edme zle. Do na\u0161ich \u017eivot\u016f nezvan\u011b, ale p\u0159irozen\u011b vstupuje bolest, nemoc, osam\u011bn\u00ed, smrt, \u010di smutek a my se s nimi pot\u0159ebujeme srovnat.<\/p>\n<p>Je d\u016fle\u017eit\u00e9, abychom v takov\u00fdch chv\u00edl\u00edch nez\u016fstali sami. Aby byl pobl\u00ed\u017e n\u011bkdo, kdo dok\u00e1\u017ee na\u0161e tr\u00e1pen\u00ed pochopit, porad\u00ed n\u00e1m, nebo s n\u00e1mi jen tak p\u016fjde kousek cesty. Kdo n\u00e1s pot\u011b\u0161\u00ed n\u00e1v\u0161t\u011bvou v nemocnici, uva\u0159\u00ed n\u00e1m k\u00e1vu v hospicov\u00e9 \u010dajovn\u011b, sd\u00edl\u00ed s n\u00e1mi, jak se on s\u00e1m vyrovn\u00e1val s t\u011b\u017ekou chorobou. N\u011bkdo, kdo bude v\u011bd\u011bt, jak p\u0159istoupit k na\u0161emu autistick\u00e9mu d\u00edt\u011bti, kdo se s\u00e1m dok\u00e1zal srovnat s odchodem bl\u00edzk\u00e9ho \u010dlov\u011bka, kdo dok\u00e1\u017ee s l\u00e1skou a citem pe\u010dovat o krajinu.<\/p>\n<p>V libereck\u00e9m kraji je takov\u00fdch lid\u00ed spousta. Poj\u010fme si jich v\u0161imnout, d\u00e1t jim prostor a pod\u011bkovat jim za jejich pr\u00e1ci pro n\u00e1s.<\/p>\n<p>Srde\u010dn\u011b V\u00e1s zveme do Krajsk\u00e9 v\u011bdeck\u00e9 knihovny na Krajsk\u00e9 <strong>T\u00dd<\/strong>dny pro <strong>NE<\/strong>ziskov\u00fd <strong>S<\/strong>ektor <strong>2022! <\/strong><\/p>\n<p>Od 3.2. do 3.3. 2022 jsou pro V\u00e1s p\u0159ipraveny p\u0159edn\u00e1\u0161ky, v\u00fdstava, prezentace neziskovek, pr\u00e1zdninov\u00e9 d\u00edlny pro d\u011bti, divadeln\u00ed p\u0159edstaven\u00ed, tane\u010dn\u00ed d\u00edlna, t\u00fdden pro dobrovolnictv\u00ed s koncertem pro pod\u011bkov\u00e1hn\u00ed dobrovoln\u00edk\u016fm, charitativn\u00ed bazar a mnoho dal\u0161\u00edch aktivit. Bude-li pot\u0159eba, pojedeme online!<\/p>\n","protected":false},"excerpt":{"rendered":"<p>V r\u00e1mci Krajsk\u00e9ho t\u00fddne pro neziskov\u00fd sektor prob\u011bhne i T\u00fdden pro dobrovolnictv\u00ed! V\u0161ichni tou\u017e\u00edme po podobn\u00fdch v\u011bcech. P\u0159ejeme si zdrav\u00ed,<\/p>\n","protected":false},"author":11,"featured_media":2170,"comment_status":"closed","ping_status":"closed","sticky":false,"template":"","format":"standard","meta":{"om_disable_all_campaigns":false,"_monsterinsights_skip_tracking":false,"_monsterinsights_sitenote_active":false,"_monsterinsights_sitenote_note":"","_monsterinsights_sitenote_category":0,"footnotes":""},"categories":[5],"tags":[],"aioseo_notices":[],"_links":{"self":[{"href":"https:\/\/lk.regionalnidobrovolnickecentrum.cz\/subdom\/lk\/wp-json\/wp\/v2\/posts\/2169"}],"collection":[{"href":"https:\/\/lk.regionalnidobrovolnickecentrum.cz\/subdom\/lk\/wp-json\/wp\/v2\/posts"}],"about":[{"href":"https:\/\/lk.regionalnidobrovolnickecentrum.cz\/subdom\/lk\/wp-json\/wp\/v2\/types\/post"}],"author":[{"embeddable":true,"href":"https:\/\/lk.regionalnidobrovolnickecentrum.cz\/subdom\/lk\/wp-json\/wp\/v2\/users\/11"}],"replies":[{"embeddable":true,"href":"https:\/\/lk.regionalnidobrovolnickecentrum.cz\/subdom\/lk\/wp-json\/wp\/v2\/comments?post=2169"}],"version-history":[{"count":1,"href":"https:\/\/lk.regionalnidobrovolnickecentrum.cz\/subdom\/lk\/wp-json\/wp\/v2\/posts\/2169\/revisions"}],"predecessor-version":[{"id":2172,"href":"https:\/\/lk.regionalnidobrovolnickecentrum.cz\/subdom\/lk\/wp-json\/wp\/v2\/posts\/2169\/revisions\/2172"}],"wp:featuredmedia":[{"embeddable":true,"href":"https:\/\/lk.regionalnidobrovolnickecentrum.cz\/subdom\/lk\/wp-json\/wp\/v2\/media\/2170"}],"wp:attachment":[{"href":"https:\/\/lk.regionalnidobrovolnickecentrum.cz\/subdom\/lk\/wp-json\/wp\/v2\/media?parent=2169"}],"wp:term":[{"taxonomy":"category","embeddable":true,"href":"https:\/\/lk.regionalnidobrovolnickecentrum.cz\/subdom\/lk\/wp-json\/wp\/v2\/categories?post=2169"},{"taxonomy":"post_tag","embeddable":true,"href":"https:\/\/lk.regionalnidobrovolnickecentrum.cz\/subdom\/lk\/wp-json\/wp\/v2\/tags?post=2169"}],"curies":[{"name":"wp","href":"https:\/\/api.w.org\/{rel}","templated":true}]}}