{"id":2182,"date":"2022-01-12T08:00:02","date_gmt":"2022-01-12T07:00:02","guid":{"rendered":"https:\/\/lk.regionalnidobrovolnickecentrum.cz\/subdom\/lk\/?p=2182"},"modified":"2022-01-12T08:21:53","modified_gmt":"2022-01-12T07:21:53","slug":"skoleni-dobrovolniku-probehne-12-dubna-2022-v-dobropointu-v-ceske-lipe","status":"publish","type":"post","link":"https:\/\/lk.regionalnidobrovolnickecentrum.cz\/subdom\/lk\/skoleni-dobrovolniku-probehne-12-dubna-2022-v-dobropointu-v-ceske-lipe\/","title":{"rendered":"\u0160kolen\u00ed dobrovoln\u00edk\u016f prob\u011bhne 12. dubna 2022 v Dobropointu v \u010cesk\u00e9 L\u00edp\u011b"},"content":{"rendered":"<p><strong>Zaj\u00edm\u00e1te-li se o mo\u017enosti, jak se zapojit do dobrovolnick\u00e9 \u010dinnosti v Libereck\u00e9m kraji a kde v\u0161ude je pro dobrovoln\u00edky p\u0159\u00edle\u017eitost, nab\u00edz\u00edme v\u00e1m setk\u00e1n\u00ed 12.4.2022 v Dobropointu v \u010cesk\u00e9 L\u00edp\u011b.<\/strong> <!--more--><\/p>\n<p>Sezn\u00e1m\u00edme v\u00e1s se z\u00e1kladn\u00edmi pravidly dobrovolnick\u00e9ho programu, p\u0159edstav\u00edme v\u00e1m r\u016fzn\u011b zam\u011b\u0159en\u00e9 dobrovolnick\u00e9 p\u0159\u00edle\u017eitosti ve va\u0161em okol\u00ed.<\/p>\n<p>\u0160kolen\u00ed je ur\u010deno i st\u00e1vaj\u00edc\u00edm dobrovoln\u00edk\u016fm, kte\u0159\u00ed si cht\u011bj\u00ed udr\u017eet radost z pr\u00e1ce, p\u0159edch\u00e1zet vy\u010derp\u00e1n\u00ed \u010di vyho\u0159en\u00ed. Dozv\u00edte se, jak se pracuje s ml\u00e1de\u017e\u00ed, seniory, osobami zdravotn\u011b posti\u017een\u00fdmi, men\u0161inami \u010di dal\u0161\u00edmi skupinami. Ujist\u00edte se, jak\u00e1 jsou va\u0161e pr\u00e1va a povinnosti.<\/p>\n<p>V\u0161e o dobrovolnictv\u00ed se dozv\u00edte na <strong>\u0161kolen\u00ed dobrovoln\u00edk\u016f<\/strong>, kter\u00e9 prob\u011bhne <strong>12. dubna 2022 od 16 do 20 hodin<\/strong> v Dobropointu v \u010cesk\u00e9 L\u00edp\u011b (ul. \u010ceskoslovensk\u00e9 arm\u00e1dy 1578\/12; <a href=\"https:\/\/mapy.cz\/s\/pobocohema\" target=\"_blank\" rel=\"noopener noreferrer\">mapa<\/a>).<\/p>\n<p><strong>Kontaktn\u00ed osoba<\/strong> pro p\u0159ihl\u00e1\u0161en\u00ed a dal\u0161\u00ed informace: Kate\u0159ina Hejdov\u00e1, telefon: 739 451 372, e-mail: dobropoint@adra.cz.<\/p>\n<p>Dal\u0161\u00ed informace&nbsp;<a href=\"https:\/\/lk.regionalnidobrovolnickecentrum.cz\/subdom\/lk\/events\/event\/skoleni-dobrovolniku-4\/\">zde<\/a>.<\/p>\n<p>&nbsp;<\/p>\n<p><img loading=\"lazy\" decoding=\"async\" class=\"size-full wp-image-2181 aligncenter\" src=\"https:\/\/lk.regionalnidobrovolnickecentrum.cz\/subdom\/lk\/wp-content\/uploads\/2022\/01\/skoleni_dobrovolniku_12-04-2022.jpg\" alt=\"\" width=\"800\" height=\"566\" srcset=\"https:\/\/lk.regionalnidobrovolnickecentrum.cz\/subdom\/lk\/wp-content\/uploads\/2022\/01\/skoleni_dobrovolniku_12-04-2022.jpg 800w, https:\/\/lk.regionalnidobrovolnickecentrum.cz\/subdom\/lk\/wp-content\/uploads\/2022\/01\/skoleni_dobrovolniku_12-04-2022-300x212.jpg 300w, https:\/\/lk.regionalnidobrovolnickecentrum.cz\/subdom\/lk\/wp-content\/uploads\/2022\/01\/skoleni_dobrovolniku_12-04-2022-768x543.jpg 768w\" sizes=\"(max-width: 800px) 100vw, 800px\" \/><\/p>\n","protected":false},"excerpt":{"rendered":"<p>Zaj\u00edm\u00e1te-li se o mo\u017enosti, jak se zapojit do dobrovolnick\u00e9 \u010dinnosti v Libereck\u00e9m kraji a kde v\u0161ude je pro dobrovoln\u00edky p\u0159\u00edle\u017eitost, nab\u00edz\u00edme v\u00e1m setk\u00e1n\u00ed 12.4.2022 v Dobropointu v \u010cesk\u00e9 L\u00edp\u011b.<\/p>\n","protected":false},"author":1,"featured_media":2183,"comment_status":"closed","ping_status":"closed","sticky":false,"template":"","format":"standard","meta":{"om_disable_all_campaigns":false,"_monsterinsights_skip_tracking":false,"_monsterinsights_sitenote_active":false,"_monsterinsights_sitenote_note":"","_monsterinsights_sitenote_category":0,"footnotes":""},"categories":[5],"tags":[],"aioseo_notices":[],"_links":{"self":[{"href":"https:\/\/lk.regionalnidobrovolnickecentrum.cz\/subdom\/lk\/wp-json\/wp\/v2\/posts\/2182"}],"collection":[{"href":"https:\/\/lk.regionalnidobrovolnickecentrum.cz\/subdom\/lk\/wp-json\/wp\/v2\/posts"}],"about":[{"href":"https:\/\/lk.regionalnidobrovolnickecentrum.cz\/subdom\/lk\/wp-json\/wp\/v2\/types\/post"}],"author":[{"embeddable":true,"href":"https:\/\/lk.regionalnidobrovolnickecentrum.cz\/subdom\/lk\/wp-json\/wp\/v2\/users\/1"}],"replies":[{"embeddable":true,"href":"https:\/\/lk.regionalnidobrovolnickecentrum.cz\/subdom\/lk\/wp-json\/wp\/v2\/comments?post=2182"}],"version-history":[{"count":1,"href":"https:\/\/lk.regionalnidobrovolnickecentrum.cz\/subdom\/lk\/wp-json\/wp\/v2\/posts\/2182\/revisions"}],"predecessor-version":[{"id":2186,"href":"https:\/\/lk.regionalnidobrovolnickecentrum.cz\/subdom\/lk\/wp-json\/wp\/v2\/posts\/2182\/revisions\/2186"}],"wp:featuredmedia":[{"embeddable":true,"href":"https:\/\/lk.regionalnidobrovolnickecentrum.cz\/subdom\/lk\/wp-json\/wp\/v2\/media\/2183"}],"wp:attachment":[{"href":"https:\/\/lk.regionalnidobrovolnickecentrum.cz\/subdom\/lk\/wp-json\/wp\/v2\/media?parent=2182"}],"wp:term":[{"taxonomy":"category","embeddable":true,"href":"https:\/\/lk.regionalnidobrovolnickecentrum.cz\/subdom\/lk\/wp-json\/wp\/v2\/categories?post=2182"},{"taxonomy":"post_tag","embeddable":true,"href":"https:\/\/lk.regionalnidobrovolnickecentrum.cz\/subdom\/lk\/wp-json\/wp\/v2\/tags?post=2182"}],"curies":[{"name":"wp","href":"https:\/\/api.w.org\/{rel}","templated":true}]}}