{"id":2191,"date":"2022-01-17T13:20:59","date_gmt":"2022-01-17T12:20:59","guid":{"rendered":"https:\/\/lk.regionalnidobrovolnickecentrum.cz\/subdom\/lk\/?p=2191"},"modified":"2022-01-17T13:25:28","modified_gmt":"2022-01-17T12:25:28","slug":"proc-delam-dobrovolnika-v-hospicove-cajovne","status":"publish","type":"post","link":"https:\/\/lk.regionalnidobrovolnickecentrum.cz\/subdom\/lk\/proc-delam-dobrovolnika-v-hospicove-cajovne\/","title":{"rendered":"Pro\u010d d\u011bl\u00e1m dobrovoln\u00edka v hospicov\u00e9 \u010dajovn\u011b"},"content":{"rendered":"<p>Jednou za m\u011bs\u00edc nasko\u010d\u00edm na autobus, dojedu do centra Liberce, vyb\u011bhnu kopec, projdu vr\u00e1tky a pak se za mnou zaklapnou dve\u0159e Hospice sv. Zdislavy. Cel\u00e9 odpoledne obsluhuji v \u010dajovn\u011b. Jsem jeden z nejm\u00e9n\u011b vhodn\u00fdch adept\u016f na \u010d\u00ed\u0161n\u00edka, to p\u0159izn\u00e1v\u00e1m. Nepamatuju si, co si lid\u00e9 objednali, p\u0159esto\u017ee si vytv\u00e1\u0159\u00edm d\u016fmysln\u00fd syst\u00e9m z\u00e1pisu na pap\u00edrky. Ob\u010das p\u0159inesu n\u011bco jin\u00e9ho a n\u011bkdy ani nev\u00edm, jak se n\u011bkter\u00e9 n\u00e1poje spr\u00e1vn\u011b p\u0159ipravuj\u00ed. Na\u0161t\u011bst\u00ed je v\u0161eobecn\u011b zn\u00e1mo, \u017ee v \u010dajovn\u011b p\u016fsob\u00ed dobrovoln\u00edci, tak\u017ee jsou host\u00e9 velmi shov\u00edvav\u00ed. Tuhle mi dokonce \u0161ikovn\u00e1 pan\u00ed pomohla s obsluhou k\u00e1vovaru.<\/p>\n<p>Pro\u010d to tedy d\u011bl\u00e1m? Pro\u010d se ve voln\u00e9m \u010dase nev\u011bnuji n\u011bjak\u00e9 \u010dinnosti, pro kterou m\u00e1m aspo\u0148 o n\u011bco v\u011bt\u0161\u00ed talent?<\/p>\n<p>Kdy\u017e pomineme takov\u00e9 ty obecn\u00e9 d\u016fvody, \u017ee \u010dlov\u011bk chce dobrovolnictv\u00edm d\u011blat n\u011bco smyslupln\u00e9ho, pomoct ostatn\u00edm, dob\u0159e tr\u00e1vit sv\u016fj voln\u00fd \u010das a tak d\u00e1le, dost\u00e1v\u00e1me se k hlub\u0161\u00ed rovin\u011b, kter\u00e1 je mo\u017en\u00e1 mnohem podstatn\u011bj\u0161\u00ed.<\/p>\n<p>Jen m\u00e1lo v\u011bcmi v\u00a0\u017eivot\u011b si m\u016f\u017eeme b\u00fdt tak jist\u00ed jako smrt\u00ed. Svoj\u00ed vlastn\u00ed i smrt\u00ed sv\u00fdch bl\u00edzk\u00fdch. P\u0159esto \u017eijeme v\u00a0kultu\u0159e, kter\u00e1 se tv\u00e1\u0159\u00ed, jako by smrt neexistovala. Jsme \u010dasto tolik zahlceni v\u0161ednodenn\u00edmi z\u00e1le\u017eitostmi, \u017ee v\u016fbec nem\u00e1me \u010das se zastavit a p\u0159em\u00fd\u0161let o n\u011b\u010dem podstatn\u00e9m. Nebo je to obr\u00e1cen\u011b? Co kdy\u017e se prost\u011b boj\u00edme zastavit, aby n\u00e1s d\u016fle\u017eit\u00e9 \u017eivotn\u00ed ot\u00e1zky nedostihly?<\/p>\n<p>Lid\u00e9 odjak\u017eiva um\u00edrali doma, obklopeni sv\u00fdmi bl\u00edzk\u00fdmi. Smrt byla p\u0159irozen\u00fdm vyvrcholen\u00edm \u017eivota, tajemnou br\u00e1nou, kterou se du\u0161e vyd\u00e1vala na dal\u0161\u00ed cestu. V\u0161echny ob\u0159ady, kter\u00e9 s\u00a0t\u00edm byly spojeny, pom\u00e1haly lidem s\u00a0rozlou\u010den\u00edm. Jsme tu jen na chv\u00edli, jdeme spolu jen kousek cesty. Kdy\u017e se na\u0161e cesty d\u011bl\u00ed, je t\u0159eba se \u0159\u00e1dn\u011b rozlou\u010dit.<\/p>\n<p>Dnes se um\u00edr\u00e1 v\u00a0nemocnic\u00edch, odchod \u010dlov\u011bka pova\u017eujeme za selh\u00e1n\u00ed medic\u00edny, neopravitelnou poruchu t\u011bla. V\u011bt\u0161ina z\u00a0n\u00e1s nikdy nikoho um\u00edrat nevid\u011bla, stejn\u011b jako jsme nevid\u011bli nikoho p\u0159ich\u00e1zet na sv\u011bt.<\/p>\n<p>M\u016f\u017eeme se stokr\u00e1t tv\u00e1\u0159it, \u017ee jsme v\u0161ichni mlad\u00ed, \u00fasp\u011b\u0161n\u00ed, nesmrteln\u00ed, \u017ee m\u00e1me v\u0161e pod kontrolou, m\u016f\u017eeme na smrt zapomenout. Je to v\u0161ak le\u017e. Smrt je spravedliv\u00e1 a p\u0159ijde jednoho dne do \u017eivota ka\u017ed\u00e9ho z n\u00e1s.<\/p>\n<p>Mysl\u00edm, \u017ee mi pravideln\u00e1 pr\u00e1ce v hospici pom\u00e1h\u00e1 srovnat se se smrt\u00ed. Mo\u017en\u00e1 n\u00e1m hospic obecn\u011b pom\u00e1h\u00e1 navr\u00e1tit se k\u00a0p\u0159irozen\u00e9mu \u0159\u00e1du v\u011bc\u00ed, kdy je smrt ned\u00edlnou sou\u010d\u00e1st\u00ed kolob\u011bhu \u017eivota. T\u0159eba m\u016f\u017ee b\u00fdt odchod bl\u00edzk\u00e9ho \u010dlov\u011bka vz\u00e1cn\u00fdm okam\u017eikem, kdy prask\u00e1 k\u016fra v\u0161ednodennosti a my m\u00e1me mo\u017enost se zastavit a aspo\u0148 malou \u0161kv\u00edrkou pohl\u00e9dnout do hloubky. T\u0159eba n\u00e1m m\u016f\u017ee p\u0159ipomenout, \u017ee jsme na Zemi jen host\u00e9 a je sm\u011b\u0161n\u00e9 lp\u011bt na nepodstatn\u00fdch v\u011bcech a dohadovat se o nich.<\/p>\n<p>Tak proto dobrovolni\u010d\u00edm v hospicov\u00e9 \u010dajovn\u011b.<\/p>\n<p>Lucie Nov\u00e1kov\u00e1<\/p>\n<p>\u010cl\u00e1nek vytvo\u0159en ve spolupr\u00e1ci s <a href=\"http:\/\/dobrovolnik.cz\" target=\"_blank\" rel=\"noopener\" data-saferedirecturl=\"https:\/\/www.google.com\/url?q=http:\/\/dobrovolnik.cz&amp;source=gmail&amp;ust=1642507699734000&amp;usg=AOvVaw0bF8Wye8_59JkgklItXs3W\">dobrovolnik.cz<\/a><\/p>\n","protected":false},"excerpt":{"rendered":"<p>Jednou za m\u011bs\u00edc nasko\u010d\u00edm na autobus, dojedu do centra Liberce, vyb\u011bhnu kopec, projdu vr\u00e1tky a pak se za mnou zaklapnou<\/p>\n","protected":false},"author":11,"featured_media":2192,"comment_status":"closed","ping_status":"closed","sticky":false,"template":"","format":"standard","meta":{"om_disable_all_campaigns":false,"_monsterinsights_skip_tracking":false,"_monsterinsights_sitenote_active":false,"_monsterinsights_sitenote_note":"","_monsterinsights_sitenote_category":0,"footnotes":""},"categories":[92],"tags":[],"aioseo_notices":[],"_links":{"self":[{"href":"https:\/\/lk.regionalnidobrovolnickecentrum.cz\/subdom\/lk\/wp-json\/wp\/v2\/posts\/2191"}],"collection":[{"href":"https:\/\/lk.regionalnidobrovolnickecentrum.cz\/subdom\/lk\/wp-json\/wp\/v2\/posts"}],"about":[{"href":"https:\/\/lk.regionalnidobrovolnickecentrum.cz\/subdom\/lk\/wp-json\/wp\/v2\/types\/post"}],"author":[{"embeddable":true,"href":"https:\/\/lk.regionalnidobrovolnickecentrum.cz\/subdom\/lk\/wp-json\/wp\/v2\/users\/11"}],"replies":[{"embeddable":true,"href":"https:\/\/lk.regionalnidobrovolnickecentrum.cz\/subdom\/lk\/wp-json\/wp\/v2\/comments?post=2191"}],"version-history":[{"count":3,"href":"https:\/\/lk.regionalnidobrovolnickecentrum.cz\/subdom\/lk\/wp-json\/wp\/v2\/posts\/2191\/revisions"}],"predecessor-version":[{"id":2196,"href":"https:\/\/lk.regionalnidobrovolnickecentrum.cz\/subdom\/lk\/wp-json\/wp\/v2\/posts\/2191\/revisions\/2196"}],"wp:featuredmedia":[{"embeddable":true,"href":"https:\/\/lk.regionalnidobrovolnickecentrum.cz\/subdom\/lk\/wp-json\/wp\/v2\/media\/2192"}],"wp:attachment":[{"href":"https:\/\/lk.regionalnidobrovolnickecentrum.cz\/subdom\/lk\/wp-json\/wp\/v2\/media?parent=2191"}],"wp:term":[{"taxonomy":"category","embeddable":true,"href":"https:\/\/lk.regionalnidobrovolnickecentrum.cz\/subdom\/lk\/wp-json\/wp\/v2\/categories?post=2191"},{"taxonomy":"post_tag","embeddable":true,"href":"https:\/\/lk.regionalnidobrovolnickecentrum.cz\/subdom\/lk\/wp-json\/wp\/v2\/tags?post=2191"}],"curies":[{"name":"wp","href":"https:\/\/api.w.org\/{rel}","templated":true}]}}