{"id":2204,"date":"2022-01-11T19:00:19","date_gmt":"2022-01-11T18:00:19","guid":{"rendered":"https:\/\/lk.regionalnidobrovolnickecentrum.cz\/subdom\/lk\/?p=2204"},"modified":"2022-01-23T19:28:57","modified_gmt":"2022-01-23T18:28:57","slug":"dny-dobrovolnictvi-v-libereckem-kraji","status":"publish","type":"post","link":"https:\/\/lk.regionalnidobrovolnickecentrum.cz\/subdom\/lk\/dny-dobrovolnictvi-v-libereckem-kraji\/","title":{"rendered":"Dny dobrovolnictv\u00ed v Libereck\u00e9m kraji"},"content":{"rendered":"<p><strong>Poznamenejte si dva \u00fanorov\u00e9 dny v\u011bnovan\u00e9 dobrovolnictv\u00ed v Libereck\u00e9m kraji. 24. a 25. \u00fanora 2022&nbsp; v prostor\u00e1ch Krajsk\u00e9 v\u011bdeck\u00e9 knihovny v Liberci otev\u0159eme prostor pro setk\u00e1n\u00ed s dobrovolnictv\u00edm.<\/strong><!--more--><span id=\"more-2199\"><\/span><\/p>\n<p>Vyu\u017eijte skv\u011bl\u00e9 p\u0159\u00edle\u017eitosti k z\u00edsk\u00e1n\u00ed informac\u00ed o dobrovolnictv\u00ed v r\u00e1mci Krajsk\u00fdch t\u00fddn\u016f pro neziskov\u00fd sektor <a href=\"https:\/\/www.tynes.cz\/kopie-co\" target=\"_blank\" rel=\"noopener\">T\u00fdnes 2022<\/a>&nbsp;a&nbsp;<a href=\"https:\/\/lk.regionalnidobrovolnickecentrum.cz\/subdom\/lk\/tyden-pro-dobrovolnictvi\/\">T\u00fddne dobrovolnictv\u00ed<\/a>.<\/p>\n<h4>Co nab\u00edz\u00edme?<\/h4>\n<ul>\n<li>P\u0159ehled nab\u00eddek dobrovolnictv\u00ed v kraji<\/li>\n<li>Informace o organizac\u00edch zapojen\u00fdch do dobrovolnictv\u00ed<\/li>\n<li>V\u0161e o dobrovolnictv\u00ed (z\u00e1kon, financov\u00e1n\u00ed, pr\u00e1va a povinnosti dobrovoln\u00edk\u016f atd.)<\/li>\n<li>P\u0159\u00edklady dobr\u00e9 praxe, p\u0159\u00edklady dobrovolnick\u00e9 pomoci<\/li>\n<li>V\u00fdstava fotografi\u00ed o dobrovolnictv\u00ed v kraji<\/li>\n<\/ul>\n<p><strong>&nbsp;<\/strong><a href=\"https:\/\/lk.regionalnidobrovolnickecentrum.cz\/subdom\/lk\/wp-content\/uploads\/2022\/01\/Dny_dobrovolnictvi_2022.pdf\" target=\"_blank\" rel=\"noopener\">Pozv\u00e1nka ke sta\u017een\u00ed<\/a>&nbsp;(PDF)<\/p>\n<p>V\u00edce informac\u00ed ve <a href=\"https:\/\/lk.regionalnidobrovolnickecentrum.cz\/subdom\/lk\/events\/event\/dny-dobrovolnictvi-v-libereckem-kraji\/\">webov\u00e9m kalend\u00e1\u0159i<\/a>.<\/p>\n<p>&nbsp;<\/p>\n<p><img loading=\"lazy\" decoding=\"async\" class=\"size-full wp-image-2200 aligncenter\" src=\"https:\/\/lk.regionalnidobrovolnickecentrum.cz\/subdom\/lk\/wp-content\/uploads\/2022\/01\/Dny_dobrovolnictvi_2022.jpg\" alt=\"\" width=\"800\" height=\"1131\" srcset=\"https:\/\/lk.regionalnidobrovolnickecentrum.cz\/subdom\/lk\/wp-content\/uploads\/2022\/01\/Dny_dobrovolnictvi_2022.jpg 800w, https:\/\/lk.regionalnidobrovolnickecentrum.cz\/subdom\/lk\/wp-content\/uploads\/2022\/01\/Dny_dobrovolnictvi_2022-212x300.jpg 212w, https:\/\/lk.regionalnidobrovolnickecentrum.cz\/subdom\/lk\/wp-content\/uploads\/2022\/01\/Dny_dobrovolnictvi_2022-724x1024.jpg 724w, https:\/\/lk.regionalnidobrovolnickecentrum.cz\/subdom\/lk\/wp-content\/uploads\/2022\/01\/Dny_dobrovolnictvi_2022-768x1086.jpg 768w\" sizes=\"(max-width: 800px) 100vw, 800px\" \/><\/p>\n<p>&nbsp;<\/p>\n<p>&nbsp;<\/p>\n","protected":false},"excerpt":{"rendered":"<p>24. a 25. \u00fanora 2022 v prostor\u00e1ch Krajsk\u00e9 v\u011bdeck\u00e9 knihovny v Liberci otev\u0159eme prostor pro setk\u00e1n\u00ed s dobrovolnictv\u00edm. V\u0161e, co jste o dobrovolnictv\u00ed cht\u011bli v\u011bd\u011bt!<\/p>\n","protected":false},"author":1,"featured_media":167,"comment_status":"closed","ping_status":"closed","sticky":false,"template":"","format":"standard","meta":{"om_disable_all_campaigns":false,"_monsterinsights_skip_tracking":false,"_monsterinsights_sitenote_active":false,"_monsterinsights_sitenote_note":"","_monsterinsights_sitenote_category":0,"footnotes":""},"categories":[5],"tags":[],"aioseo_notices":[],"_links":{"self":[{"href":"https:\/\/lk.regionalnidobrovolnickecentrum.cz\/subdom\/lk\/wp-json\/wp\/v2\/posts\/2204"}],"collection":[{"href":"https:\/\/lk.regionalnidobrovolnickecentrum.cz\/subdom\/lk\/wp-json\/wp\/v2\/posts"}],"about":[{"href":"https:\/\/lk.regionalnidobrovolnickecentrum.cz\/subdom\/lk\/wp-json\/wp\/v2\/types\/post"}],"author":[{"embeddable":true,"href":"https:\/\/lk.regionalnidobrovolnickecentrum.cz\/subdom\/lk\/wp-json\/wp\/v2\/users\/1"}],"replies":[{"embeddable":true,"href":"https:\/\/lk.regionalnidobrovolnickecentrum.cz\/subdom\/lk\/wp-json\/wp\/v2\/comments?post=2204"}],"version-history":[{"count":1,"href":"https:\/\/lk.regionalnidobrovolnickecentrum.cz\/subdom\/lk\/wp-json\/wp\/v2\/posts\/2204\/revisions"}],"predecessor-version":[{"id":2205,"href":"https:\/\/lk.regionalnidobrovolnickecentrum.cz\/subdom\/lk\/wp-json\/wp\/v2\/posts\/2204\/revisions\/2205"}],"wp:featuredmedia":[{"embeddable":true,"href":"https:\/\/lk.regionalnidobrovolnickecentrum.cz\/subdom\/lk\/wp-json\/wp\/v2\/media\/167"}],"wp:attachment":[{"href":"https:\/\/lk.regionalnidobrovolnickecentrum.cz\/subdom\/lk\/wp-json\/wp\/v2\/media?parent=2204"}],"wp:term":[{"taxonomy":"category","embeddable":true,"href":"https:\/\/lk.regionalnidobrovolnickecentrum.cz\/subdom\/lk\/wp-json\/wp\/v2\/categories?post=2204"},{"taxonomy":"post_tag","embeddable":true,"href":"https:\/\/lk.regionalnidobrovolnickecentrum.cz\/subdom\/lk\/wp-json\/wp\/v2\/tags?post=2204"}],"curies":[{"name":"wp","href":"https:\/\/api.w.org\/{rel}","templated":true}]}}