{"id":2209,"date":"2022-01-27T21:01:12","date_gmt":"2022-01-27T20:01:12","guid":{"rendered":"https:\/\/lk.regionalnidobrovolnickecentrum.cz\/subdom\/lk\/?p=2209"},"modified":"2022-01-28T11:21:47","modified_gmt":"2022-01-28T10:21:47","slug":"pojedme-do-prirody-na-elektrorikse","status":"publish","type":"post","link":"https:\/\/lk.regionalnidobrovolnickecentrum.cz\/subdom\/lk\/pojedme-do-prirody-na-elektrorikse\/","title":{"rendered":"Poje\u010fme do p\u0159\u00edrody! Na elektrorik\u0161e."},"content":{"rendered":"<p>Je\u0161t\u011b jste o elektrorik\u0161e na na\u0161em \u00fazem\u00ed nesly\u0161eli? Jezd\u00ed tu u\u017e od roku 2018. Pr\u016fkopn\u00edkem byl spolek <a href=\"http:\/\/www.senior-otrokovice.cz\/\" data-cke-saved-href=\"http:\/\/www.senior-otrokovice.cz\/\">Senior Otrokovice<\/a>, kter\u00fd zakoupil pro sv\u00e9 obyvatele prvn\u00ed elektrorik\u0161u v zemi. Za n\u011bkolik m\u011bs\u00edc\u016f se projekt roz\u0161\u00ed\u0159il i do dal\u0161\u00edch m\u011bst Jihomoravsk\u00e9ho, \u00dasteck\u00e9ho, St\u0159edo\u010desk\u00e9ho\u00a0nebo Moravskoslezsk\u00e9ho kraje. I nap\u0159. v Otrokovic\u00edch,\u00a0\u00a0Ostrav\u011b, \u00dast\u00ed nad Labem nebo\u00a0v Mlad\u00e9 Boleslavi berou dobrovoln\u00edci seniory a lidi se zdravotn\u00edm posti\u017een\u00edm na vyj\u00ed\u017e\u010fky po okol\u00ed t\u00edmto ekologick\u00fdm dopravn\u00edm prost\u0159edkem.<!--more--><\/p>\n<p>Tento rok se do\u010dk\u00e1 i Libereck\u00fd kraj. V \u010cesk\u00e9 L\u00edp\u011b chce projekt spustit \u0159editel <a href=\"https:\/\/adra.cz\/jak-pomahame\/dobrovolnictvi\/ceska-lipa\/\">\u010deskolipsk\u00e9 pobo\u010dky ADRY<\/a> Petr M\u00e1\u0161ka. Sh\u00e1n\u00ed dobrovoln\u00edky, kte\u0159\u00ed budou po cyklostezk\u00e1ch vozit seniory, klienty <a href=\"https:\/\/www.alzheimercentrum.cz\/ceska-lipa\">Alzheimer centra<\/a> nebo lidi se zdravotn\u00edm posti\u017een\u00edm ze<a href=\"http:\/\/www.domovslunecnidvur.cz\/\"> Slune\u010dn\u00edho dvora<\/a>. Ob\u010das budou moci vyu\u017e\u00edt rik\u0161u i klienti z dom\u00e1cnost\u00ed. Rik\u0161a je trojm\u00edstn\u00e1, tzn. jeden dobrovoln\u00edk jako pohonn\u00e1 s\u00edla a dva klienti.<\/p>\n<p>Proj\u00ed\u017e\u010fky budou realizov\u00e1ny na m\u00edstn\u00edch cyklostezk\u00e1ch. Zvl\u00e1dne ale rik\u0161a i kopcovit\u00fd ter\u00e9n, kter\u00fd je pro m\u00edstn\u00ed krajinu typick\u00fd? \u201e<em>M\u00e1me siln\u011bj\u0161\u00ed verzi elektrorik\u0161i, kter\u00e1 zvl\u00e1dne i kopce. V ter\u00e9nu je dojezdov\u00e1 vzd\u00e1lenost 20 km , po rovin\u011b 40 km <\/em><em>na jednu baterii<\/em><em>, p\u0159i\u010dem\u017e m\u00e1me baterie dv\u011b<\/em>\u201c, vysv\u011btluje Petr M\u00e1\u0161ka. Klienti se tak budou moci naba\u017eit p\u0159\u00edrody. Proj\u00ed\u017e\u010fky by m\u011bly prob\u00edhat beze sp\u011bchu tak, aby se dobrovoln\u00edci a klienti mohli navz\u00e1jem pod\u011blit o sv\u00e9 z\u00e1\u017eitky a \u017eivotn\u00ed p\u0159\u00edb\u011bhy. Petr M\u00e1\u0161ka dod\u00e1v\u00e1: \u201e<em>S n\u00e1padem p\u0159i\u0161el jeden n\u00e1\u0161 dobrovoln\u00edk je\u0161t\u011b p\u0159ed pandemi\u00ed koronaviru, ale koronavir realizaci t\u00e9to my\u0161lenky urychlil, proto\u017ee n\u00e1m p\u0159ipadalo velmi vhodn\u00e9 dostat seniory a zdravotn\u011b posti\u017een\u00e9 po dlouhodob\u00e9 izolaci mimo zdi jejich<\/em><img loading=\"lazy\" decoding=\"async\" class=\"size-medium wp-image-2210 alignright\" src=\"https:\/\/lk.regionalnidobrovolnickecentrum.cz\/subdom\/lk\/wp-content\/uploads\/2022\/01\/riksa-169x300.jpg\" alt=\"\" width=\"169\" height=\"300\" \/><em>\u00a0za\u0159\u00edzen\u00ed.<\/em>\u201c<\/p>\n<p>Projekt by se v\u00a0\u010cesk\u00e9 L\u00edp\u011b m\u011bl naplno rozb\u011bhnout na p\u0159elomu dubna a kv\u011btna. Zat\u00edm m\u00e1 za sebou rik\u0161a pouze zku\u0161ebn\u00ed provoz \u2013 dobrovoln\u00edci na n\u00ed najezdili 250 km. Pro pravideln\u00fd provoz ale ADRA v\u00a0\u010cesk\u00e9 L\u00edp\u011b hled\u00e1 alespo\u0148 deset dobrovoln\u00edk\u016f. Ti budou pro\u0161koleni, sezn\u00e1meni s\u00a0manu\u00e1lem a absolvuj\u00ed zku\u0161ebn\u00ed j\u00edzdy.\u00a0 \u00a0ADRA bude koordinovat provoz pomoc\u00ed online rezerva\u010dn\u00edho formul\u00e1\u0159e, kter\u00fd bude p\u0159\u00edstupn\u00fd jak dobrovoln\u00edk\u016fm, tak organizac\u00edm, kter\u00e9 budou moci sv\u00fdm klient\u016fm rezervovat datum a \u010das.<\/p>\n<p>Elektrick\u00e1 rik\u0161a se ovl\u00e1d\u00e1 snadno jako kolo,\u00a0d\u00edky pomocn\u00e9mu motoru je \u0161lap\u00e1n\u00ed komfortn\u00ed i s pos\u00e1dkou. \u0158\u00eddit rik\u0161u zvl\u00e1dne ka\u017ed\u00fd. Sportovec, netr\u00e9novan\u00fd \u010dlov\u011bk bez fyzi\u010dky nebo i penzista.<\/p>\n<p>Cel\u00fd tento n\u00e1pad vznikl v\u00a0roce 2012 v D\u00e1nsku pod n\u00e1zvem Cycling without age; je zam\u011b\u0159en pr\u00e1v\u011b na propojov\u00e1n\u00ed r\u016fzn\u00fdch generac\u00ed. Pan Roman Meli\u0161ka, kter\u00fd projekt zavedl v Mlad\u00e9 Boleslavi, o d\u00e1nsk\u00e9m projektu pro <a href=\"https:\/\/zdopravy.cz\/v-mlade-boleslavi-zacala-jezdit-riksa-dobrovolnici-vozi-seniory-po-meste-53104\/\">server zdopravy.cz<\/a> \u0159ekl:\u00a0<em>\u201eVzniklo z toho emotivn\u00ed a siln\u00e9 hnut\u00ed; co za\u010dalo v jednom m\u011bst\u011b s jednou star\u0161\u00ed cyklorik\u0161ou, nabralo b\u011bhem let s\u00edlu po cel\u00e9m sv\u011bt\u011b. Dnes jezd\u00ed pod hlavi\u010dkou Cycling without age p\u0159es 3 000 elektrick\u00fdch trojkolek v 50 zem\u00edch sv\u011bta.\u201c<\/em>\u00a0Nejstar\u0161\u00edm pilotem byl pr\u00fd 90let\u00fd D\u00e1n J\u00f8rgen Hass. A nejstar\u0161\u00ed pasa\u017e\u00e9\u0159i pan\u00ed Yeo Iu ze Singapuru a Dagny Carlsson ze \u0160v\u00e9dska, oba 107 let.<\/p>\n<p>&nbsp;<\/p>\n<p>&nbsp;<\/p>\n<p>&nbsp;<\/p>\n<p>&nbsp;<\/p>\n","protected":false},"excerpt":{"rendered":"<p>Je\u0161t\u011b jste o elektrorik\u0161e na na\u0161em \u00fazem\u00ed nesly\u0161eli? Jezd\u00ed tu u\u017e od roku 2018. Pr\u016fkopn\u00edkem byl spolek Senior Otrokovice, kter\u00fd<\/p>\n","protected":false},"author":20,"featured_media":2212,"comment_status":"closed","ping_status":"closed","sticky":false,"template":"","format":"standard","meta":{"om_disable_all_campaigns":false,"_monsterinsights_skip_tracking":false,"_monsterinsights_sitenote_active":false,"_monsterinsights_sitenote_note":"","_monsterinsights_sitenote_category":0,"footnotes":""},"categories":[5],"tags":[],"aioseo_notices":[],"_links":{"self":[{"href":"https:\/\/lk.regionalnidobrovolnickecentrum.cz\/subdom\/lk\/wp-json\/wp\/v2\/posts\/2209"}],"collection":[{"href":"https:\/\/lk.regionalnidobrovolnickecentrum.cz\/subdom\/lk\/wp-json\/wp\/v2\/posts"}],"about":[{"href":"https:\/\/lk.regionalnidobrovolnickecentrum.cz\/subdom\/lk\/wp-json\/wp\/v2\/types\/post"}],"author":[{"embeddable":true,"href":"https:\/\/lk.regionalnidobrovolnickecentrum.cz\/subdom\/lk\/wp-json\/wp\/v2\/users\/20"}],"replies":[{"embeddable":true,"href":"https:\/\/lk.regionalnidobrovolnickecentrum.cz\/subdom\/lk\/wp-json\/wp\/v2\/comments?post=2209"}],"version-history":[{"count":3,"href":"https:\/\/lk.regionalnidobrovolnickecentrum.cz\/subdom\/lk\/wp-json\/wp\/v2\/posts\/2209\/revisions"}],"predecessor-version":[{"id":2216,"href":"https:\/\/lk.regionalnidobrovolnickecentrum.cz\/subdom\/lk\/wp-json\/wp\/v2\/posts\/2209\/revisions\/2216"}],"wp:featuredmedia":[{"embeddable":true,"href":"https:\/\/lk.regionalnidobrovolnickecentrum.cz\/subdom\/lk\/wp-json\/wp\/v2\/media\/2212"}],"wp:attachment":[{"href":"https:\/\/lk.regionalnidobrovolnickecentrum.cz\/subdom\/lk\/wp-json\/wp\/v2\/media?parent=2209"}],"wp:term":[{"taxonomy":"category","embeddable":true,"href":"https:\/\/lk.regionalnidobrovolnickecentrum.cz\/subdom\/lk\/wp-json\/wp\/v2\/categories?post=2209"},{"taxonomy":"post_tag","embeddable":true,"href":"https:\/\/lk.regionalnidobrovolnickecentrum.cz\/subdom\/lk\/wp-json\/wp\/v2\/tags?post=2209"}],"curies":[{"name":"wp","href":"https:\/\/api.w.org\/{rel}","templated":true}]}}