{"id":2217,"date":"2022-02-01T09:09:33","date_gmt":"2022-02-01T08:09:33","guid":{"rendered":"https:\/\/lk.regionalnidobrovolnickecentrum.cz\/subdom\/lk\/?p=2217"},"modified":"2022-02-01T09:14:23","modified_gmt":"2022-02-01T08:14:23","slug":"dobrovolnici-pomuzou-rodinam-s-autismem","status":"publish","type":"post","link":"https:\/\/lk.regionalnidobrovolnickecentrum.cz\/subdom\/lk\/dobrovolnici-pomuzou-rodinam-s-autismem\/","title":{"rendered":"Dobrovoln\u00edci pom\u016f\u017eou rodin\u00e1m s autismem"},"content":{"rendered":"<div>V \u010cesk\u00e9 republice i v Libereck\u00e9m kraji se naplno rozj\u00ed\u017ed\u00ed projekt homesharingu. O co se jedn\u00e1?<\/div>\n<div><\/div>\n<div>Homesharing je sd\u00edlen\u00e1 p\u00e9\u010de. Modern\u00ed a p\u0159irozen\u00fd syst\u00e9m podpory rodin d\u011bt\u00ed s ment\u00e1ln\u00edm \u010di kombinovan\u00fdm posti\u017een\u00edm. Propojuje dlouhodob\u011b pe\u010duj\u00edc\u00ed rodiny s rodinami \u010di jednotlivci, kte\u0159\u00ed cht\u011bj\u00ed a mohou \u010d\u00e1st sv\u00e9ho voln\u00e9ho \u010dasu v\u011bnovat d\u00edt\u011bti s posti\u017een\u00edm a pe\u010dovat o n\u011bj jako jeho tzv. hostitel\u00e9.<\/div>\n<div>Hostitel je jednotlivec \u010di rodina, kter\u00fd si pravideln\u011b bere d\u00edt\u011b na p\u0159edem domluven\u00fd \u010das do sv\u00e9 dom\u00e1cnosti, spole\u010dn\u011b si hraj\u00ed, chod\u00ed na proch\u00e1zky nebo kresl\u00ed\u2026 D\u00edt\u011b se pak vrac\u00ed zp\u00e1tky do sv\u00e9 rodiny.<\/div>\n<div>\n<p>D\u00edt\u011b s ment\u00e1ln\u00edm \u010di kombinovan\u00fdm znev\u00fdhodn\u011bn\u00edm z\u00edsk\u00e1v\u00e1 nov\u00e9 soci\u00e1ln\u00ed kontakty a dovednosti, zat\u00edmco jeho rodina si m\u016f\u017ee vydechnout a nabrat nov\u00e9 s\u00edly.<\/p>\n<p><img loading=\"lazy\" decoding=\"async\" class=\"size-medium wp-image-2222 alignright\" src=\"https:\/\/lk.regionalnidobrovolnickecentrum.cz\/subdom\/lk\/wp-content\/uploads\/2022\/02\/HOMESHARING-03-212x300.jpg\" alt=\"\" width=\"212\" height=\"300\" srcset=\"https:\/\/lk.regionalnidobrovolnickecentrum.cz\/subdom\/lk\/wp-content\/uploads\/2022\/02\/HOMESHARING-03-212x300.jpg 212w, https:\/\/lk.regionalnidobrovolnickecentrum.cz\/subdom\/lk\/wp-content\/uploads\/2022\/02\/HOMESHARING-03-724x1024.jpg 724w, https:\/\/lk.regionalnidobrovolnickecentrum.cz\/subdom\/lk\/wp-content\/uploads\/2022\/02\/HOMESHARING-03-768x1086.jpg 768w, https:\/\/lk.regionalnidobrovolnickecentrum.cz\/subdom\/lk\/wp-content\/uploads\/2022\/02\/HOMESHARING-03-1086x1536.jpg 1086w, https:\/\/lk.regionalnidobrovolnickecentrum.cz\/subdom\/lk\/wp-content\/uploads\/2022\/02\/HOMESHARING-03-1448x2048.jpg 1448w, https:\/\/lk.regionalnidobrovolnickecentrum.cz\/subdom\/lk\/wp-content\/uploads\/2022\/02\/HOMESHARING-03.jpg 1654w\" sizes=\"(max-width: 212px) 100vw, 212px\" \/>Hostitelem se m\u016f\u017ee st\u00e1t ka\u017ed\u00fd, kdo m\u00e1 chu\u0165 pom\u00e1hat, m\u016f\u017ee nab\u00eddnout \u010d\u00e1st sv\u00e9ho \u010dasu, energie a prostoru.<\/p>\n<p>M\u00e1te-li chu\u0165 se o projektu dozv\u011bd\u011bt v\u00edce, informace naleznete na zast\u0159e\u0161uj\u00edc\u00edch str\u00e1nk\u00e1ch <a href=\"https:\/\/homesharing.cz\/\">https:\/\/homesharing.cz<\/a> s mnoha informacemi.<\/p>\n<p>V na\u0161em regionu se homesharingem zab\u00fdv\u00e1 spole\u010dnost L\u00cdP A SPOLU <a href=\"https:\/\/www.lipaspolu.cz\/sluzby\/homesharing\/\">https:\/\/www.lipaspolu.cz\/sluzby\/homesharing\/<\/a>, na jejich str\u00e1nk\u00e1ch se mohou z\u00e1jemci i zaregistrovat.<\/p>\n<\/div>\n<div>\n<div>P\u0159ikl\u00e1d\u00e1m je\u0161t\u011b odkaz na podcast, kde je v\u011bt\u0161\u00ed \u010d\u00e1st v\u011bnovan\u00e1 homesharingu:<\/div>\n<div>\n<p class=\"-wm-MsoNormal\"><a href=\"https:\/\/anchor.fm\/milan-brta\/episodes\/Podcast-i-n-80-nejen-s-Radkou-Ondrukovou-o-homesharingu-e1d0vrb?fbclid=IwAR0qKJbXEmIZrpu3W1dFyINBSUesla4Fa6th_dWajfLcuNJ4Ia3gRdTT0ho\">https:\/\/anchor.fm\/milan-brta\/episodes\/Podcast-i-n-80-nejen-s-Radkou-Ondrukovou-o-homesharingu-e1d0vrb?fbclid=IwAR0qKJbXEmIZrpu3W1dFyINBSUesla4Fa6th_dWajfLcuNJ4Ia3gRdTT0ho<\/a><\/p>\n<\/div>\n<\/div>\n<p>a na novinov\u00fd \u010dl\u00e1nek, kter\u00fd je homesharingu v\u011bnovan\u00fd &#8211; odkaz je <a href=\"https:\/\/www.novinky.cz\/domaci\/clanek\/homesharing-kdyz-rodinam-s-autisty-pomahaji-dobrovolnici-40385159\">zde.<\/a><\/p>\n<p>Nebojme se v\u011bnovat \u010das a energii t\u011bm, kte\u0159\u00ed to pot\u0159ebuj\u00ed!<\/p>\n<p>&nbsp;<\/p>\n","protected":false},"excerpt":{"rendered":"<p>V \u010cesk\u00e9 republice i v Libereck\u00e9m kraji se naplno rozj\u00ed\u017ed\u00ed projekt homesharingu. O co se jedn\u00e1? Homesharing je sd\u00edlen\u00e1 p\u00e9\u010de.<\/p>\n","protected":false},"author":11,"featured_media":2220,"comment_status":"closed","ping_status":"closed","sticky":false,"template":"","format":"standard","meta":{"om_disable_all_campaigns":false,"_monsterinsights_skip_tracking":false,"_monsterinsights_sitenote_active":false,"_monsterinsights_sitenote_note":"","_monsterinsights_sitenote_category":0,"footnotes":""},"categories":[2,93],"tags":[],"aioseo_notices":[],"_links":{"self":[{"href":"https:\/\/lk.regionalnidobrovolnickecentrum.cz\/subdom\/lk\/wp-json\/wp\/v2\/posts\/2217"}],"collection":[{"href":"https:\/\/lk.regionalnidobrovolnickecentrum.cz\/subdom\/lk\/wp-json\/wp\/v2\/posts"}],"about":[{"href":"https:\/\/lk.regionalnidobrovolnickecentrum.cz\/subdom\/lk\/wp-json\/wp\/v2\/types\/post"}],"author":[{"embeddable":true,"href":"https:\/\/lk.regionalnidobrovolnickecentrum.cz\/subdom\/lk\/wp-json\/wp\/v2\/users\/11"}],"replies":[{"embeddable":true,"href":"https:\/\/lk.regionalnidobrovolnickecentrum.cz\/subdom\/lk\/wp-json\/wp\/v2\/comments?post=2217"}],"version-history":[{"count":3,"href":"https:\/\/lk.regionalnidobrovolnickecentrum.cz\/subdom\/lk\/wp-json\/wp\/v2\/posts\/2217\/revisions"}],"predecessor-version":[{"id":2225,"href":"https:\/\/lk.regionalnidobrovolnickecentrum.cz\/subdom\/lk\/wp-json\/wp\/v2\/posts\/2217\/revisions\/2225"}],"wp:featuredmedia":[{"embeddable":true,"href":"https:\/\/lk.regionalnidobrovolnickecentrum.cz\/subdom\/lk\/wp-json\/wp\/v2\/media\/2220"}],"wp:attachment":[{"href":"https:\/\/lk.regionalnidobrovolnickecentrum.cz\/subdom\/lk\/wp-json\/wp\/v2\/media?parent=2217"}],"wp:term":[{"taxonomy":"category","embeddable":true,"href":"https:\/\/lk.regionalnidobrovolnickecentrum.cz\/subdom\/lk\/wp-json\/wp\/v2\/categories?post=2217"},{"taxonomy":"post_tag","embeddable":true,"href":"https:\/\/lk.regionalnidobrovolnickecentrum.cz\/subdom\/lk\/wp-json\/wp\/v2\/tags?post=2217"}],"curies":[{"name":"wp","href":"https:\/\/api.w.org\/{rel}","templated":true}]}}