{"id":2234,"date":"2022-02-23T23:18:38","date_gmt":"2022-02-23T22:18:38","guid":{"rendered":"https:\/\/lk.regionalnidobrovolnickecentrum.cz\/subdom\/lk\/?p=2234"},"modified":"2022-02-23T23:19:17","modified_gmt":"2022-02-23T22:19:17","slug":"zveme-vas-na-dny-dobrovolnictvi-v-libereckem-kraji","status":"publish","type":"post","link":"https:\/\/lk.regionalnidobrovolnickecentrum.cz\/subdom\/lk\/zveme-vas-na-dny-dobrovolnictvi-v-libereckem-kraji\/","title":{"rendered":"Zveme V\u00e1s na dny dobrovolnictv\u00ed v Libereck\u00e9m kraji"},"content":{"rendered":"<p><img loading=\"lazy\" decoding=\"async\" class=\"wp-image-2237 alignright\" src=\"https:\/\/lk.regionalnidobrovolnickecentrum.cz\/subdom\/lk\/wp-content\/uploads\/2022\/02\/Dny-dobrovolnictvi-TYNES-2022-1-1-212x300.jpg\" alt=\"\" width=\"407\" height=\"576\" srcset=\"https:\/\/lk.regionalnidobrovolnickecentrum.cz\/subdom\/lk\/wp-content\/uploads\/2022\/02\/Dny-dobrovolnictvi-TYNES-2022-1-1-212x300.jpg 212w, https:\/\/lk.regionalnidobrovolnickecentrum.cz\/subdom\/lk\/wp-content\/uploads\/2022\/02\/Dny-dobrovolnictvi-TYNES-2022-1-1-724x1024.jpg 724w, https:\/\/lk.regionalnidobrovolnickecentrum.cz\/subdom\/lk\/wp-content\/uploads\/2022\/02\/Dny-dobrovolnictvi-TYNES-2022-1-1-768x1087.jpg 768w, https:\/\/lk.regionalnidobrovolnickecentrum.cz\/subdom\/lk\/wp-content\/uploads\/2022\/02\/Dny-dobrovolnictvi-TYNES-2022-1-1-1086x1536.jpg 1086w, https:\/\/lk.regionalnidobrovolnickecentrum.cz\/subdom\/lk\/wp-content\/uploads\/2022\/02\/Dny-dobrovolnictvi-TYNES-2022-1-1-1447x2048.jpg 1447w, https:\/\/lk.regionalnidobrovolnickecentrum.cz\/subdom\/lk\/wp-content\/uploads\/2022\/02\/Dny-dobrovolnictvi-TYNES-2022-1-1-scaled.jpg 1809w\" sizes=\"(max-width: 407px) 100vw, 407px\" \/><\/p>\n<p>Ji\u017e z\u00edtra, ve \u010dtvrtek 24. \u00fanora, i v p\u00e1tek 25. \u00fanora se na V\u00e1s budeme t\u011b\u0161it v Krajsk\u00e9 v\u011bdeck\u00e9 knihovn\u011b v Liberci, kde prob\u011bhnou Dny dobrovolnictv\u00ed v Libereck\u00e9m kraji.<\/p>\n<p>Dny dobrovolnictv\u00ed prob\u00edhaj\u00ed v r\u00e1mci Krajsk\u00fdch t\u00fddn\u016f pro neziskov\u00fd sektor.<\/p>\n<p>Ve \u010dtvrtek od 15:00 do 16:10 zde bude tak\u00e9 p\u0159ed\u00e1\u0161ka Region\u00e1ln\u00edho centra podpory ve\u0159ejn\u00e9ho zdrav\u00ed (SZ\u00da) a ob\u010dansk\u00e9ho sdru\u017een\u00ed D.R.A.K \u00a0<a href=\"https:\/\/www.tynes.cz\/_files\/ugd\/511235_57338db6597a490b9697795a32ddb280.pdf\" target=\"_blank\" rel=\"noopener\">Podpora zdrav\u00ed ve\u0159ejnosti <\/a>Bude se t\u00fdkat dent\u00e1ln\u00edho zdrav\u00ed, prevence hypertenze a obezity, zdrav\u00e9 v\u00fd\u017eivy atd.<\/p>\n<p>V ten sam\u00fd den je V\u00e1m k dispozici od 16:30 do17:30 tak\u00e9 p\u0159edn\u00e1\u0161ka \u0160\u00e1rky Slav\u00edkov\u00e9 <a href=\"https:\/\/6a3885e7-cf39-404c-b59a-0c6722dd9b90.filesusr.com\/ugd\/511235_a5110cd70784400c9f3c1eed00221b0f.docx?dn=Amelie_oprava.docx\" target=\"_blank\" rel=\"noopener\">Zm\u011bny v roce 2022 ve zdravotn\u00ed a soci\u00e1ln\u00ed oblasti &#8211; ONLINE! <\/a>P\u0159ihl\u00e1\u0161en\u00ed v dan\u00fd \u010das na: na youtube a facebooku knihovny https:<a href=\"http:\/\/\/\/fb.me\/e\/3zEoi9QeH\" target=\"_blank\" rel=\"noreferrer noopener\">\/\/fb.me\/e\/3zEoi9QeH<\/a><\/p>\n<p class=\"font_8\">a pot\u00e9 L\u00cdP A SPOLU, Moty\u010dkovic klika &#8211; tematick\u00fd blok autismus <a href=\"https:\/\/www.tynes.cz\/_files\/ugd\/511235_083bae0f60a641a4868c219ac1bafe35.pdf\" target=\"_blank\" rel=\"noopener\">B\u00fdt spolu, Homesharing a dal\u0161\u00ed projekty<\/a><\/p>\n<p class=\"font_8\">\u00a0P\u0159ij\u010fte se pod\u00edvat, popov\u00eddat si, potkat se. Jste v\u00edt\u00e1ni!<\/p>\n<p>&nbsp;<\/p>\n<p>&nbsp;<\/p>\n","protected":false},"excerpt":{"rendered":"<p>Ji\u017e z\u00edtra, ve \u010dtvrtek 24. \u00fanora, i v p\u00e1tek 25. \u00fanora se na V\u00e1s budeme t\u011b\u0161it v Krajsk\u00e9 v\u011bdeck\u00e9 knihovn\u011b<\/p>\n","protected":false},"author":11,"featured_media":2238,"comment_status":"closed","ping_status":"closed","sticky":false,"template":"","format":"standard","meta":{"om_disable_all_campaigns":false,"_monsterinsights_skip_tracking":false,"_monsterinsights_sitenote_active":false,"_monsterinsights_sitenote_note":"","_monsterinsights_sitenote_category":0,"footnotes":""},"categories":[5],"tags":[],"aioseo_notices":[],"_links":{"self":[{"href":"https:\/\/lk.regionalnidobrovolnickecentrum.cz\/subdom\/lk\/wp-json\/wp\/v2\/posts\/2234"}],"collection":[{"href":"https:\/\/lk.regionalnidobrovolnickecentrum.cz\/subdom\/lk\/wp-json\/wp\/v2\/posts"}],"about":[{"href":"https:\/\/lk.regionalnidobrovolnickecentrum.cz\/subdom\/lk\/wp-json\/wp\/v2\/types\/post"}],"author":[{"embeddable":true,"href":"https:\/\/lk.regionalnidobrovolnickecentrum.cz\/subdom\/lk\/wp-json\/wp\/v2\/users\/11"}],"replies":[{"embeddable":true,"href":"https:\/\/lk.regionalnidobrovolnickecentrum.cz\/subdom\/lk\/wp-json\/wp\/v2\/comments?post=2234"}],"version-history":[{"count":2,"href":"https:\/\/lk.regionalnidobrovolnickecentrum.cz\/subdom\/lk\/wp-json\/wp\/v2\/posts\/2234\/revisions"}],"predecessor-version":[{"id":2241,"href":"https:\/\/lk.regionalnidobrovolnickecentrum.cz\/subdom\/lk\/wp-json\/wp\/v2\/posts\/2234\/revisions\/2241"}],"wp:featuredmedia":[{"embeddable":true,"href":"https:\/\/lk.regionalnidobrovolnickecentrum.cz\/subdom\/lk\/wp-json\/wp\/v2\/media\/2238"}],"wp:attachment":[{"href":"https:\/\/lk.regionalnidobrovolnickecentrum.cz\/subdom\/lk\/wp-json\/wp\/v2\/media?parent=2234"}],"wp:term":[{"taxonomy":"category","embeddable":true,"href":"https:\/\/lk.regionalnidobrovolnickecentrum.cz\/subdom\/lk\/wp-json\/wp\/v2\/categories?post=2234"},{"taxonomy":"post_tag","embeddable":true,"href":"https:\/\/lk.regionalnidobrovolnickecentrum.cz\/subdom\/lk\/wp-json\/wp\/v2\/tags?post=2234"}],"curies":[{"name":"wp","href":"https:\/\/api.w.org\/{rel}","templated":true}]}}