{"id":2298,"date":"2022-03-23T08:03:28","date_gmt":"2022-03-23T07:03:28","guid":{"rendered":"https:\/\/lk.regionalnidobrovolnickecentrum.cz\/subdom\/lk\/?p=2298"},"modified":"2022-03-23T08:03:28","modified_gmt":"2022-03-23T07:03:28","slug":"v-liberci-probehl-kulaty-stul-homesharingu","status":"publish","type":"post","link":"https:\/\/lk.regionalnidobrovolnickecentrum.cz\/subdom\/lk\/v-liberci-probehl-kulaty-stul-homesharingu\/","title":{"rendered":"V Liberci prob\u011bhl kulat\u00fd st\u016fl homesharingu"},"content":{"rendered":"<div>Dne 8. 3. 2022 prob\u011bhl v Liberci Kulat\u00fd st\u016fl homesharingu, kter\u00fd p\u0159edstavil ve\u0159ejnosti o tuto formu sd\u00edlen\u00e9 p\u00e9\u010de a odleh\u010den\u00ed pro rodiny d\u011bt\u00ed s autismem v Libereck\u00e9m a \u010d\u00e1sti \u00dasteck\u00e9ho kraje.<\/div>\n<div><\/div>\n<div>Je sou\u010d\u00e1st\u00ed projektu, kter\u00fd p\u0159ipravuje p\u00e1rov\u00e1n\u00ed rodin s autistick\u00fdm d\u00edt\u011btem s takzvan\u00fdmi hostitelsk\u00fdmi rodinami, kter\u00e9 si d\u00edt\u011b budou pravideln\u011b, nap\u0159\u00edklad jednou za t\u00fdden nebo \u010dtvrn\u00e1ct dn\u00ed, br\u00e1t k sob\u011b dom\u016f, kde se o n\u011bj budou starat jako o \u010dlena vlastn\u00ed rodiny.<\/div>\n<div><\/div>\n<div>Kr\u00e1tkou report\u00e1\u017e akce, kterou nat\u00e1\u010dela RTM+ najdete zde.<\/div>\n<div><a href=\"http:\/\/www.rtmplus.cz\/video\/17641\/homesharing-odlehcuje-rodicum-deti-s-autismem.html\" target=\"_blank\" rel=\"noopener noreferrer\" data-auth=\"NotApplicable\" data-linkindex=\"0\">http:\/\/www.rtmplus.cz\/video\/17641\/homesharing-odlehcuje-rodicum-deti-s-autismem.html<\/a><\/div>\n<div><\/div>\n<div>Dal\u0161\u00ed informace o homesharingu naleznete <a href=\"https:\/\/homesharing.cz\">zde<\/a><\/div>\n<div>nebo na <a href=\"https:\/\/www.facebook.com\/lipaspolu\">facebooku<\/a> spole\u010dnosti <a href=\"https:\/\/lk.regionalnidobrovolnickecentrum.cz\/subdom\/lk\/directory\/lip-a-spoluz-s\/\">L\u00cdPASPOLU<\/a>, kter\u00e1 je nositelem projektu pro Libereck\u00fd a \u00dasteck\u00fd kraj.<\/div>\n<div>Pracovn\u00edci L\u00cdPASPOLU tak\u00e9 r\u00e1di osobn\u011b p\u0159ijedou a p\u0159edstav\u00ed homesharing ve va\u0161\u00ed organizaci, \u0161kole, instituci jednotlivc\u016fm i skupin\u00e1m z\u00e1jemc\u016f.<\/div>\n<div>Kontaktovat je m\u016f\u017eete e-mailem: radka.<span class=\"mark1gmzwbk29\" data-markjs=\"true\" data-ogac=\"\" data-ogab=\"\" data-ogsc=\"\" data-ogsb=\"\">ondruskova<\/span>@lipaspolu.cz, nebo telefonicky: 733 706 309.<\/div>\n","protected":false},"excerpt":{"rendered":"<p>Dne 8. 3. 2022 prob\u011bhl v Liberci Kulat\u00fd st\u016fl homesharingu, kter\u00fd p\u0159edstavil ve\u0159ejnosti o tuto formu sd\u00edlen\u00e9 p\u00e9\u010de a odleh\u010den\u00ed<\/p>\n","protected":false},"author":11,"featured_media":2299,"comment_status":"closed","ping_status":"closed","sticky":false,"template":"","format":"standard","meta":{"om_disable_all_campaigns":false,"_monsterinsights_skip_tracking":false,"_monsterinsights_sitenote_active":false,"_monsterinsights_sitenote_note":"","_monsterinsights_sitenote_category":0,"footnotes":""},"categories":[2],"tags":[],"aioseo_notices":[],"_links":{"self":[{"href":"https:\/\/lk.regionalnidobrovolnickecentrum.cz\/subdom\/lk\/wp-json\/wp\/v2\/posts\/2298"}],"collection":[{"href":"https:\/\/lk.regionalnidobrovolnickecentrum.cz\/subdom\/lk\/wp-json\/wp\/v2\/posts"}],"about":[{"href":"https:\/\/lk.regionalnidobrovolnickecentrum.cz\/subdom\/lk\/wp-json\/wp\/v2\/types\/post"}],"author":[{"embeddable":true,"href":"https:\/\/lk.regionalnidobrovolnickecentrum.cz\/subdom\/lk\/wp-json\/wp\/v2\/users\/11"}],"replies":[{"embeddable":true,"href":"https:\/\/lk.regionalnidobrovolnickecentrum.cz\/subdom\/lk\/wp-json\/wp\/v2\/comments?post=2298"}],"version-history":[{"count":1,"href":"https:\/\/lk.regionalnidobrovolnickecentrum.cz\/subdom\/lk\/wp-json\/wp\/v2\/posts\/2298\/revisions"}],"predecessor-version":[{"id":2300,"href":"https:\/\/lk.regionalnidobrovolnickecentrum.cz\/subdom\/lk\/wp-json\/wp\/v2\/posts\/2298\/revisions\/2300"}],"wp:featuredmedia":[{"embeddable":true,"href":"https:\/\/lk.regionalnidobrovolnickecentrum.cz\/subdom\/lk\/wp-json\/wp\/v2\/media\/2299"}],"wp:attachment":[{"href":"https:\/\/lk.regionalnidobrovolnickecentrum.cz\/subdom\/lk\/wp-json\/wp\/v2\/media?parent=2298"}],"wp:term":[{"taxonomy":"category","embeddable":true,"href":"https:\/\/lk.regionalnidobrovolnickecentrum.cz\/subdom\/lk\/wp-json\/wp\/v2\/categories?post=2298"},{"taxonomy":"post_tag","embeddable":true,"href":"https:\/\/lk.regionalnidobrovolnickecentrum.cz\/subdom\/lk\/wp-json\/wp\/v2\/tags?post=2298"}],"curies":[{"name":"wp","href":"https:\/\/api.w.org\/{rel}","templated":true}]}}