{"id":2301,"date":"2022-03-29T17:48:34","date_gmt":"2022-03-29T15:48:34","guid":{"rendered":"https:\/\/lk.regionalnidobrovolnickecentrum.cz\/subdom\/lk\/?p=2301"},"modified":"2022-03-29T21:05:13","modified_gmt":"2022-03-29T19:05:13","slug":"ukrajinsky-klub","status":"publish","type":"post","link":"https:\/\/lk.regionalnidobrovolnickecentrum.cz\/subdom\/lk\/ukrajinsky-klub\/","title":{"rendered":"Ukrajinsk\u00fd klub"},"content":{"rendered":"<p><img loading=\"lazy\" decoding=\"async\" class=\"size-medium wp-image-2319 alignleft\" src=\"https:\/\/lk.regionalnidobrovolnickecentrum.cz\/subdom\/lk\/wp-content\/uploads\/2022\/03\/2022.03.25.Ukrajinsky-klub-30-1-300x167.jpg\" alt=\"\" width=\"300\" height=\"167\" srcset=\"https:\/\/lk.regionalnidobrovolnickecentrum.cz\/subdom\/lk\/wp-content\/uploads\/2022\/03\/2022.03.25.Ukrajinsky-klub-30-1-300x167.jpg 300w, https:\/\/lk.regionalnidobrovolnickecentrum.cz\/subdom\/lk\/wp-content\/uploads\/2022\/03\/2022.03.25.Ukrajinsky-klub-30-1-768x427.jpg 768w, https:\/\/lk.regionalnidobrovolnickecentrum.cz\/subdom\/lk\/wp-content\/uploads\/2022\/03\/2022.03.25.Ukrajinsky-klub-30-1.jpg 800w\" sizes=\"(max-width: 300px) 100vw, 300px\" \/>V p\u00e1tek 25. b\u0159ezna prob\u011bhl v Krajsk\u00e9 v\u011bdeck\u00e9 knihovn\u011b v Liberci historicky prvn\u00ed Ukrajinsk\u00fd klub. P\u0159ipravil jej v rekordn\u00edm \u010dase jednoho t\u00fddne t\u00fdm knihovny a Dobrovolnick\u00e9 centrum ADRA Liberec.<\/p>\n<p><img loading=\"lazy\" decoding=\"async\" class=\"size-medium wp-image-2322 alignright\" src=\"https:\/\/lk.regionalnidobrovolnickecentrum.cz\/subdom\/lk\/wp-content\/uploads\/2022\/03\/2022.03.25.Ukrajinsky-klub-33-1-167x300.jpg\" alt=\"\" width=\"167\" height=\"300\" srcset=\"https:\/\/lk.regionalnidobrovolnickecentrum.cz\/subdom\/lk\/wp-content\/uploads\/2022\/03\/2022.03.25.Ukrajinsky-klub-33-1-167x300.jpg 167w, https:\/\/lk.regionalnidobrovolnickecentrum.cz\/subdom\/lk\/wp-content\/uploads\/2022\/03\/2022.03.25.Ukrajinsky-klub-33-1.jpg 445w\" sizes=\"(max-width: 167px) 100vw, 167px\" \/>Od 15 do 17 hodiny byly pro ukrajinsk\u00e9 d\u011bti p\u0159ipraven\u00e9 v\u00fdtvarn\u00e9 d\u00edlny a spole\u010densk\u00e9 hry, dosp\u011bl\u00fdm se v\u011bnovala ukrajinsk\u00e1 psychoterapeutka. Pro \u00fa\u010dastn\u00edky bylo p\u0159ipraveno dobr\u00e9 ob\u010derstven\u00ed. C\u00edlem klubu je poskytnout nov\u011b p\u0159\u00edchoz\u00edm bezpe\u010dn\u00fd prostor, kde se mohou potkat navz\u00e1jem i s \u010deskou komunitou, p\u0159ibl\u00ed\u017eit jim prost\u0159ed\u00ed, do kter\u00e9ho p\u0159i\u0161li a nab\u00eddnout jim mo\u017enost ke sd\u00edlen\u00ed i odbornou terapeutickou pomoc.<\/p>\n<p>S organizac\u00ed n\u00e1m velmi pomohli nejen \u010de\u0161t\u00ed dobrovoln\u00edci, ale tak\u00e9 dobrovoln\u00edci z ukrajinsk\u00e9 komunity v Liberci, kte\u0159\u00ed mluv\u00ed \u010desky i ukrajinsky a bez nich\u017e bychom jen obt\u00ed\u017en\u011b p\u0159ekon\u00e1vali jazykovou bari\u00e9ru. Pom\u00e1hali p\u0159i p\u0159edstavov\u00e1n\u00ed aktivit knihovny a asistovali u jednotliv\u00fdch d\u00edlen.<\/p>\n<p><img loading=\"lazy\" decoding=\"async\" class=\"size-medium wp-image-2326 alignleft\" src=\"https:\/\/lk.regionalnidobrovolnickecentrum.cz\/subdom\/lk\/wp-content\/uploads\/2022\/03\/2022.03.25.Ukrajinsky-klub-9-2-300x142.jpg\" alt=\"\" width=\"300\" height=\"142\" srcset=\"https:\/\/lk.regionalnidobrovolnickecentrum.cz\/subdom\/lk\/wp-content\/uploads\/2022\/03\/2022.03.25.Ukrajinsky-klub-9-2-300x142.jpg 300w, https:\/\/lk.regionalnidobrovolnickecentrum.cz\/subdom\/lk\/wp-content\/uploads\/2022\/03\/2022.03.25.Ukrajinsky-klub-9-2-768x362.jpg 768w, https:\/\/lk.regionalnidobrovolnickecentrum.cz\/subdom\/lk\/wp-content\/uploads\/2022\/03\/2022.03.25.Ukrajinsky-klub-9-2.jpg 943w\" sizes=\"(max-width: 300px) 100vw, 300px\" \/>Z\u00e1jem o Ukrajinsk\u00fd klub byl velik\u00fd. Do knihovny p\u0159i\u0161lo asi \u0161edes\u00e1t n\u00e1v\u0161t\u011bvn\u00edk\u016f, v\u011bt\u0161inou se jednalo o d\u011bti doprov\u00e1zen\u00e9 maminkami nebo babi\u010dkami.<\/p>\n<p>Klub pob\u011b\u017e\u00ed ka\u017ed\u00fd p\u00e1tek, p\u0159\u00ed\u0161t\u00ed t\u00fdden n\u00e1s \u010dek\u00e1 hudebn\u00ed d\u00edlna. Bli\u017e\u0161\u00ed informace naleznete na str\u00e1nk\u00e1ch knihovny v \u010de\u0161tin\u011b i ukrajin\u0161tin\u011b <a href=\"https:\/\/www.kvkli.cz\/ukrajinci\/ukrajinsky-klub-\">zde<\/a>.<\/p>\n<p>D\u011bkujeme knihovn\u011b za ak\u010dn\u00ed p\u0159\u00edstup, hladkou a konstruktivn\u00ed spolupr\u00e1ci, kreativitu, vst\u0159\u00edcnost i poskytnut\u00ed prostor. D\u011bkujeme v\u0161em na\u0161im dobrovoln\u00edk\u016fm za jejich \u010das a nasazen\u00ed a t\u011b\u0161\u00edme se na p\u0159\u00ed\u0161t\u00ed p\u00e1tek!<\/p>\n<p>&nbsp;<\/p>\n<div id='gallery-1' class='gallery galleryid-2301 gallery-columns-3 gallery-size-colormag-featured-image'><figure class='gallery-item'>\n\t\t\t<div class='gallery-icon landscape'>\n\t\t\t\t<a href='https:\/\/lk.regionalnidobrovolnickecentrum.cz\/subdom\/lk\/ukrajinsky-klub\/277347371_10158745659460893_6309614616116027283_n\/'><img loading=\"lazy\" decoding=\"async\" width=\"800\" height=\"445\" src=\"https:\/\/lk.regionalnidobrovolnickecentrum.cz\/subdom\/lk\/wp-content\/uploads\/2022\/03\/277347371_10158745659460893_6309614616116027283_n-800x445.jpg\" class=\"attachment-colormag-featured-image size-colormag-featured-image\" alt=\"\" \/><\/a>\n\t\t\t<\/div><\/figure><figure class='gallery-item'>\n\t\t\t<div class='gallery-icon landscape'>\n\t\t\t\t<a href='https:\/\/lk.regionalnidobrovolnickecentrum.cz\/subdom\/lk\/ukrajinsky-klub\/277347990_10158745659490893_9162637041370868433_n\/'><img loading=\"lazy\" decoding=\"async\" width=\"800\" height=\"445\" src=\"https:\/\/lk.regionalnidobrovolnickecentrum.cz\/subdom\/lk\/wp-content\/uploads\/2022\/03\/277347990_10158745659490893_9162637041370868433_n-800x445.jpg\" class=\"attachment-colormag-featured-image size-colormag-featured-image\" alt=\"\" \/><\/a>\n\t\t\t<\/div><\/figure><figure class='gallery-item'>\n\t\t\t<div class='gallery-icon landscape'>\n\t\t\t\t<a href='https:\/\/lk.regionalnidobrovolnickecentrum.cz\/subdom\/lk\/ukrajinsky-klub\/277348349_10158745659770893_7802139529745589717_n\/'><img loading=\"lazy\" decoding=\"async\" width=\"800\" height=\"445\" src=\"https:\/\/lk.regionalnidobrovolnickecentrum.cz\/subdom\/lk\/wp-content\/uploads\/2022\/03\/277348349_10158745659770893_7802139529745589717_n-800x445.jpg\" class=\"attachment-colormag-featured-image size-colormag-featured-image\" alt=\"\" \/><\/a>\n\t\t\t<\/div><\/figure><figure class='gallery-item'>\n\t\t\t<div class='gallery-icon landscape'>\n\t\t\t\t<a href='https:\/\/lk.regionalnidobrovolnickecentrum.cz\/subdom\/lk\/ukrajinsky-klub\/277348828_10158745659700893_1269646583548168971_n\/'><img loading=\"lazy\" decoding=\"async\" width=\"800\" height=\"445\" src=\"https:\/\/lk.regionalnidobrovolnickecentrum.cz\/subdom\/lk\/wp-content\/uploads\/2022\/03\/277348828_10158745659700893_1269646583548168971_n-800x445.jpg\" class=\"attachment-colormag-featured-image size-colormag-featured-image\" alt=\"\" \/><\/a>\n\t\t\t<\/div><\/figure><figure class='gallery-item'>\n\t\t\t<div class='gallery-icon landscape'>\n\t\t\t\t<a href='https:\/\/lk.regionalnidobrovolnickecentrum.cz\/subdom\/lk\/ukrajinsky-klub\/277367262_10158745659690893_1728147359120388510_n\/'><img loading=\"lazy\" decoding=\"async\" width=\"800\" height=\"445\" src=\"https:\/\/lk.regionalnidobrovolnickecentrum.cz\/subdom\/lk\/wp-content\/uploads\/2022\/03\/277367262_10158745659690893_1728147359120388510_n-800x445.jpg\" class=\"attachment-colormag-featured-image size-colormag-featured-image\" alt=\"\" \/><\/a>\n\t\t\t<\/div><\/figure><figure class='gallery-item'>\n\t\t\t<div class='gallery-icon portrait'>\n\t\t\t\t<a href='https:\/\/lk.regionalnidobrovolnickecentrum.cz\/subdom\/lk\/ukrajinsky-klub\/277460363_10158745663595893_7731368349019554440_n\/'><img loading=\"lazy\" decoding=\"async\" width=\"800\" height=\"445\" src=\"https:\/\/lk.regionalnidobrovolnickecentrum.cz\/subdom\/lk\/wp-content\/uploads\/2022\/03\/277460363_10158745663595893_7731368349019554440_n-800x445.jpg\" class=\"attachment-colormag-featured-image size-colormag-featured-image\" alt=\"\" \/><\/a>\n\t\t\t<\/div><\/figure><figure class='gallery-item'>\n\t\t\t<div class='gallery-icon landscape'>\n\t\t\t\t<a href='https:\/\/lk.regionalnidobrovolnickecentrum.cz\/subdom\/lk\/ukrajinsky-klub\/277461992_10158745659805893_2357298604195753293_n\/'><img loading=\"lazy\" decoding=\"async\" width=\"800\" height=\"445\" src=\"https:\/\/lk.regionalnidobrovolnickecentrum.cz\/subdom\/lk\/wp-content\/uploads\/2022\/03\/277461992_10158745659805893_2357298604195753293_n-800x445.jpg\" class=\"attachment-colormag-featured-image size-colormag-featured-image\" alt=\"\" \/><\/a>\n\t\t\t<\/div><\/figure><figure class='gallery-item'>\n\t\t\t<div class='gallery-icon landscape'>\n\t\t\t\t<a href='https:\/\/lk.regionalnidobrovolnickecentrum.cz\/subdom\/lk\/ukrajinsky-klub\/277511878_10158745663680893_1673640939126463806_n\/'><img loading=\"lazy\" decoding=\"async\" width=\"800\" height=\"445\" src=\"https:\/\/lk.regionalnidobrovolnickecentrum.cz\/subdom\/lk\/wp-content\/uploads\/2022\/03\/277511878_10158745663680893_1673640939126463806_n-800x445.jpg\" class=\"attachment-colormag-featured-image size-colormag-featured-image\" alt=\"\" \/><\/a>\n\t\t\t<\/div><\/figure><figure class='gallery-item'>\n\t\t\t<div class='gallery-icon landscape'>\n\t\t\t\t<a href='https:\/\/lk.regionalnidobrovolnickecentrum.cz\/subdom\/lk\/ukrajinsky-klub\/277525387_10158745659720893_7192854221768725745_n\/'><img loading=\"lazy\" decoding=\"async\" width=\"800\" height=\"445\" src=\"https:\/\/lk.regionalnidobrovolnickecentrum.cz\/subdom\/lk\/wp-content\/uploads\/2022\/03\/277525387_10158745659720893_7192854221768725745_n-800x445.jpg\" class=\"attachment-colormag-featured-image size-colormag-featured-image\" alt=\"\" \/><\/a>\n\t\t\t<\/div><\/figure><figure class='gallery-item'>\n\t\t\t<div class='gallery-icon landscape'>\n\t\t\t\t<a href='https:\/\/lk.regionalnidobrovolnickecentrum.cz\/subdom\/lk\/ukrajinsky-klub\/277306628_10158745659665893_8780526055334612868_n\/'><img loading=\"lazy\" decoding=\"async\" width=\"800\" height=\"445\" src=\"https:\/\/lk.regionalnidobrovolnickecentrum.cz\/subdom\/lk\/wp-content\/uploads\/2022\/03\/277306628_10158745659665893_8780526055334612868_n-800x445.jpg\" class=\"attachment-colormag-featured-image size-colormag-featured-image\" alt=\"\" \/><\/a>\n\t\t\t<\/div><\/figure>\n\t\t<\/div>\n\n","protected":false},"excerpt":{"rendered":"<p>V p\u00e1tek 25. b\u0159ezna prob\u011bhl v Krajsk\u00e9 v\u011bdeck\u00e9 knihovn\u011b v Liberci historicky prvn\u00ed Ukrajinsk\u00fd klub. P\u0159ipravil jej v rekordn\u00edm \u010dase<\/p>\n","protected":false},"author":11,"featured_media":2315,"comment_status":"closed","ping_status":"closed","sticky":false,"template":"","format":"standard","meta":{"om_disable_all_campaigns":false,"_monsterinsights_skip_tracking":false,"_monsterinsights_sitenote_active":false,"_monsterinsights_sitenote_note":"","_monsterinsights_sitenote_category":0,"footnotes":""},"categories":[2],"tags":[],"aioseo_notices":[],"_links":{"self":[{"href":"https:\/\/lk.regionalnidobrovolnickecentrum.cz\/subdom\/lk\/wp-json\/wp\/v2\/posts\/2301"}],"collection":[{"href":"https:\/\/lk.regionalnidobrovolnickecentrum.cz\/subdom\/lk\/wp-json\/wp\/v2\/posts"}],"about":[{"href":"https:\/\/lk.regionalnidobrovolnickecentrum.cz\/subdom\/lk\/wp-json\/wp\/v2\/types\/post"}],"author":[{"embeddable":true,"href":"https:\/\/lk.regionalnidobrovolnickecentrum.cz\/subdom\/lk\/wp-json\/wp\/v2\/users\/11"}],"replies":[{"embeddable":true,"href":"https:\/\/lk.regionalnidobrovolnickecentrum.cz\/subdom\/lk\/wp-json\/wp\/v2\/comments?post=2301"}],"version-history":[{"count":9,"href":"https:\/\/lk.regionalnidobrovolnickecentrum.cz\/subdom\/lk\/wp-json\/wp\/v2\/posts\/2301\/revisions"}],"predecessor-version":[{"id":2331,"href":"https:\/\/lk.regionalnidobrovolnickecentrum.cz\/subdom\/lk\/wp-json\/wp\/v2\/posts\/2301\/revisions\/2331"}],"wp:featuredmedia":[{"embeddable":true,"href":"https:\/\/lk.regionalnidobrovolnickecentrum.cz\/subdom\/lk\/wp-json\/wp\/v2\/media\/2315"}],"wp:attachment":[{"href":"https:\/\/lk.regionalnidobrovolnickecentrum.cz\/subdom\/lk\/wp-json\/wp\/v2\/media?parent=2301"}],"wp:term":[{"taxonomy":"category","embeddable":true,"href":"https:\/\/lk.regionalnidobrovolnickecentrum.cz\/subdom\/lk\/wp-json\/wp\/v2\/categories?post=2301"},{"taxonomy":"post_tag","embeddable":true,"href":"https:\/\/lk.regionalnidobrovolnickecentrum.cz\/subdom\/lk\/wp-json\/wp\/v2\/tags?post=2301"}],"curies":[{"name":"wp","href":"https:\/\/api.w.org\/{rel}","templated":true}]}}