{"id":233,"date":"2020-05-10T23:11:46","date_gmt":"2020-05-10T21:11:46","guid":{"rendered":"https:\/\/lk.regionalnidobrovolnickecentrum.cz\/subdom\/lk\/?p=233"},"modified":"2020-11-24T11:19:47","modified_gmt":"2020-11-24T10:19:47","slug":"kdo-pomaha-a-kde-je-treba-pomoci-regionalni-centrum-propoji-dobrovolnicke-iniciativy-v-kraji","status":"publish","type":"post","link":"https:\/\/lk.regionalnidobrovolnickecentrum.cz\/subdom\/lk\/kdo-pomaha-a-kde-je-treba-pomoci-regionalni-centrum-propoji-dobrovolnicke-iniciativy-v-kraji\/","title":{"rendered":"Kdo pom\u00e1h\u00e1 a kde je t\u0159eba pomoci? Region\u00e1ln\u00ed centrum propoj\u00ed dobrovolnick\u00e9 iniciativy v kraji"},"content":{"rendered":"<p>Po cel\u00e9 republice vznikaj\u00ed nov\u00e1 region\u00e1ln\u00ed dobrovolnick\u00e1 centra s&nbsp;c\u00edlem propojit dobrovoln\u00edky s&nbsp;lidmi, kte\u0159\u00ed jejich pomoc pot\u0159ebuj\u00ed. Od za\u010d\u00e1tku kv\u011btna zprost\u0159edkov\u00e1vaj\u00ed centra informace o dobrovolnictv\u00ed v&nbsp;deseti kraj\u00edch \u010cesk\u00e9 republiky, postupn\u011b se budou p\u0159id\u00e1vat dal\u0161\u00ed. <!--more--><\/p>\n<p>Nov\u00e9 region\u00e1ln\u00ed dobrovolnick\u00e9 centrum funguje od kv\u011btna i v Liberci, provozuje ho Humanit\u00e1rn\u00ed organizace ADRA, stejn\u011b jako region\u00e1ln\u00ed dobrovolnick\u00e9 centrum Moravskoslezsk\u00e9ho kraje v Ostrav\u011b. Vznik region\u00e1ln\u00edch dobrovolnick\u00fdch center m\u00e1 mimo jin\u00e9 zv\u00fd\u0161it pov\u011bdom\u00ed lid\u00ed o dobrovolnick\u00fdch p\u0159\u00edle\u017eitostech a podpo\u0159it rozvoj dobrovolnictv\u00ed v kraji.<\/p>\n<h4>Dobrovolnictv\u00ed m\u00e1 v \u010cesku silnou tradici<\/h4>\n<p>Dobrovoln\u00e1 pomoc druh\u00fdm m\u00e1 v&nbsp;\u010cesk\u00e9 republice dlouholetou tradici. Koronavirov\u00e1 pandemie n\u00e1s znovu p\u0159esv\u011bd\u010dila o tom, \u017ee lid\u00e9 v&nbsp;\u010cesku maj\u00ed chu\u0165 pom\u00e1hat. P\u0159esto i v&nbsp;sou\u010dasn\u00e9 dob\u011b prob\u00edh\u00e1 nab\u00eddka a popt\u00e1vka dobrovoln\u00e9 pomoci nekoordinovan\u011b, v\u011bt\u0161inou na soci\u00e1ln\u00edch s\u00edt\u00edch \u010di jednodu\u0161e p\u0159es zn\u00e1m\u00e9. S&nbsp;mno\u017estv\u00edm p\u0159\u00edsp\u011bvk\u016f, kter\u00fdmi n\u00e1s soci\u00e1ln\u00ed s\u00edt\u011b dnes a denn\u011b zahrnuj\u00ed, m\u016f\u017ee ale nab\u00eddka pomoci druh\u00fdm zapadnout.<\/p>\n<p>Ministerstvo vnitra se proto rozhodlo pomoci rozvoji dobrovolnictv\u00ed v&nbsp;\u010cesk\u00e9 republice a podpo\u0159ilo zalo\u017een\u00ed region\u00e1ln\u00edch dobrovolnick\u00fdch center. \u201e<em>Region\u00e1ln\u00ed dobrovolnick\u00e1 centra vznikaj\u00ed nez\u00e1visle na sou\u010dasn\u00e9 situaci boje s&nbsp;koronavirem, nicm\u00e9n\u011b pr\u00e1v\u011b v&nbsp;takov\u00fdch situac\u00edch se ukazuje, jak je dobrovolnictv\u00ed d\u016fle\u017eit\u00e9 a prosp\u011b\u0161n\u00e9<\/em>,\u201c uvedl ministr vnitra Jan Ham\u00e1\u010dek (\u010cSSD).<\/p>\n<h4>Region\u00e1ln\u00ed dobrovolnick\u00e1 centra se stanou k\u0159i\u017eovatkou<\/h4>\n<p>Jedn\u00edm z c\u00edl\u016f je za\u0159\u00eddit, aby \u017e\u00e1dn\u00e1 nab\u00eddka pomoci nezapadla, ale naopak se dostala p\u0159esn\u011b do t\u011bch rukou, kter\u00e9 ji pot\u0159ebuj\u00ed. Proto region\u00e1ln\u00ed dobrovolnick\u00e1 centra vedou datab\u00e1zi r\u016fzn\u00fdch organizac\u00ed, kter\u00e9 sh\u00e1n\u00ed dobrovoln\u00edky, ale tak\u00e9 datab\u00e1zi lid\u00ed, kte\u0159\u00ed cht\u011bj\u00ed pom\u00e1hat.&nbsp; Na z\u00e1klad\u011b t\u00e9to datab\u00e1ze region\u00e1ln\u00ed dobrovolnick\u00e9 centrum pom\u00e1h\u00e1 lidem naj\u00edt takovou dobrovolnickou p\u0159\u00edle\u017eitost, kter\u00e1 je pro n\u011b zaj\u00edmav\u00e1 a z\u00e1rove\u0148 uleh\u010d\u00ed pr\u00e1ci organizac\u00edm, kter\u00e9 by si jinak museli dobrovoln\u00edky sh\u00e1n\u011bt samy.<\/p>\n<p>Na region\u00e1ln\u00ed dobrovolnick\u00e9 centrum se tak mohou obracet jednotlivci i organizace. Z\u00e1jemc\u016fm o dobrovolnictv\u00ed porad\u00edme, jak se mohou zapojit a co v\u0161e je pro to pot\u0159eba ud\u011blat. Zprost\u0159edkov\u00e1v\u00e1me tak\u00e9 \u0161kolen\u00ed dobrovoln\u00edk\u016f, vzd\u011bl\u00e1vac\u00ed akce i <a href=\"https:\/\/lk.regionalnidobrovolnickecentrum.cz\/subdom\/lk\/poradna\/\">odborn\u00e9 poradenstv\u00ed<\/a> v&nbsp;oblasti dobrovolnictv\u00ed a informujeme o aktu\u00e1ln\u00edch nab\u00eddk\u00e1ch na webov\u00fdch str\u00e1nk\u00e1ch centra, stejn\u011b jako na soci\u00e1ln\u00edch s\u00edt\u00edch. S&nbsp;prosbou o zprost\u0159edkov\u00e1n\u00ed dobrovoln\u00edk\u016f, o \u0161kolen\u00ed, nebo o jin\u00e9 informace se na region\u00e1ln\u00ed centrum mohou obracet i z\u00e1stupci neziskov\u00fdch organizac\u00ed, p\u0159\u00edsp\u011bvkov\u00fdch organizac\u00ed, nebo obc\u00ed v&nbsp;kraji.<\/p>\n<p>Na\u0161\u00edm c\u00edlem je podpo\u0159it rozvoj dobrovolnick\u00e9 \u010dinnosti v&nbsp;dan\u00e9m kraji, p\u0159i\u010dem\u017e jako jednu z&nbsp;cest vid\u00edme i dobrou informovanost dobrovoln\u00edk\u016f i instituc\u00ed, kter\u00e9 pomoc popt\u00e1vaj\u00ed. Sou\u010d\u00e1st\u00ed \u010dinnosti region\u00e1ln\u00edho dobrovolnick\u00e9ho centra je proto i provoz kancel\u00e1\u0159e, kam se z\u00e1jemci mohou p\u0159ij\u00edt informovat o mo\u017enostech dobrovolnictv\u00ed v&nbsp;kraji.<\/p>\n<h4>Otev\u0159en\u00ed region\u00e1ln\u00edho dobrovolnick\u00e9ho centra je p\u0159\u00edle\u017eitost<\/h4>\n<p>Region\u00e1ln\u00ed dobrovolnick\u00e1 centra mohou napomoct ke vz\u00e1jemn\u00e9 spolupr\u00e1ci organizac\u00ed, kter\u00e9 dobrovolnickou pomoc nab\u00edz\u00ed. Spolupr\u00e1ce a v\u00fdm\u011bna zku\u0161enost\u00ed z&nbsp;dobrovolnick\u00e9 \u010dinnosti mohou posunout slu\u017eby, kter\u00e9 organizace nab\u00edz\u00ed a obohatit tak v\u0161echny z\u00fa\u010dastn\u011bn\u00e9 strany. Za \u00fa\u010delem oslavy dobrovolnick\u00e9 \u010dinnosti, ale tak\u00e9 s&nbsp;vidinou nav\u00e1z\u00e1n\u00ed kontakt\u016f budou region\u00e1ln\u00ed dobrovolnick\u00e1 centra po\u0159\u00e1dat tak\u00e9 ve\u0159ejn\u00e9 akce, jako nap\u0159\u00edklad Den dobrovolnictv\u00ed, nebo Dny otev\u0159en\u00fdch dve\u0159\u00ed dobrovolnictv\u00ed. <em>\u201eOtev\u0159en\u00ed region\u00e1ln\u00edho dobrovolnick\u00e9ho centra v&nbsp;Liberci vid\u00edm jako p\u0159\u00edle\u017eitost, jak propojit spoustu skv\u011bl\u00fdch dobrovolnick\u00fdch iniciativ a projekt\u016f, ale tak\u00e9 p\u0159\u00edle\u017eitost rozvoje dobrovolnictv\u00ed v&nbsp;kraji,\u201c<\/em> m\u00edn\u00ed vedouc\u00ed projektu v&nbsp;Libereck\u00e9m kraji Michal \u010can\u010d\u00edk.<\/p>\n<p>&nbsp;&nbsp;<\/p>\n<blockquote><p><em>\u201eOtev\u0159en\u00ed region\u00e1ln\u00edho dobrovolnick\u00e9ho centra v&nbsp;Liberci vid\u00edm jako p\u0159\u00edle\u017eitost, jak propojit spoustu skv\u011bl\u00fdch dobrovolnick\u00fdch iniciativ a projekt\u016f, ale tak\u00e9 p\u0159\u00edle\u017eitost rozvoje dobrovolnictv\u00ed v&nbsp;kraji,\u201c<\/em> m\u00edn\u00ed vedouc\u00ed projektu v&nbsp;Libereck\u00e9m kraji Michal \u010can\u010d\u00edk.<\/p><\/blockquote>\n<p>&nbsp;<\/p>\n<p>V\u00edce informac\u00ed o region\u00e1ln\u00edm dobrovolnick\u00e9m centru v&nbsp;Liberci naleznete na webov\u00fdch str\u00e1nk\u00e1ch <a href=\"http:\/\/www.regionalnidobrovolnickecentrum.cz\">www.regionalnidobrovolnickecentrum.cz<\/a>, nebo se m\u016f\u017eete p\u0159ij\u00edt poradit osobn\u011b do na\u0161\u00ed libereck\u00e9 kancel\u00e1\u0159e v&nbsp;ulici \u017delezn\u00e1 253\/20. Se sv\u00fdmi dotazy \u010di v&nbsp;p\u0159\u00edpad\u011b z\u00e1jmu o osobn\u00ed sch\u016fzku se m\u016f\u017eete obracet na asistentku vedouc\u00edho projektu a koordin\u00e1torku dobrovoln\u00edk\u016f Annu Kl\u00edmovou.<\/p>\n<h4>Aktu\u00e1ln\u011b otev\u0159en\u00e1 Region\u00e1ln\u00ed dobrovolnick\u00e1 centra<\/h4>\n<ul style=\"font-size: 15px;\">\n<li>Hlavn\u00ed m\u011bsto Praha \u2013 provozovatel Letokruh, z. \u00fa.<\/li>\n<li>St\u0159edo\u010desk\u00fd kraj \u2013 provozovatel Letokruh, z. \u00fa.<\/li>\n<li>Jiho\u010desk\u00fd kraj \u2013 provozovatel KreBul, o. p. s.<\/li>\n<li>Libereck\u00fd kraj \u2013 provozovatel ADRA, o. p. s.<\/li>\n<li>Moravskoslezsk\u00fd kraj \u2013 provozovatel ADRA, o. p. s<\/li>\n<li>Karlovarsk\u00fd kraj \u2013 provozovatel INSTAND, Institut pro podporu vzd\u011bl\u00e1v\u00e1n\u00ed a rozvoj kvality ve ve\u0159ejn\u00fdch slu\u017eb\u00e1ch, z. \u00fa.<\/li>\n<li>Pardubick\u00fd kraj \u2013 provozovatel Koalice nevl\u00e1dek Pardubicka, z. s.<\/li>\n<li>Plze\u0148sk\u00fd kraj \u2013 provozovatel Mezigenera\u010dn\u00ed centrum TOTEM, z. s.<\/li>\n<li>\u00dasteck\u00fd kraj \u2013 provozovatel Dobrovolnick\u00e9 centrum, z. s.<\/li>\n<li>Jihomoravsk\u00fd kraj \u2013 provozovatel Pl\u00e1n B, z. s.<\/li>\n<\/ul>\n<h4>Kontakty<\/h4>\n<p><strong>Michal \u010can\u010d\u00edk<\/strong><br \/>\nVedouc\u00ed projektu region\u00e1ln\u00edho dobrovolnick\u00e9ho centra v Liberci<br \/>\nMobil: 604 663 799<br \/>\nE-mail: michal.cancik@adra.cz<\/p>\n<p><strong>Anna Kl\u00edmov\u00e1<\/strong><br \/>\nAsistentka vedouc\u00edho region\u00e1ln\u00edho pracovi\u0161t\u011b a koordin\u00e1torka dobrovoln\u00edk\u016f<br \/>\nMobil: 605 254 555<br \/>\nE-mail: anna.klimova@adra.cz<\/p>\n<p>&nbsp;<\/p>\n<p><strong>Organizace v datab\u00e1zi Libereck\u00e9ho kraje podle typu:<\/strong><\/p>\n<!-- directorist-shortcode:: [directorist_all_categories] --><div id=\"directorist\" class=\"atbd_wrapper atbdp atbdp-categories atbdp-text-list directorist-w-100\">\r\n\t\t<div class=\"directorist-container-fluid\">\r\n\t<div class=\"directorist-row atbdp-no-margin\">\r\n\t\t\t\t\t\t<div class=\"directorist-col-12\">\r\n\t\t\t\t\t<div class=\"atbd_category_wrapper\">\r\n\t\t\t\t\t\t<a href=\"https:\/\/lk.regionalnidobrovolnickecentrum.cz\/subdom\/lk\/single-category\/organizace-vlastni-dobrovolnici\/\" class=\"atbd_parent_cat\"><span>Organizace, kter\u00e9 zaji\u0161\u0165uj\u00ed dobrovoln\u00edky pro svou vlastn\u00ed pot\u0159ebu a vyu\u017e\u00edvaj\u00ed je pro sv\u00e9 dobrovolnick\u00e9 programy<\/span> (25)<\/a>\t\t\t\t\t\t\t\t\t\t\t<\/div>\r\n\t\t\t\t<\/div>\r\n\t\t\t\t\t\t\t\t<div class=\"directorist-col-12\">\r\n\t\t\t\t\t<div class=\"atbd_category_wrapper\">\r\n\t\t\t\t\t\t<a href=\"https:\/\/lk.regionalnidobrovolnickecentrum.cz\/subdom\/lk\/single-category\/vysilajici-organizace\/\" class=\"atbd_parent_cat\"><span>Organizace vys\u00edlaj\u00edc\u00ed dobrovoln\u00edky do jin\u00fdch organizac\u00ed nebo program\u016f<\/span> (3)<\/a>\t\t\t\t\t\t\t\t\t\t\t<\/div>\r\n\t\t\t\t<\/div>\r\n\t\t\t\t\t\t\t\t<div class=\"directorist-col-12\">\r\n\t\t\t\t\t<div class=\"atbd_category_wrapper\">\r\n\t\t\t\t\t\t<a href=\"https:\/\/lk.regionalnidobrovolnickecentrum.cz\/subdom\/lk\/single-category\/prijimajici-organizace\/\" class=\"atbd_parent_cat\"><span>Organizace p\u0159ij\u00edmaj\u00edc\u00ed dobrovoln\u00edky ve spolupr\u00e1ci s jin\u00fdmi organizacemi<\/span> (6)<\/a>\t\t\t\t\t\t\t\t\t\t\t<\/div>\r\n\t\t\t\t<\/div>\r\n\t\t\t\t\t\t\t\t<div class=\"directorist-col-12\">\r\n\t\t\t\t\t<div class=\"atbd_category_wrapper\">\r\n\t\t\t\t\t\t<a href=\"https:\/\/lk.regionalnidobrovolnickecentrum.cz\/subdom\/lk\/single-category\/jine-dobrovolnicke-programy\/\" class=\"atbd_parent_cat\"><span>Ostatn\u00ed dobrovolnick\u00e9 programy<\/span> (1)<\/a>\t\t\t\t\t\t\t\t\t\t\t<\/div>\r\n\t\t\t\t<\/div>\r\n\t\t\t\t\t<\/div>\r\n\t<\/div>\r\n\t\r\n<!-- Category style 03 -->\r\n<!-- <div class=\"directorist-category-child\">\r\n\t\t<div class=\"directorist-row\">\r\n\t\t\t<div class=\"directorist-col-lg-3 directorist-col-md-4 directorist-col-sm-6\">\r\n\t\t\t\t<div class=\"directorist-category-child__card\">\r\n\t\t\t\t\t<div class=\"directorist-category-child__card__header\">\r\n\t\t\t\t\t\t<a href=\"\" class=\"\"><i class=\"la la-bed\"><\/i> Restaurant<\/a>\r\n\t\t\t\t\t<\/div>\r\n\t\t\t\t\t<div class=\"directorist-category-child__card__body\">\r\n\t\t\t\t\t\t<ul>\r\n\t\t\t\t\t\t\t<li><a href=\"\">Cleaning <span class=\"directorist-category-child-count\">20<\/span><\/a><\/li>\r\n\t\t\t\t\t\t\t<li><a href=\"\">Cleaning <span class=\"directorist-category-child-count\">20<\/span><\/a><\/li>\r\n\t\t\t\t\t\t\t<li><a href=\"\">Cleaning <span class=\"directorist-category-child-count\">20<\/span><\/a><\/li>\r\n\t\t\t\t\t\t\t<li><a href=\"\">Cleaning <span class=\"directorist-category-child-count\">20<\/span><\/a><\/li>\r\n\t\t\t\t\t\t\t<li><a href=\"\">Cleaning <span class=\"directorist-category-child-count\">20<\/span><\/a><\/li>\r\n\t\t\t\t\t\t<\/ul>\r\n\t\t\t\t\t<\/div>\r\n\t\t\t\t<\/div>\r\n\t\t\t<\/div>\r\n\t\t\t<div class=\"directorist-col-lg-3 directorist-col-md-4 directorist-col-sm-6\">\r\n\t\t\t\t<div class=\"directorist-category-child__card\">\r\n\t\t\t\t\t<div class=\"directorist-category-child__card__header\">\r\n\t\t\t\t\t\t<a href=\"\" class=\"\"><i class=\"la la-heart\"><\/i> Restaurant<\/a>\r\n\t\t\t\t\t<\/div>\r\n\t\t\t\t\t<div class=\"directorist-category-child__card__body\">\r\n\t\t\t\t\t\t<ul>\r\n\t\t\t\t\t\t\t<li><a href=\"\">Cleaning <span class=\"directorist-category-child-count\">20<\/span><\/a><\/li>\r\n\t\t\t\t\t\t\t<li><a href=\"\">Cleaning <span class=\"directorist-category-child-count\">20<\/span><\/a><\/li>\r\n\t\t\t\t\t\t\t<li><a href=\"\">Cleaning <span class=\"directorist-category-child-count\">20<\/span><\/a><\/li>\r\n\t\t\t\t\t\t\t<li><a href=\"\">Cleaning <span class=\"directorist-category-child-count\">20<\/span><\/a><\/li>\r\n\t\t\t\t\t\t\t<li><a href=\"\">Cleaning <span class=\"directorist-category-child-count\">20<\/span><\/a><\/li>\r\n\t\t\t\t\t\t<\/ul>\r\n\t\t\t\t\t<\/div>\r\n\t\t\t\t<\/div>\r\n\t\t\t<\/div>\r\n\t\t<\/div>\r\n\t<\/div> -->\r\n<\/div>\n<p>&nbsp;<\/p>\n","protected":false},"excerpt":{"rendered":"<p>Nov\u00e1 region\u00e1ln\u00ed dobrovolnick\u00e1 centra propoj\u00ed dobrovoln\u00edky s\u00a0lidmi, kte\u0159\u00ed jejich pomoc pot\u0159ebuj\u00ed.<\/p>\n","protected":false},"author":2,"featured_media":234,"comment_status":"closed","ping_status":"closed","sticky":false,"template":"","format":"standard","meta":{"om_disable_all_campaigns":false,"_monsterinsights_skip_tracking":false,"_monsterinsights_sitenote_active":false,"_monsterinsights_sitenote_note":"","_monsterinsights_sitenote_category":0,"footnotes":""},"categories":[2],"tags":[],"aioseo_notices":[],"_links":{"self":[{"href":"https:\/\/lk.regionalnidobrovolnickecentrum.cz\/subdom\/lk\/wp-json\/wp\/v2\/posts\/233"}],"collection":[{"href":"https:\/\/lk.regionalnidobrovolnickecentrum.cz\/subdom\/lk\/wp-json\/wp\/v2\/posts"}],"about":[{"href":"https:\/\/lk.regionalnidobrovolnickecentrum.cz\/subdom\/lk\/wp-json\/wp\/v2\/types\/post"}],"author":[{"embeddable":true,"href":"https:\/\/lk.regionalnidobrovolnickecentrum.cz\/subdom\/lk\/wp-json\/wp\/v2\/users\/2"}],"replies":[{"embeddable":true,"href":"https:\/\/lk.regionalnidobrovolnickecentrum.cz\/subdom\/lk\/wp-json\/wp\/v2\/comments?post=233"}],"version-history":[{"count":12,"href":"https:\/\/lk.regionalnidobrovolnickecentrum.cz\/subdom\/lk\/wp-json\/wp\/v2\/posts\/233\/revisions"}],"predecessor-version":[{"id":982,"href":"https:\/\/lk.regionalnidobrovolnickecentrum.cz\/subdom\/lk\/wp-json\/wp\/v2\/posts\/233\/revisions\/982"}],"wp:featuredmedia":[{"embeddable":true,"href":"https:\/\/lk.regionalnidobrovolnickecentrum.cz\/subdom\/lk\/wp-json\/wp\/v2\/media\/234"}],"wp:attachment":[{"href":"https:\/\/lk.regionalnidobrovolnickecentrum.cz\/subdom\/lk\/wp-json\/wp\/v2\/media?parent=233"}],"wp:term":[{"taxonomy":"category","embeddable":true,"href":"https:\/\/lk.regionalnidobrovolnickecentrum.cz\/subdom\/lk\/wp-json\/wp\/v2\/categories?post=233"},{"taxonomy":"post_tag","embeddable":true,"href":"https:\/\/lk.regionalnidobrovolnickecentrum.cz\/subdom\/lk\/wp-json\/wp\/v2\/tags?post=233"}],"curies":[{"name":"wp","href":"https:\/\/api.w.org\/{rel}","templated":true}]}}