{"id":2363,"date":"2022-04-29T13:49:17","date_gmt":"2022-04-29T11:49:17","guid":{"rendered":"https:\/\/lk.regionalnidobrovolnickecentrum.cz\/subdom\/lk\/?p=2363"},"modified":"2022-04-29T13:54:49","modified_gmt":"2022-04-29T11:54:49","slug":"snidane-koordinatoru-dobrovolniku-v-ceske-lipe","status":"publish","type":"post","link":"https:\/\/lk.regionalnidobrovolnickecentrum.cz\/subdom\/lk\/snidane-koordinatoru-dobrovolniku-v-ceske-lipe\/","title":{"rendered":"Sn\u00eddan\u011b koordin\u00e1tor\u016f dobrovoln\u00edk\u016f v \u010cesk\u00e9 L\u00edp\u011b"},"content":{"rendered":"<p>V p\u00e1tek 29.4. se v prostor\u00e1ch Dobropointu a\u00a0<a href=\"https:\/\/adra.cz\/jak-pomahame\/dobrovolnictvi\/ceska-lipa\/\">ADRY o.p.s.<\/a> uskute\u010dnila historicky prvn\u00ed sn\u00eddan\u011b koordin\u00e1tor\u016f dobrovoln\u00edk\u016f v \u010cesk\u00e9 L\u00edp\u011b a vypad\u00e1 to, \u017ee nebyla posledn\u00ed. \u00da\u010dastn\u00edci toti\u017e m\u011bli radost, \u017ee se mohou neform\u00e1ln\u011b setkat se z\u00e1stupci jin\u00fdch organizac\u00ed a navz\u00e1jem se tak propojit, informovat se a t\u0159eba i spolupracovat.<\/p>\n<p>Posn\u00eddat p\u0159i\u0161li s \u0159editelem <a href=\"https:\/\/lk.regionalnidobrovolnickecentrum.cz\/subdom\/lk\/\">Region\u00e1ln\u00edho dobrovolnick\u00e9ho centra Libereck\u00e9ho kraje<\/a> z\u00e1stupci \u010dty\u0159 organizac\u00ed p\u016fsob\u00edc\u00edch na \u010ceskolipsku: <a href=\"http:\/\/www.fortunainnatura.eu\/\">Fortuna in Natura<\/a>, <a href=\"https:\/\/www.lipaspolu.cz\/\">L\u00edp a spolu<\/a>, <a href=\"https:\/\/www.dpsdoksy.cz\/\">SSMD Doksy<\/a> a <a href=\"https:\/\/www.dd-sloupvcechach.cz\/\">DD Sloup v \u010cech\u00e1ch<\/a>.<\/p>\n<p>Jedno z hlavn\u00edch t\u00e9mat bylo pr\u00e1v\u011b zapojov\u00e1n\u00ed dobrovoln\u00edk\u016f do jednotliv\u00fdch organizac\u00ed. N\u011bkter\u00e9 organizace maj\u00ed dobrovoln\u00edk\u016f nedostatek, jin\u00e9 rekrutuj\u00ed dobrovoln\u00edky mezi sv\u00fdmi zn\u00e1m\u00fdmi a n\u011bkte\u0159\u00ed vyu\u017e\u00edvaj\u00ed dobrovoln\u00edky z DC ADRA \u010cesk\u00e1 L\u00edpa.\u00a0 Velk\u00fdm t\u00e9matem se tak stala propagace dobrovolnictv\u00ed v jednotliv\u00fdch m\u011bstech okresu. Nebylo opominuto ani t\u00e9ma covidu, kter\u00e9 se stalo synonymem \u0161patn\u00fdch \u010das\u016f neziskov\u00fdch organizac\u00ed. Probrala se i absence nebo velk\u00fd nedostatek mu\u017e\u016f v soci\u00e1ln\u00edch za\u0159\u00edzen\u00edch a dobrovolnick\u00fdch centrech. V neposledn\u00ed \u0159ad\u011b se mluvilo i o soci\u00e1ln\u00ed politice a pot\u0159eb\u011b spolupr\u00e1ce neziskov\u00fdch organizac\u00ed se zastupiteli m\u011bst a kraj\u016f a o snah\u00e1ch upozor\u0148ovat na t\u00e9ma dobrovolnictv\u00ed.<\/p>\n<p>Z\u00e1stupci organizac\u00ed si u ob\u010derstven\u00ed sd\u011blovali informace o akc\u00edch, kter\u00e9 po\u0159\u00e1daj\u00ed, o probl\u00e9mech, kter\u00e9 \u0159e\u0161\u00ed, a kvitovali snahu setk\u00e1vat se\u00a0 mezi sebou i v budoucnu. V tomto smyslu jsme nav\u00e1zali na <a href=\"https:\/\/lk.regionalnidobrovolnickecentrum.cz\/subdom\/lk\/snidane-koordinatoru-dobrovolniku\/\">libereck\u00e9 Sn\u00eddan\u011b koordin\u00e1tor\u016f<\/a>, kter\u00e9 se ji\u017e staly tradic\u00ed a jsou hojn\u011b nav\u0161t\u011bvovan\u00e9.<\/p>\n<p>&nbsp;<\/p>\n","protected":false},"excerpt":{"rendered":"<p>V p\u00e1tek 29.4. se v prostor\u00e1ch Dobropointu a\u00a0ADRY o.p.s. uskute\u010dnila historicky prvn\u00ed sn\u00eddan\u011b koordin\u00e1tor\u016f dobrovoln\u00edk\u016f v \u010cesk\u00e9 L\u00edp\u011b a vypad\u00e1<\/p>\n","protected":false},"author":20,"featured_media":2364,"comment_status":"closed","ping_status":"closed","sticky":false,"template":"","format":"standard","meta":{"om_disable_all_campaigns":false,"_monsterinsights_skip_tracking":false,"_monsterinsights_sitenote_active":false,"_monsterinsights_sitenote_note":"","_monsterinsights_sitenote_category":0,"footnotes":""},"categories":[5],"tags":[],"aioseo_notices":[],"_links":{"self":[{"href":"https:\/\/lk.regionalnidobrovolnickecentrum.cz\/subdom\/lk\/wp-json\/wp\/v2\/posts\/2363"}],"collection":[{"href":"https:\/\/lk.regionalnidobrovolnickecentrum.cz\/subdom\/lk\/wp-json\/wp\/v2\/posts"}],"about":[{"href":"https:\/\/lk.regionalnidobrovolnickecentrum.cz\/subdom\/lk\/wp-json\/wp\/v2\/types\/post"}],"author":[{"embeddable":true,"href":"https:\/\/lk.regionalnidobrovolnickecentrum.cz\/subdom\/lk\/wp-json\/wp\/v2\/users\/20"}],"replies":[{"embeddable":true,"href":"https:\/\/lk.regionalnidobrovolnickecentrum.cz\/subdom\/lk\/wp-json\/wp\/v2\/comments?post=2363"}],"version-history":[{"count":1,"href":"https:\/\/lk.regionalnidobrovolnickecentrum.cz\/subdom\/lk\/wp-json\/wp\/v2\/posts\/2363\/revisions"}],"predecessor-version":[{"id":2365,"href":"https:\/\/lk.regionalnidobrovolnickecentrum.cz\/subdom\/lk\/wp-json\/wp\/v2\/posts\/2363\/revisions\/2365"}],"wp:featuredmedia":[{"embeddable":true,"href":"https:\/\/lk.regionalnidobrovolnickecentrum.cz\/subdom\/lk\/wp-json\/wp\/v2\/media\/2364"}],"wp:attachment":[{"href":"https:\/\/lk.regionalnidobrovolnickecentrum.cz\/subdom\/lk\/wp-json\/wp\/v2\/media?parent=2363"}],"wp:term":[{"taxonomy":"category","embeddable":true,"href":"https:\/\/lk.regionalnidobrovolnickecentrum.cz\/subdom\/lk\/wp-json\/wp\/v2\/categories?post=2363"},{"taxonomy":"post_tag","embeddable":true,"href":"https:\/\/lk.regionalnidobrovolnickecentrum.cz\/subdom\/lk\/wp-json\/wp\/v2\/tags?post=2363"}],"curies":[{"name":"wp","href":"https:\/\/api.w.org\/{rel}","templated":true}]}}