{"id":2366,"date":"2022-04-29T15:47:03","date_gmt":"2022-04-29T13:47:03","guid":{"rendered":"https:\/\/lk.regionalnidobrovolnickecentrum.cz\/subdom\/lk\/?p=2366"},"modified":"2022-04-29T15:47:03","modified_gmt":"2022-04-29T13:47:03","slug":"slunecko-hleda-dobrovolniky","status":"publish","type":"post","link":"https:\/\/lk.regionalnidobrovolnickecentrum.cz\/subdom\/lk\/slunecko-hleda-dobrovolniky\/","title":{"rendered":"Slun\u00e9\u010dko hled\u00e1 dobrovoln\u00edky"},"content":{"rendered":"<p>V Liberci vzniklo nov\u00e9 centrum pro p\u0159ed\u0161kol\u00e1ky z Ukrajiny. Jejich maminky, kter\u00e9 s nimi uprchly p\u0159ed v\u00e1lkou, tak mohly za\u010d\u00edt pracovat. <strong><a href=\"https:\/\/liberec.rozhlas.cz\/cerveny-kostel-na-perstyne-se-promenil-ve-skolku-pro-ukrajinske-deti-adra-pro-ni-8727199\">Poslechn\u011bte si report\u00e1\u017e \u010cesk\u00e9ho rozhlasu<\/a>. <\/strong>P\u0159ipravila ji pro n\u00e1s pan\u00ed redaktorka Ivana Bern\u00e1thov\u00e1.<\/p>\n<div class=\"field body\" data-io-article-url=\"https:\/\/liberec.rozhlas.cz\/cerveny-kostel-na-perstyne-se-promenil-ve-skolku-pro-ukrajinske-deti-adra-pro-ni-8727199\">\n<div class=\"wysiwyg-asset asset-type-image image__small_img_left\">\n<div class=\"img-metadata\">Centrum Slun\u00e9\u010dko nyn\u00ed nav\u0161t\u011bvuje 30 ukrajinsk\u00fdch d\u011bt\u00ed, kter\u00e9 v kostele svat\u00e9ho Vincence z Pauly z\u0159\u00eddila Adra a libereck\u00e1 firma Webasto. V rozs\u00e1hl\u00e9 budov\u011b kostela je n\u011bkolik heren a prostor hlavn\u00ed modlitebny se prom\u011bnil v improvizovanou t\u011blocvi\u010dnu. S d\u011btmi pracuj\u00ed ukrajinsk\u00e9 i \u010desk\u00e9 u\u010ditelky a psycholo\u017eky a den tu prob\u00edh\u00e1 jako v b\u011b\u017en\u00e9 \u0161kolce.<\/div>\n<\/div>\n<p>Slun\u00e9\u010dko by uv\u00edtalo dobrovoln\u00edky s n\u00e1pady na zaj\u00edmav\u00fd program pro ukrajinsk\u00e9 d\u011bti; p\u0159ihl\u00e1sit se mohou u humanit\u00e1rn\u00ed organizace Adra v Liberci. Z\u00e1jemc\u016fm o dobrovolnictv\u00ed p\u0159edem d\u011bkujeme.<\/p>\n<\/div>\n","protected":false},"excerpt":{"rendered":"<p>V Liberci vzniklo nov\u00e9 centrum pro p\u0159ed\u0161kol\u00e1ky z Ukrajiny. Jejich maminky, kter\u00e9 s nimi uprchly p\u0159ed v\u00e1lkou, tak mohly za\u010d\u00edt<\/p>\n","protected":false},"author":11,"featured_media":2341,"comment_status":"closed","ping_status":"closed","sticky":false,"template":"","format":"standard","meta":{"om_disable_all_campaigns":false,"_monsterinsights_skip_tracking":false,"_monsterinsights_sitenote_active":false,"_monsterinsights_sitenote_note":"","_monsterinsights_sitenote_category":0,"footnotes":""},"categories":[2],"tags":[],"aioseo_notices":[],"_links":{"self":[{"href":"https:\/\/lk.regionalnidobrovolnickecentrum.cz\/subdom\/lk\/wp-json\/wp\/v2\/posts\/2366"}],"collection":[{"href":"https:\/\/lk.regionalnidobrovolnickecentrum.cz\/subdom\/lk\/wp-json\/wp\/v2\/posts"}],"about":[{"href":"https:\/\/lk.regionalnidobrovolnickecentrum.cz\/subdom\/lk\/wp-json\/wp\/v2\/types\/post"}],"author":[{"embeddable":true,"href":"https:\/\/lk.regionalnidobrovolnickecentrum.cz\/subdom\/lk\/wp-json\/wp\/v2\/users\/11"}],"replies":[{"embeddable":true,"href":"https:\/\/lk.regionalnidobrovolnickecentrum.cz\/subdom\/lk\/wp-json\/wp\/v2\/comments?post=2366"}],"version-history":[{"count":1,"href":"https:\/\/lk.regionalnidobrovolnickecentrum.cz\/subdom\/lk\/wp-json\/wp\/v2\/posts\/2366\/revisions"}],"predecessor-version":[{"id":2367,"href":"https:\/\/lk.regionalnidobrovolnickecentrum.cz\/subdom\/lk\/wp-json\/wp\/v2\/posts\/2366\/revisions\/2367"}],"wp:featuredmedia":[{"embeddable":true,"href":"https:\/\/lk.regionalnidobrovolnickecentrum.cz\/subdom\/lk\/wp-json\/wp\/v2\/media\/2341"}],"wp:attachment":[{"href":"https:\/\/lk.regionalnidobrovolnickecentrum.cz\/subdom\/lk\/wp-json\/wp\/v2\/media?parent=2366"}],"wp:term":[{"taxonomy":"category","embeddable":true,"href":"https:\/\/lk.regionalnidobrovolnickecentrum.cz\/subdom\/lk\/wp-json\/wp\/v2\/categories?post=2366"},{"taxonomy":"post_tag","embeddable":true,"href":"https:\/\/lk.regionalnidobrovolnickecentrum.cz\/subdom\/lk\/wp-json\/wp\/v2\/tags?post=2366"}],"curies":[{"name":"wp","href":"https:\/\/api.w.org\/{rel}","templated":true}]}}