{"id":2535,"date":"2022-11-08T10:16:20","date_gmt":"2022-11-08T09:16:20","guid":{"rendered":"https:\/\/lk.regionalnidobrovolnickecentrum.cz\/subdom\/lk\/?p=2535"},"modified":"2022-11-04T10:30:11","modified_gmt":"2022-11-04T09:30:11","slug":"pomahame-zit-zivot-s-rakovinou","status":"publish","type":"post","link":"https:\/\/lk.regionalnidobrovolnickecentrum.cz\/subdom\/lk\/pomahame-zit-zivot-s-rakovinou\/","title":{"rendered":"Pom\u00e1h\u00e1me \u017e\u00edt \u017eivot s rakovinou"},"content":{"rendered":"<p>To je slogan<a href=\"http:\/\/www.amelie-zs.cz\"><strong> centra Amelie<\/strong><\/a>, kter\u00e9 se v\u011bnuje onkologick\u00fdm pacient\u016fm a <strong>do sv\u00fdch \u0159ad hled\u00e1 dobrovoln\u00edky<\/strong>. Amelie roz\u0161i\u0159uje sv\u00e9 slu\u017eby v Liberci, a krom\u011b soci\u00e1ln\u00edho a psychologick\u00e9ho poradenstv\u00ed \u010di aktiviza\u010dn\u00edch slu\u017eeb v Centru Amelie za\u010d\u00edn\u00e1 realizovat i Dobrovolnick\u00fd program pro onkologicky nemocn\u00e9 a jejich bl\u00edzk\u00e9.<\/p>\n<p>Amelie, z.s. nen\u00ed v tomto sm\u011bru nov\u00e1\u010dkem. Dobrovolnick\u00fd program Amelie vznikl ji\u017e v roce 2007 a aktu\u00e1ln\u011b funguje v Praze, Olomouci, Hradci Kr\u00e1lov\u00e9 a ve st\u0159edn\u00edch \u010cech\u00e1ch. Dobrovolnick\u00fd program Amelie je specifick\u00fd t\u00edm, \u017ee se zam\u011b\u0159uje na \u00fazkou oblast onkologie. Program je akreditov\u00e1n u Ministerstva vnitra a \u0159\u00edd\u00ed se doporu\u010den\u00edm Ministerstva zdravotnictv\u00ed.<\/p>\n<p><img loading=\"lazy\" decoding=\"async\" class=\"size-medium wp-image-2537 alignleft\" src=\"https:\/\/lk.regionalnidobrovolnickecentrum.cz\/subdom\/lk\/wp-content\/uploads\/2022\/11\/IMG_20220725_100312080_HDR-226x300.jpg\" alt=\"\" width=\"226\" height=\"300\" srcset=\"https:\/\/lk.regionalnidobrovolnickecentrum.cz\/subdom\/lk\/wp-content\/uploads\/2022\/11\/IMG_20220725_100312080_HDR-226x300.jpg 226w, https:\/\/lk.regionalnidobrovolnickecentrum.cz\/subdom\/lk\/wp-content\/uploads\/2022\/11\/IMG_20220725_100312080_HDR-771x1024.jpg 771w, https:\/\/lk.regionalnidobrovolnickecentrum.cz\/subdom\/lk\/wp-content\/uploads\/2022\/11\/IMG_20220725_100312080_HDR-768x1020.jpg 768w, https:\/\/lk.regionalnidobrovolnickecentrum.cz\/subdom\/lk\/wp-content\/uploads\/2022\/11\/IMG_20220725_100312080_HDR-1157x1536.jpg 1157w, https:\/\/lk.regionalnidobrovolnickecentrum.cz\/subdom\/lk\/wp-content\/uploads\/2022\/11\/IMG_20220725_100312080_HDR-1542x2048.jpg 1542w, https:\/\/lk.regionalnidobrovolnickecentrum.cz\/subdom\/lk\/wp-content\/uploads\/2022\/11\/IMG_20220725_100312080_HDR-scaled.jpg 1928w\" sizes=\"(max-width: 226px) 100vw, 226px\" \/><\/p>\n<p><strong>Dobrovoln\u00edk v Liberci m\u016f\u017ee p\u016fsobit na l\u016f\u017ekov\u00e9m odd\u011blen\u00ed onkologie<\/strong> Krajsk\u00e9 nemocnice Liberec, kde dle sv\u00fdch preferenc\u00ed a z\u00e1jm\u016f pom\u00e1h\u00e1 rozpt\u00fdlit onkologick\u00e9 pacienty. \u201eDobrovoln\u00edk zde m\u016f\u017ee s pacienty nap\u0159\u00edklad lu\u0161tit k\u0159\u00ed\u017eovky, p\u0159ed\u010d\u00edtat jim, tvo\u0159it s nimi. Ale i oby\u010dejn\u00e9 pov\u00edd\u00e1n\u00ed a p\u0159\u00edtomnost d\u00e1v\u00e1 pacient\u016fm na chv\u00edli zapomenout na svou nemoc a tr\u00e1pen\u00ed.\u201c Dal\u0161\u00ed mo\u017enost\u00ed uplatn\u011bn\u00ed dobrovoln\u00edka je <strong>na<\/strong> <strong>onkologick\u00e9 ambulanci<\/strong>, kde pacient\u016fm nab\u00edz\u00ed n\u00e1poje, informace a drobn\u00e9 aktivity pro zp\u0159\u00edjemn\u011bn\u00ed \u010dek\u00e1n\u00ed na onkologick\u00e9 o\u0161et\u0159en\u00ed. Do podpory onkologicky nemocn\u00fdch se lze zapojit<strong> i jako dobrovoln\u00fd lektor aktivit \u010di pomoci v samotn\u00e9m Centru Amelie.<\/strong><\/p>\n<p><strong>Do dobrovolnick\u00e9ho programu Amelie je v\u00edt\u00e1n ka\u017ed\u00fd, komu je v\u00edce jak 18 let, m\u00e1 chu\u0165 a \u010das se zapojit. <\/strong>Dobrovoln\u00edci, kte\u0159\u00ed cht\u011bj\u00ed pom\u00e1hat p\u0159\u00edmo u onkologicky nemocn\u00fdch, v\u0161ak mus\u00ed absolvovat vstupn\u00ed \u0161kolen\u00ed a uzav\u0159\u00edt dobrovolnickou smlouvu. Bezpe\u010dn\u00e1 dobrovolnick\u00e1 \u010dinnost pro v\u0161echny je toti\u017e na prvn\u00edm m\u00edst\u011b.<\/p>\n<p>Jde v\u0161ak o zku\u0161enost, kter\u00e1 \u010dasto oslovuje nejen dobrovoln\u00edky z \u0159ad pracuj\u00edc\u00edch, senior\u016f, ale i mlad\u00fdch lid\u00ed. Krom\u011b jedine\u010dn\u00e9 zku\u0161enosti z\u00edsk\u00e1 dobrovoln\u00edk i \u0161kolen\u00ed v oblasti dobrovolnictv\u00ed a onkopsychologie, poji\u0161t\u011bn\u00ed pro v\u00fdkon \u010dinnosti dobrovoln\u00edka, pravidelnou supervizi, metodick\u00e9 veden\u00ed, dal\u0161\u00ed vzd\u011bl\u00e1v\u00e1n\u00ed a z\u00e1zem\u00ed profesion\u00e1ln\u00ed neziskov\u00e9 organizace s odborn\u00fdm know-how.<\/p>\n<p>&nbsp;<\/p>\n<p><strong>Kontakt pro z\u00e1jemce o pr\u00e1ci dobrovoln\u00edka<\/strong> pro onkologicky nemocn\u00e9 a jejich bl\u00edzk\u00e9 v Liberci:<\/p>\n<p>Jitka Pavlatov\u00e1, koordin\u00e1torka dobrovoln\u00edk\u016f, na tel.: 776610429 \u010di emailu: dobrovolnici.LK@amelie-zs.cz, centrum.liberec@amelie-zs.cz<\/p>\n<p>Adresa: Centrum Amelie v Liberci, Krajsk\u00e1 nemocnice Liberec, Husova 10 (budova U, 1. patro, vchod z ulice Jabloneck\u00e1)<\/p>\n<p>V\u00edce o dobrovolnick\u00e9m programu Amelie se do\u010dtete <a href=\"http:\/\/www.amelie-zs.cz\/pomoc-pro-zivot-s-rakovinou\/dobrovolnicky-program\/\">zde<\/a>.<\/p>\n","protected":false},"excerpt":{"rendered":"<p>To je slogan centra Amelie, kter\u00e9 se v\u011bnuje onkologick\u00fdm pacient\u016fm a do sv\u00fdch \u0159ad hled\u00e1 dobrovoln\u00edky. Amelie roz\u0161i\u0159uje sv\u00e9 slu\u017eby<\/p>\n","protected":false},"author":20,"featured_media":2538,"comment_status":"closed","ping_status":"closed","sticky":false,"template":"","format":"standard","meta":{"om_disable_all_campaigns":false,"_monsterinsights_skip_tracking":false,"_monsterinsights_sitenote_active":false,"_monsterinsights_sitenote_note":"","_monsterinsights_sitenote_category":0,"footnotes":""},"categories":[93],"tags":[],"aioseo_notices":[],"_links":{"self":[{"href":"https:\/\/lk.regionalnidobrovolnickecentrum.cz\/subdom\/lk\/wp-json\/wp\/v2\/posts\/2535"}],"collection":[{"href":"https:\/\/lk.regionalnidobrovolnickecentrum.cz\/subdom\/lk\/wp-json\/wp\/v2\/posts"}],"about":[{"href":"https:\/\/lk.regionalnidobrovolnickecentrum.cz\/subdom\/lk\/wp-json\/wp\/v2\/types\/post"}],"author":[{"embeddable":true,"href":"https:\/\/lk.regionalnidobrovolnickecentrum.cz\/subdom\/lk\/wp-json\/wp\/v2\/users\/20"}],"replies":[{"embeddable":true,"href":"https:\/\/lk.regionalnidobrovolnickecentrum.cz\/subdom\/lk\/wp-json\/wp\/v2\/comments?post=2535"}],"version-history":[{"count":4,"href":"https:\/\/lk.regionalnidobrovolnickecentrum.cz\/subdom\/lk\/wp-json\/wp\/v2\/posts\/2535\/revisions"}],"predecessor-version":[{"id":2541,"href":"https:\/\/lk.regionalnidobrovolnickecentrum.cz\/subdom\/lk\/wp-json\/wp\/v2\/posts\/2535\/revisions\/2541"}],"wp:featuredmedia":[{"embeddable":true,"href":"https:\/\/lk.regionalnidobrovolnickecentrum.cz\/subdom\/lk\/wp-json\/wp\/v2\/media\/2538"}],"wp:attachment":[{"href":"https:\/\/lk.regionalnidobrovolnickecentrum.cz\/subdom\/lk\/wp-json\/wp\/v2\/media?parent=2535"}],"wp:term":[{"taxonomy":"category","embeddable":true,"href":"https:\/\/lk.regionalnidobrovolnickecentrum.cz\/subdom\/lk\/wp-json\/wp\/v2\/categories?post=2535"},{"taxonomy":"post_tag","embeddable":true,"href":"https:\/\/lk.regionalnidobrovolnickecentrum.cz\/subdom\/lk\/wp-json\/wp\/v2\/tags?post=2535"}],"curies":[{"name":"wp","href":"https:\/\/api.w.org\/{rel}","templated":true}]}}