{"id":2555,"date":"2022-11-25T11:44:29","date_gmt":"2022-11-25T10:44:29","guid":{"rendered":"https:\/\/lk.regionalnidobrovolnickecentrum.cz\/subdom\/lk\/?p=2555"},"modified":"2022-11-25T11:44:29","modified_gmt":"2022-11-25T10:44:29","slug":"spolecensky-vecer-jako-podekovani","status":"publish","type":"post","link":"https:\/\/lk.regionalnidobrovolnickecentrum.cz\/subdom\/lk\/spolecensky-vecer-jako-podekovani\/","title":{"rendered":"Spole\u010densk\u00fd ve\u010der jako pod\u011bkov\u00e1n\u00ed"},"content":{"rendered":"<p>Spole\u010densk\u00fd ve\u010der \u201ePom\u00e1hat je radost\u201c se uskute\u010dn\u00ed ve \u010dtvrtek 1. prosince 2022 od 19 hodin v <a href=\"https:\/\/universium.cz\/\">MCU KOLOSEUM<\/a> v Liberci pod z\u00e1\u0161titou Mgr. Ji\u0159\u00edho Ulvra, \u010dlena rady Libereck\u00e9ho kraje.<!--more--><\/p>\n<p>Organizuj\u00ed jej As<a href=\"https:\/\/www.facebook.com\/asociacennolk\">ociace nest\u00e1tn\u00edch neziskov\u00fdch organizac\u00ed Libereck\u00e9ho kraje (ANNOLK)<\/a> a <a href=\"https:\/\/adra.cz\/jak-pomahame\/dobrovolnictvi\/liberec\/\">Dobrovolnick\u00e9 centrum Libereck\u00e9ho kraje ADRA<\/a> ve spolupr\u00e1ci s obecn\u011b prosp\u011b\u0161nou spole\u010dnost\u00ed MCU KOLOSEUM, jako pod\u011bkov\u00e1n\u00ed dobrovoln\u00edk\u016fm, pracovn\u00edk\u016fm v neziskov\u00fdch organizac\u00edch a v soci\u00e1ln\u00edch slu\u017eb\u00e1ch za jejich pr\u00e1ci v roce 2022.<\/p>\n<p>V roce 2022 vznikla nov\u00e1 spolupr\u00e1ce mezi ANNOLK a libereckou pobo\u010dkou ADRA. B\u011bhem roku tyto organizace spole\u010dn\u011b uspo\u0159\u00e1daly n\u011bkolik akc\u00ed, p\u0159i kter\u00fdch spolupracovaly s mnoha m\u00edstn\u00edmi neziskov\u00fdmi organizacemi i organizacemi poskytuj\u00edc\u00ed soci\u00e1ln\u00ed slu\u017eby.<\/p>\n<p>V \u00fanoru se v Krajsk\u00e9 v\u011bdeck\u00e9 knihovn\u011b uskute\u010dnily <a href=\"https:\/\/www.tynes.cz\/\">T\u00fddny pro neziskov\u00fd sektor \u2013 TYNES<\/a>. V \u010dervnu na Zauhlova\u010dce dobrovoln\u00edci spole\u010dn\u011b s <a href=\"https:\/\/www.roskaliberec.cz\/\">Roskou<\/a> zasazovali slune\u010dnice. V z\u00e1\u0159\u00ed prob\u011bhl <a href=\"https:\/\/lk.regionalnidobrovolnickecentrum.cz\/subdom\/lk\/prezentace-dobrovolnictvi-v-zoo-liberec\/\">Den dobrovolnictv\u00ed v ZOO Liberec<\/a>.<\/p>\n<p>Cel\u00fd rok 2022 se nesl v \u201educhu\u201c TYNES \u2013 pozn\u00e1v\u00e1me se, spolupracujeme, s\u00ed\u0165ujeme, pom\u00e1h\u00e1me si. Spolupr\u00e1ce bude pokra\u010dovat i v n\u00e1sleduj\u00edc\u00edm roce.<\/p>\n<p>Spole\u010densk\u00fd ve\u010der je z\u00e1v\u011bre\u010dnou akc\u00ed roku 2022. C\u00edlem ve\u010dera je pod\u011bkovat v\u0161em za spolupr\u00e1ci, pozdravit kolegy ze stejn\u00e9 bran\u017ee, popov\u00eddat si, zatan\u010dit si a str\u00e1vit spole\u010dn\u011b kr\u00e1sn\u00fd ve\u010der.<\/p>\n<p>Cel\u00fdm ve\u010derem bude prov\u00e1zet moder\u00e1tor Luk\u00e1\u0161 V\u00e1\u0148a, k tanci i poslechu zahraje Bohemia Universal Band a \u00fa\u010dastn\u00edky \u010dek\u00e1 tak\u00e9 jedno hudebn\u00ed a dv\u011b\u00a0tane\u010dn\u00ed vystoupen\u00ed. P\u0159edstav\u00ed se soubor bic\u00edch n\u00e1stroj\u016f <a href=\"http:\/\/www.aries-percussion.cz\/\">Aries<\/a>, skotsk\u00e9 tance zatan\u010d\u00ed tane\u010dn\u00edci ze spolku <a href=\"https:\/\/www.skotskoliberec.cz\/\">Jizersk\u00fd bodl\u00e1k<\/a>. Pod veden\u00edm Mgr. Jana Kohouta, \u00fa\u010dastn\u00edka 10. \u0159ady StarDance, kter\u00fd vyu\u010duje tanec na s\u00e1lech Kolosea mimo jin\u00e9 i voz\u00ed\u010dk\u00e1\u0159e a pr\u00e1v\u011b ti se V\u00e1m r\u00e1di p\u0159edstav\u00ed s tanci jako waltz, val\u010d\u00edk, cha-cha a jive.<\/p>\n<p>Spole\u010densk\u00fd ve\u010der je otev\u0159en \u0161ir\u0161\u00ed ve\u0159ejnosti, vstupn\u00e9 je dobrovoln\u00e9 a bude pou\u017eito na \u00fahradu organiza\u010dn\u00edch n\u00e1klad\u016f akce. Za podporu pat\u0159\u00ed d\u00edky sponzor\u016fm a d\u00e1rc\u016fm \u2013 Libereck\u00e9mu kraji, Statut\u00e1rn\u00edmu m\u011bstu Liberec a Nadaci Preciosa.<\/p>\n<p>Rezervace vstupenek a dal\u0161\u00ed informace : <a href=\"mailto:alena.annolk@seznam.cz\">alena.annolk@seznam.cz<\/a>, nebo na tel. 737\u00a0233 889.<\/p>\n<p>Cel\u00fd plak\u00e1t k nahl\u00e9dnut\u00ed <a href=\"https:\/\/www.facebook.com\/photo\/?fbid=431552425833620&amp;set=a.393866879602175\">zde.<\/a><\/p>\n","protected":false},"excerpt":{"rendered":"<p>Spole\u010densk\u00fd ve\u010der \u201ePom\u00e1hat je radost\u201c se uskute\u010dn\u00ed ve \u010dtvrtek 1. prosince 2022 od 19 hodin v MCU KOLOSEUM v Liberci<\/p>\n","protected":false},"author":20,"featured_media":2558,"comment_status":"closed","ping_status":"closed","sticky":false,"template":"","format":"standard","meta":{"om_disable_all_campaigns":false,"_monsterinsights_skip_tracking":false,"_monsterinsights_sitenote_active":false,"_monsterinsights_sitenote_note":"","_monsterinsights_sitenote_category":0,"footnotes":""},"categories":[5],"tags":[],"aioseo_notices":[],"_links":{"self":[{"href":"https:\/\/lk.regionalnidobrovolnickecentrum.cz\/subdom\/lk\/wp-json\/wp\/v2\/posts\/2555"}],"collection":[{"href":"https:\/\/lk.regionalnidobrovolnickecentrum.cz\/subdom\/lk\/wp-json\/wp\/v2\/posts"}],"about":[{"href":"https:\/\/lk.regionalnidobrovolnickecentrum.cz\/subdom\/lk\/wp-json\/wp\/v2\/types\/post"}],"author":[{"embeddable":true,"href":"https:\/\/lk.regionalnidobrovolnickecentrum.cz\/subdom\/lk\/wp-json\/wp\/v2\/users\/20"}],"replies":[{"embeddable":true,"href":"https:\/\/lk.regionalnidobrovolnickecentrum.cz\/subdom\/lk\/wp-json\/wp\/v2\/comments?post=2555"}],"version-history":[{"count":3,"href":"https:\/\/lk.regionalnidobrovolnickecentrum.cz\/subdom\/lk\/wp-json\/wp\/v2\/posts\/2555\/revisions"}],"predecessor-version":[{"id":2560,"href":"https:\/\/lk.regionalnidobrovolnickecentrum.cz\/subdom\/lk\/wp-json\/wp\/v2\/posts\/2555\/revisions\/2560"}],"wp:featuredmedia":[{"embeddable":true,"href":"https:\/\/lk.regionalnidobrovolnickecentrum.cz\/subdom\/lk\/wp-json\/wp\/v2\/media\/2558"}],"wp:attachment":[{"href":"https:\/\/lk.regionalnidobrovolnickecentrum.cz\/subdom\/lk\/wp-json\/wp\/v2\/media?parent=2555"}],"wp:term":[{"taxonomy":"category","embeddable":true,"href":"https:\/\/lk.regionalnidobrovolnickecentrum.cz\/subdom\/lk\/wp-json\/wp\/v2\/categories?post=2555"},{"taxonomy":"post_tag","embeddable":true,"href":"https:\/\/lk.regionalnidobrovolnickecentrum.cz\/subdom\/lk\/wp-json\/wp\/v2\/tags?post=2555"}],"curies":[{"name":"wp","href":"https:\/\/api.w.org\/{rel}","templated":true}]}}