{"id":2561,"date":"2022-12-05T08:00:47","date_gmt":"2022-12-05T07:00:47","guid":{"rendered":"https:\/\/lk.regionalnidobrovolnickecentrum.cz\/subdom\/lk\/?p=2561"},"modified":"2022-12-02T14:40:08","modified_gmt":"2022-12-02T13:40:08","slug":"oslavme-den-dobrovolniku","status":"publish","type":"post","link":"https:\/\/lk.regionalnidobrovolnickecentrum.cz\/subdom\/lk\/oslavme-den-dobrovolniku\/","title":{"rendered":"P\u00e1r tip\u016f k Mezin\u00e1rodn\u00edmu dni dobrovoln\u00edk\u016f"},"content":{"rendered":"<p>Dnes si p\u0159ipom\u00edn\u00e1me Mezin\u00e1rodn\u00ed den dobrovoln\u00edk\u016f!\u00a0 V\u0161ichni u\u017e v\u00edme, jak jsou dobrovoln\u00edci pro spole\u010dnost d\u016fle\u017eit\u00ed a \u017ee jejich pr\u00e1ce je \u010dasto nenahraditeln\u00e1. Pod\u011bkujme proto v\u0161em dobrovoln\u00edk\u016fm, kte\u0159\u00ed se sna\u017e\u00ed zlep\u0161ovat kvalitu \u017eivota lid\u00ed ve spole\u010dnosti nebo pom\u00e1haj\u00ed na\u0161\u00ed planet\u011b!<\/p>\n<p>V tomto \u010dl\u00e1nku p\u0159in\u00e1\u0161\u00edme p\u00e1r tip\u016f, jak pom\u00e1hat \u0161\u00ed\u0159it dobro jako dobrovoln\u00edk.<\/p>\n<p>Kr\u00e1sn\u00fd \u010dl\u00e1nek o tom, jak v\u00e9st k dobrovolnictv\u00ed t\u0159eba i sv\u00e9 d\u011bti najdete pr\u00e1v\u011b na jednom z dobrovolnick\u00fdch web\u016f <a href=\"https:\/\/www.dobrovolnik.cz\/\">dobrovolnik.cz<\/a>. Tereza Cimburkov\u00e1 ve sv\u00e9m \u010dl\u00e1nku <em>Jak se rod\u00ed dobrovoln\u00edci<\/em> zmi\u0148uje fakt, \u017ee je d\u016fle\u017eit\u00e9 za\u010d\u00edt k dobrovolnictv\u00ed vychov\u00e1vat u\u017e mal\u00e9 d\u011bti. A nejv\u011bt\u0161\u00edm vzorem pro mal\u00e9 d\u011bti jsou pr\u00e1v\u011b jejich rodi\u010de, tak\u017ee p\u0159in\u00e1\u0161\u00ed tipy jak\u00a0 se d\u011bti spolu se sv\u00fdmi rodi\u010di mohou do \u0161\u00ed\u0159en\u00ed dobra zapojit pr\u00e1v\u011b te\u010f,\u00a0 v \u010dase adventn\u00edm. Ur\u010dit\u011b si <a href=\"https:\/\/www.dobrovolnik.cz\/z-dobrovolnictvi-aktualne\/jak-se-rodi-dobrovolnici\">\u010dl\u00e1nek<\/a> p\u0159e\u010dt\u011bte.<\/p>\n<p>U\u017e del\u0161\u00ed dobu o dobrovolnictv\u00ed uva\u017eujete? St\u00e1le hled\u00e1te, kde a jak se zapojit? P\u0159in\u00e1\u0161\u00edme p\u00e1r tip\u016f, kde se m\u016f\u017eete porozhl\u00e9dnout:<\/p>\n<p>Dobrovoln\u00edk\u016f nen\u00ed nikdy dost. Sta\u010d\u00ed se pod\u00edvat do <a href=\"https:\/\/lk.regionalnidobrovolnickecentrum.cz\/all-listings\/\">na\u0161\u00ed datab\u00e1ze organizac\u00ed<\/a> p\u016fsob\u00edc\u00edch v Libereck\u00e9m kraji, kter\u00e9 hledaj\u00ed dobrovoln\u00edky do sv\u00fdch \u0159ad. Vybrat si m\u016f\u017eete ze \u0161irok\u00e9 \u0161k\u00e1ly zam\u011b\u0159en\u00ed.<\/p>\n<p>Tipy na dobrovolnick\u00e9 aktivity najdete tak\u00e9 na dal\u0161\u00edch dobrovolnick\u00fdch webech. Krom\u011b <a href=\"https:\/\/www.dobrovolnik.cz\/prilezitosti\">dobrovolnika.cz<\/a> jmenujme je\u0161t\u011b alespo\u0148 spolek <a href=\"https:\/\/tamjdem.cz\/\">Tamjdem<\/a>, kter\u00fd nab\u00edz\u00ed spoustu dobrovolnick\u00fdch p\u0159\u00edle\u017eitost\u00ed tam, kde je pot\u0159eba manu\u00e1ln\u00ed pr\u00e1ce. Do dobrovolnick\u00fdch program\u016f se m\u016f\u017eete zapojit tak\u00e9 u <a href=\"http:\/\/hest.cz\">Hestie<\/a>.<\/p>\n<p>Ohledn\u011b novinek ze sv\u011bta dobrovolnictv\u00ed v na\u0161em kraji se krom\u011b na\u0161eho <a href=\"https:\/\/www.facebook.com\/dobrovkraji\/\">Facebooku RDC<\/a> m\u016f\u017eete pod\u00edvat tak\u00e9 na facebookovou skupinu <a href=\"https:\/\/www.facebook.com\/groups\/2900489356683857\/\">Dobrovoln\u00edci pom\u00e1haj\u00ed v Libereck\u00e9m kraji<\/a>, kde lid\u00e9 sd\u00edlej\u00ed spoustu tip\u016f, jak se do pomoci m\u016f\u017eete zapojit nebo jak pom\u00e1haj\u00ed jin\u00ed. Ur\u010dit\u011b se vyplat\u00ed skupinku sledovat.<\/p>\n<p>Tak kr\u00e1sn\u00e9 oslavy Dne dobrovoln\u00edk\u016f!<\/p>\n<p>&nbsp;<\/p>\n","protected":false},"excerpt":{"rendered":"<p>Dnes si p\u0159ipom\u00edn\u00e1me Mezin\u00e1rodn\u00ed den dobrovoln\u00edk\u016f!\u00a0 V\u0161ichni u\u017e v\u00edme, jak jsou dobrovoln\u00edci pro spole\u010dnost d\u016fle\u017eit\u00ed a \u017ee jejich pr\u00e1ce je<\/p>\n","protected":false},"author":20,"featured_media":2564,"comment_status":"closed","ping_status":"closed","sticky":false,"template":"","format":"standard","meta":{"om_disable_all_campaigns":false,"_monsterinsights_skip_tracking":false,"_monsterinsights_sitenote_active":false,"_monsterinsights_sitenote_note":"","_monsterinsights_sitenote_category":0,"footnotes":""},"categories":[2],"tags":[],"aioseo_notices":[],"_links":{"self":[{"href":"https:\/\/lk.regionalnidobrovolnickecentrum.cz\/subdom\/lk\/wp-json\/wp\/v2\/posts\/2561"}],"collection":[{"href":"https:\/\/lk.regionalnidobrovolnickecentrum.cz\/subdom\/lk\/wp-json\/wp\/v2\/posts"}],"about":[{"href":"https:\/\/lk.regionalnidobrovolnickecentrum.cz\/subdom\/lk\/wp-json\/wp\/v2\/types\/post"}],"author":[{"embeddable":true,"href":"https:\/\/lk.regionalnidobrovolnickecentrum.cz\/subdom\/lk\/wp-json\/wp\/v2\/users\/20"}],"replies":[{"embeddable":true,"href":"https:\/\/lk.regionalnidobrovolnickecentrum.cz\/subdom\/lk\/wp-json\/wp\/v2\/comments?post=2561"}],"version-history":[{"count":10,"href":"https:\/\/lk.regionalnidobrovolnickecentrum.cz\/subdom\/lk\/wp-json\/wp\/v2\/posts\/2561\/revisions"}],"predecessor-version":[{"id":2572,"href":"https:\/\/lk.regionalnidobrovolnickecentrum.cz\/subdom\/lk\/wp-json\/wp\/v2\/posts\/2561\/revisions\/2572"}],"wp:featuredmedia":[{"embeddable":true,"href":"https:\/\/lk.regionalnidobrovolnickecentrum.cz\/subdom\/lk\/wp-json\/wp\/v2\/media\/2564"}],"wp:attachment":[{"href":"https:\/\/lk.regionalnidobrovolnickecentrum.cz\/subdom\/lk\/wp-json\/wp\/v2\/media?parent=2561"}],"wp:term":[{"taxonomy":"category","embeddable":true,"href":"https:\/\/lk.regionalnidobrovolnickecentrum.cz\/subdom\/lk\/wp-json\/wp\/v2\/categories?post=2561"},{"taxonomy":"post_tag","embeddable":true,"href":"https:\/\/lk.regionalnidobrovolnickecentrum.cz\/subdom\/lk\/wp-json\/wp\/v2\/tags?post=2561"}],"curies":[{"name":"wp","href":"https:\/\/api.w.org\/{rel}","templated":true}]}}