{"id":2615,"date":"2023-02-12T20:00:02","date_gmt":"2023-02-12T19:00:02","guid":{"rendered":"https:\/\/lk.regionalnidobrovolnickecentrum.cz\/subdom\/lk\/?p=2615"},"modified":"2023-02-12T20:36:44","modified_gmt":"2023-02-12T19:36:44","slug":"pozvanka-na-konferenci-v-knihovnach","status":"publish","type":"post","link":"https:\/\/lk.regionalnidobrovolnickecentrum.cz\/subdom\/lk\/pozvanka-na-konferenci-v-knihovnach\/","title":{"rendered":"Pozv\u00e1nka na Konferenci v knihovn\u00e1ch"},"content":{"rendered":"<p>Srde\u010dn\u011b V\u00e1s zveme na konferenci DOBROVOLNICTV\u00cd V KNIHOVN\u00c1CH, kter\u00e1 se kon\u00e1 ve \u010dtvrtek 9. b\u0159ezna 2023 v \u010dase od 10:00 do 15:30 hodin v Krajsk\u00e9 knihovn\u011b Karlovy Vary.<!--more--><br \/>\nCena: 400 K\u010d\/osoba<\/p>\n<h4>PROGRAM<\/h4>\n<p>9:30-10:00hod: REGISTRACE<br \/>\n10:00-10:15hod: \u00daVOD A ZAH\u00c1JEN\u00cd KONFERENCE<br \/>\n10:15-10:45hod: P\u0158EDSTAVEN\u00cd Dobrovolnick\u00fdch center a PRO\u010c M\u00cdT DOBROVOLN\u00cdKY V KNIHOVN\u011a \u2013 Romana Trutnovsk\u00e1<br \/>\n10:45-11:30hod: JAK ZAJISTIT DOBROVOLNICTV\u00cd V KNIHOVN\u011a A JAK P\u0158IPRAVIT KNIHOVNU NA DOBROVOLN\u00cdKY, JAK SI UDR\u017dET DOBROVOLN\u00cdKY, formy dobrovolnictv\u00ed (firmy, jednotlivci, \u0161koly aj.) \u2013 pracovn\u00ed skupina SKIP \u010cR \u2013 Eva Vodi\u010dkov\u00e1, Eva Lochnerov\u00e1 a Ond\u0159ej Hude\u010dek<br \/>\n11:30-12:00hod: PROPAGACE A N\u00c1BOR DOBROVOLN\u00cdK\u016e \u2013 Romana Trutnovsk\u00e1<br \/>\n12:00-12:30hod: P\u0158EST\u00c1VKA<br \/>\n12:30-13:30hod: P\u0158\u00cdKLADY DOBR\u00c9 PRAXE DOBROVOLNICTV\u00cd V KNIHOVN\u00c1CH- Eva Vodi\u010dkov\u00e1<br \/>\nKrajsk\u00e1 knihovna Karlovy Vary, p.o. , Ond\u0159ej Hude\u010dek, M\u011bstsk\u00e1 knihovna v Praze a Eva Lochnerov\u00e1, Knihovna \u00dasteck\u00e9ho kraje<br \/>\n13:30-14:30hod: PR\u00c1CE S KOMUNITOU \u2013 v p\u0159\u00edprav\u011b<br \/>\n14:30-15:30hod: UK\u00c1ZKA VSTUPN\u00cdHO POHOVORU SE Z\u00c1JEMCEM O DOBROVOLNICTV\u00cd + JAK SI P\u0158EDSTAVUJETE DOBROVOLN\u00cdKA \u2013 Eva Vodi\u010dkov\u00e1, Eva Lochnerov\u00e1 a Ond\u0159ej Hude\u010dek<br \/>\nZm\u011bna programu vyhrazena<\/p>\n<p><strong>Z\u00e1vazn\u00e1 p\u0159ihl\u00e1\u0161ka do 28.2.2023 zde:&nbsp;<a href=\"https:\/\/forms.gle\/sKgC6dfG2bV9Vgu8A\">https:\/\/forms.gle\/sKgC6dfG2bV9Vgu8A<\/a><\/strong><\/p>\n<h4>Koho na konferenci potk\u00e1te:<\/h4>\n<p>Ing. Eva Vodi\u010dkov\u00e1 pracuje s dobrovoln\u00edky od roku 2013, zku\u0161enosti nasb\u00edrala v Thomayerov\u011b nemocnici v Praze v Centru podp\u016frn\u00e9 p\u00e9\u010de. V \u0159\u00edjnu 2016 nastoupila do Krajsk\u00e9 knihovny Karlovy Vary, kde zalo\u017eila dobrovolnictv\u00ed, v roce 2018 zalo\u017eila dobrovolnictv\u00ed v Karlovarsk\u00e9 krajsk\u00e9 nemocnici, 2019-2021 vedla Region\u00e1ln\u00ed dobrovolnick\u00e9 centrum Instand. V roce 2019 byla u zalo\u017een\u00ed pracovn\u00ed skupiny dobrovolnictv\u00ed v knihovn\u00e1ch v sekci ve\u0159ejn\u00fdch knihoven SKIP. V\u011bnuje se komunitn\u00edm \u010dinnostem, organizaci akc\u00ed, ale i lekc\u00edm pro studenty S\u0160.<\/p>\n<p>Mgr. Ond\u0159ej Hude\u010dek, Ph.D. vystudoval obory soci\u00e1ln\u00ed a kulturn\u00ed ekologie a obecn\u00e1 antropologie na Univerzit\u011b Karlov\u011b. Pracuje v M\u011bstsk\u00e9 knihovn\u011b v Praze v odd\u011blen\u00ed metodiky slu\u017eeb jako metodik pro oblast medi\u00e1ln\u00edho vzd\u011bl\u00e1v\u00e1n\u00ed a koordin\u00e1tor dobrovoln\u00edk\u016f. Zapojuje se do \u0159e\u0161en\u00ed t\u00e9mat, kter\u00e1 jsou spole\u010dn\u00e1 v\u0161em \u010desk\u00fdm knihovn\u00e1m. Dr\u017eitel ceny MARK 2020.<\/p>\n<p>Eva Lochnerov\u00e1 pracuje v Knihovn\u011b \u00dasteck\u00e9ho kraje od roku 2014 jako knihovnice v p\u0159\u00edm\u00fdch slu\u017eb\u00e1ch. Pat\u0159\u00ed mezi nad\u0161ence v knihovnick\u00fdch \u0159ad\u00e1ch a to pro spoustu kreativn\u00edch \u010dinnost\u00ed, n\u00e1pad\u016f a velmi tak\u00e9 fand\u00ed dobrovolnictv\u00ed. Koordin\u00e1torkou dobrovoln\u00edk\u016f se ofici\u00e1ln\u011b stala v roce 2022. Bav\u00ed j\u00ed b\u00fdt celodenn\u011b v p\u0159\u00edm\u00e9m kontaktu s lidmi, vych\u00e1zet vst\u0159\u00edc jejich informa\u010dn\u00edm pot\u0159eb\u00e1m a volit spr\u00e1vnou m\u00edru v komunikaci.<\/p>\n<p>Mgr. Romana Trutnovsk\u00e1, \u0159editelka Dobrovolnick\u00e9ho centra INSTAND, z.\u00fa. Je absolventkou oboru soci\u00e1ln\u00ed pr\u00e1ce na Filozofick\u00e9 fakult\u011b UK. Ji\u017e p\u0159i studi\u00edch byla dobrovoln\u00edk, chodila do azylov\u00e9ho domu, dou\u010dovala d\u011bti ze soci\u00e1ln\u011b slab\u00fdch rodin a asistovala d\u011btem se zdravotn\u00edm posti\u017een\u00edm. Svou pracovn\u00ed dr\u00e1hu za\u010dala v organizaci Rytmus, kter\u00e1 pracuje s lidmi s posti\u017een\u00edm, a to ji tak\u00e9 p\u0159ivedlo k zalo\u017een\u00ed dobrovolnick\u00e9ho centra. Vedle sv\u00e9 hlavn\u00ed pr\u00e1ce je d\u00e1le \u0161\u00e9fredaktorkou webu dobrovolnik.cz. V r. 2012 v Karlov\u00fdch Varech zalo\u017eila dobrovolnick\u00e9 centrum s celokrajovou p\u016fsobnost\u00ed, kter\u00e9 za\u010d\u00ednalo s jedn\u00edm akreditovan\u00fdm dobrovolnick\u00fdm programem a to DOHROMADY, zam\u011b\u0159en\u00fdm na tr\u00e1ven\u00ed voln\u00e9ho \u010dasu s lidmi s posti\u017een\u00edm. Dobrovolnick\u00e9 centrum se postupn\u011b rozr\u016fstalo a nyn\u00ed m\u00e1me 6 akreditovan\u00fdch program\u016f zam\u011b\u0159en\u00fdch na seniory, lidi s posti\u017een\u00edm, pacienty v nemocnic\u00edch a LDN a d\u011bti ohro\u017een\u00e9 soci\u00e1ln\u00edm vylou\u010den\u00edm.<\/p>\n<p>D\u00e1le tak\u00e9 spolupracujeme s Krajskou knihovnou Karlovy Vary. Dobrovolnick\u00e9 centrum vys\u00edl\u00e1 dobrovoln\u00edky do p\u0159ij\u00edmaj\u00edc\u00edch organizac\u00ed, d\u011bl\u00e1 n\u00e1bory dobrovoln\u00edk\u016f (p\u0159edn\u00e1\u0161ky na \u0161kol\u00e1ch, webov\u00e9 str\u00e1nky, Facebook, let\u00e1ky, \u010dl\u00e1nky v m\u00e9di\u00edch), vede pohovory se z\u00e1jemci o dobrovolnictv\u00ed, zaji\u0161\u0165uje vstupn\u00ed \u0161kolen\u00ed pro dobrovoln\u00edky a n\u00e1sledn\u011b dobrovoln\u00edk\u016fm p\u0159i jejich \u010dinnosti poskytuje skupinov\u00e9 supervize a pravideln\u00fd kontakt s koordin\u00e1torkou dobrovoln\u00edk\u016f.<\/p>\n<p>&nbsp;<\/p>\n","protected":false},"excerpt":{"rendered":"<p>Srde\u010dn\u011b V\u00e1s zveme na konferenci DOBROVOLNICTV\u00cd V KNIHOVN\u00c1CH, kter\u00e1 se kon\u00e1 ve \u010dtvrtek 9. b\u0159ezna 2023 v \u010dase od 10:00 do 15:30 hodin v Krajsk\u00e9 knihovn\u011b Karlovy Vary.<\/p>\n","protected":false},"author":1,"featured_media":2616,"comment_status":"closed","ping_status":"closed","sticky":false,"template":"","format":"standard","meta":{"om_disable_all_campaigns":false,"_monsterinsights_skip_tracking":false,"_monsterinsights_sitenote_active":false,"_monsterinsights_sitenote_note":"","_monsterinsights_sitenote_category":0,"footnotes":""},"categories":[5],"tags":[],"aioseo_notices":[],"_links":{"self":[{"href":"https:\/\/lk.regionalnidobrovolnickecentrum.cz\/subdom\/lk\/wp-json\/wp\/v2\/posts\/2615"}],"collection":[{"href":"https:\/\/lk.regionalnidobrovolnickecentrum.cz\/subdom\/lk\/wp-json\/wp\/v2\/posts"}],"about":[{"href":"https:\/\/lk.regionalnidobrovolnickecentrum.cz\/subdom\/lk\/wp-json\/wp\/v2\/types\/post"}],"author":[{"embeddable":true,"href":"https:\/\/lk.regionalnidobrovolnickecentrum.cz\/subdom\/lk\/wp-json\/wp\/v2\/users\/1"}],"replies":[{"embeddable":true,"href":"https:\/\/lk.regionalnidobrovolnickecentrum.cz\/subdom\/lk\/wp-json\/wp\/v2\/comments?post=2615"}],"version-history":[{"count":1,"href":"https:\/\/lk.regionalnidobrovolnickecentrum.cz\/subdom\/lk\/wp-json\/wp\/v2\/posts\/2615\/revisions"}],"predecessor-version":[{"id":2617,"href":"https:\/\/lk.regionalnidobrovolnickecentrum.cz\/subdom\/lk\/wp-json\/wp\/v2\/posts\/2615\/revisions\/2617"}],"wp:featuredmedia":[{"embeddable":true,"href":"https:\/\/lk.regionalnidobrovolnickecentrum.cz\/subdom\/lk\/wp-json\/wp\/v2\/media\/2616"}],"wp:attachment":[{"href":"https:\/\/lk.regionalnidobrovolnickecentrum.cz\/subdom\/lk\/wp-json\/wp\/v2\/media?parent=2615"}],"wp:term":[{"taxonomy":"category","embeddable":true,"href":"https:\/\/lk.regionalnidobrovolnickecentrum.cz\/subdom\/lk\/wp-json\/wp\/v2\/categories?post=2615"},{"taxonomy":"post_tag","embeddable":true,"href":"https:\/\/lk.regionalnidobrovolnickecentrum.cz\/subdom\/lk\/wp-json\/wp\/v2\/tags?post=2615"}],"curies":[{"name":"wp","href":"https:\/\/api.w.org\/{rel}","templated":true}]}}