{"id":2655,"date":"2023-04-05T20:00:26","date_gmt":"2023-04-05T18:00:26","guid":{"rendered":"https:\/\/lk.regionalnidobrovolnickecentrum.cz\/subdom\/lk\/?p=2655"},"modified":"2023-04-05T21:20:41","modified_gmt":"2023-04-05T19:20:41","slug":"hledame-dobrovolnika-ktery-vyrazi-na-tydenni-zahranicni-dovolenou-s-muzem-se-zdravotnim-postizenim","status":"publish","type":"post","link":"https:\/\/lk.regionalnidobrovolnickecentrum.cz\/subdom\/lk\/hledame-dobrovolnika-ktery-vyrazi-na-tydenni-zahranicni-dovolenou-s-muzem-se-zdravotnim-postizenim\/","title":{"rendered":"Hled\u00e1me dobrovoln\u00edka, kter\u00fd vyraz\u00ed na t\u00fddenn\u00ed zahrani\u010dn\u00ed dovolenou s mu\u017eem se zdravotn\u00edm posti\u017een\u00edm"},"content":{"rendered":"<p><strong>M\u011bl by to b\u00fdt pozitivn\u00ed par\u0165\u00e1k, kter\u00fd spolehliv\u011b zajist\u00ed doprovod, dohled a ob\u010dasnou pomoc.<!--more--><\/strong><\/p>\n<p>P\u0159edpokl\u00e1dan\u00e1 dovolen\u00e1 bude v&nbsp;rozsahu 7 noc\u00ed, v&nbsp;term\u00ednu cca mezi 12.6. a 2.7.2023.<\/p>\n<p><strong>Pro dal\u0161\u00ed informace<\/strong> kontaktujte Michala \u010can\u010d\u00edka,<\/p>\n<ul>\n<li>tel.: 604 663 799<\/li>\n<li>e-mail: michal.cancik@adra.cz<\/li>\n<li>Dobrovolnick\u00e9 centrum ADRA Liberec<\/li>\n<\/ul>\n<p>&nbsp;<\/p>\n<p><img loading=\"lazy\" decoding=\"async\" class=\"size-full wp-image-2657 aligncenter\" src=\"https:\/\/lk.regionalnidobrovolnickecentrum.cz\/subdom\/lk\/wp-content\/uploads\/2023\/04\/Inzerat_plakat.jpg\" alt=\"\" width=\"600\" height=\"848\" srcset=\"https:\/\/lk.regionalnidobrovolnickecentrum.cz\/subdom\/lk\/wp-content\/uploads\/2023\/04\/Inzerat_plakat.jpg 600w, https:\/\/lk.regionalnidobrovolnickecentrum.cz\/subdom\/lk\/wp-content\/uploads\/2023\/04\/Inzerat_plakat-212x300.jpg 212w\" sizes=\"(max-width: 600px) 100vw, 600px\" \/><\/p>\n<p>&nbsp;<\/p>\n<p>&nbsp;<\/p>\n","protected":false},"excerpt":{"rendered":"<p>M\u011bl by to b\u00fdt pozitivn\u00ed par\u0165\u00e1k, kter\u00fd spolehliv\u011b zajist\u00ed doprovod, dohled a ob\u010dasnou pomoc.<\/p>\n","protected":false},"author":1,"featured_media":2656,"comment_status":"closed","ping_status":"closed","sticky":false,"template":"","format":"standard","meta":{"om_disable_all_campaigns":false,"_monsterinsights_skip_tracking":false,"_monsterinsights_sitenote_active":false,"_monsterinsights_sitenote_note":"","_monsterinsights_sitenote_category":0,"footnotes":""},"categories":[2],"tags":[],"aioseo_notices":[],"_links":{"self":[{"href":"https:\/\/lk.regionalnidobrovolnickecentrum.cz\/subdom\/lk\/wp-json\/wp\/v2\/posts\/2655"}],"collection":[{"href":"https:\/\/lk.regionalnidobrovolnickecentrum.cz\/subdom\/lk\/wp-json\/wp\/v2\/posts"}],"about":[{"href":"https:\/\/lk.regionalnidobrovolnickecentrum.cz\/subdom\/lk\/wp-json\/wp\/v2\/types\/post"}],"author":[{"embeddable":true,"href":"https:\/\/lk.regionalnidobrovolnickecentrum.cz\/subdom\/lk\/wp-json\/wp\/v2\/users\/1"}],"replies":[{"embeddable":true,"href":"https:\/\/lk.regionalnidobrovolnickecentrum.cz\/subdom\/lk\/wp-json\/wp\/v2\/comments?post=2655"}],"version-history":[{"count":1,"href":"https:\/\/lk.regionalnidobrovolnickecentrum.cz\/subdom\/lk\/wp-json\/wp\/v2\/posts\/2655\/revisions"}],"predecessor-version":[{"id":2658,"href":"https:\/\/lk.regionalnidobrovolnickecentrum.cz\/subdom\/lk\/wp-json\/wp\/v2\/posts\/2655\/revisions\/2658"}],"wp:featuredmedia":[{"embeddable":true,"href":"https:\/\/lk.regionalnidobrovolnickecentrum.cz\/subdom\/lk\/wp-json\/wp\/v2\/media\/2656"}],"wp:attachment":[{"href":"https:\/\/lk.regionalnidobrovolnickecentrum.cz\/subdom\/lk\/wp-json\/wp\/v2\/media?parent=2655"}],"wp:term":[{"taxonomy":"category","embeddable":true,"href":"https:\/\/lk.regionalnidobrovolnickecentrum.cz\/subdom\/lk\/wp-json\/wp\/v2\/categories?post=2655"},{"taxonomy":"post_tag","embeddable":true,"href":"https:\/\/lk.regionalnidobrovolnickecentrum.cz\/subdom\/lk\/wp-json\/wp\/v2\/tags?post=2655"}],"curies":[{"name":"wp","href":"https:\/\/api.w.org\/{rel}","templated":true}]}}