{"id":2745,"date":"2023-06-21T13:38:11","date_gmt":"2023-06-21T11:38:11","guid":{"rendered":"https:\/\/lk.regionalnidobrovolnickecentrum.cz\/subdom\/lk\/?p=2745"},"modified":"2023-06-21T13:44:44","modified_gmt":"2023-06-21T11:44:44","slug":"kulaty-stul-o-rozvoji-dobrovolnictvi-na-dobropointu","status":"publish","type":"post","link":"https:\/\/lk.regionalnidobrovolnickecentrum.cz\/subdom\/lk\/kulaty-stul-o-rozvoji-dobrovolnictvi-na-dobropointu\/","title":{"rendered":"Kulat\u00fd st\u016fl o rozvoji dobrovolnictv\u00ed na Dobropointu"},"content":{"rendered":"<p>Minul\u00fd p\u00e1tek se uskute\u010dnilo setk\u00e1n\u00ed organizac\u00ed, kter\u00e9 na \u010ceskolipsk\u00e9m okrese pracuj\u00ed s dobrovoln\u00edky, a z\u00e1stupc\u016f <a href=\"https:\/\/lk.regionalnidobrovolnickecentrum.cz\/subdom\/lk\/\">Region\u00e1ln\u00edho dobrovolnick\u00e9ho centra<\/a>. Sch\u016fzka prob\u00edhala na <a href=\"https:\/\/adra.cz\/jak-pomahame\/dobrovolnictvi\/ceska-lipa\/\">Dobropointu, v \u010deskolipsk\u00e9 AD\u0158E<\/a>.<\/p>\n<p>Diskuzi\u00a0 moderovala Lucie Nov\u00e1kov\u00e1 z <a href=\"https:\/\/adra.cz\/jak-pomahame\/dobrovolnictvi\/liberec\/\">libereck\u00e9 ADRY<\/a> a pozv\u00e1n\u00ed p\u0159ijaly nejen \u010deskolipsk\u00e9 organizace jako je <a href=\"https:\/\/www.lipaspolu.cz\/\">L\u00edp a spolu<\/a>, <a href=\"https:\/\/www.alzheimerhome.cz\/alzheimer-home-ceska-lipa\/?gad=1&amp;gclid=CjwKCAjwv8qkBhAnEiwAkY-ahjcN1HhwS_0p_TbicQHzetkeupfwdTkkPbQhcbpOcnTxe9fdCYG-7hoCuzoQAvD_BwE\">Alzheimer Home<\/a> nebo <a href=\"https:\/\/ceskalipa.charita.cz\/\">Farn\u00ed charita<\/a>, ale tak\u00e9 p\u0159espoln\u00ed z\u00e1stupci organizac\u00ed jako je <a href=\"http:\/\/www.domovslunecnidvur.cz\/\">Domov Slune\u010dn\u00ed dv\u016fr<\/a>, <a href=\"http:\/\/www.ostara.cz\/\">Ostara<\/a> nebo <a href=\"https:\/\/sites.google.com\/spolek-hvozd.cz\/spolek-hvozd\/\">Spolek Hvozd<\/a>. Velmi mil\u00fdm a v\u00e1\u017een\u00fdm hostem byl tak\u00e9 m\u00edstostarosta \u010cesk\u00e9 L\u00edpy <a href=\"https:\/\/www.facebook.com\/jakub.mencl.cl\">Jakub Mencl<\/a>.<\/p>\n<p>Na programu byly dva tematick\u00e9 okruhy, ale hodn\u011b \u010dasu se v\u011bnovalo tak\u00e9 sezn\u00e1men\u00ed se s prac\u00ed jednotliv\u00fdch organizac\u00ed a sd\u00edlen\u00ed vz\u00e1jemn\u00fdch strast\u00ed a radost\u00ed. Prvn\u00edm velk\u00fdm t\u00e9matem byl stav dobrovolnictv\u00ed na \u010ceskolipsku, kdy se prob\u00edraly kladn\u00e9 i z\u00e1porn\u00e9 str\u00e1nky. Dal\u0161\u00edm velk\u00fdm t\u00e9matem bylo financov\u00e1n\u00ed a podoba medi\u00e1ln\u00ed kampan\u011b na podporu dobrovolnictv\u00ed.<\/p>\n<p>V\u00fdstupy z Kulat\u00e9ho stolu budou zpracov\u00e1ny a v\u00fdsledky snad uvid\u00edme v praxi u\u017e na podzim.<\/p>\n<p>D\u011bkujeme moder\u00e1torce diskuze a v\u0161em z\u00fa\u010dastn\u011bn\u00fdm. Byl to mile a snad i efektivn\u011b str\u00e1ven\u00fd \u010das, kter\u00fd by mohl p\u0159in\u00e9st zaj\u00edmav\u00e9 v\u00fdsledky.<\/p>\n<p>&nbsp;<\/p>\n<p>&nbsp;<\/p>\n<p>&nbsp;<\/p>\n<p>&nbsp;<\/p>\n<p>&nbsp;<\/p>\n<p>&nbsp;<\/p>\n","protected":false},"excerpt":{"rendered":"<p>Minul\u00fd p\u00e1tek se uskute\u010dnilo setk\u00e1n\u00ed organizac\u00ed, kter\u00e9 na \u010ceskolipsk\u00e9m okrese pracuj\u00ed s dobrovoln\u00edky, a z\u00e1stupc\u016f Region\u00e1ln\u00edho dobrovolnick\u00e9ho centra. Sch\u016fzka prob\u00edhala<\/p>\n","protected":false},"author":20,"featured_media":2746,"comment_status":"closed","ping_status":"closed","sticky":false,"template":"","format":"standard","meta":{"om_disable_all_campaigns":false,"_monsterinsights_skip_tracking":false,"_monsterinsights_sitenote_active":false,"_monsterinsights_sitenote_note":"","_monsterinsights_sitenote_category":0,"footnotes":""},"categories":[2],"tags":[],"aioseo_notices":[],"_links":{"self":[{"href":"https:\/\/lk.regionalnidobrovolnickecentrum.cz\/subdom\/lk\/wp-json\/wp\/v2\/posts\/2745"}],"collection":[{"href":"https:\/\/lk.regionalnidobrovolnickecentrum.cz\/subdom\/lk\/wp-json\/wp\/v2\/posts"}],"about":[{"href":"https:\/\/lk.regionalnidobrovolnickecentrum.cz\/subdom\/lk\/wp-json\/wp\/v2\/types\/post"}],"author":[{"embeddable":true,"href":"https:\/\/lk.regionalnidobrovolnickecentrum.cz\/subdom\/lk\/wp-json\/wp\/v2\/users\/20"}],"replies":[{"embeddable":true,"href":"https:\/\/lk.regionalnidobrovolnickecentrum.cz\/subdom\/lk\/wp-json\/wp\/v2\/comments?post=2745"}],"version-history":[{"count":3,"href":"https:\/\/lk.regionalnidobrovolnickecentrum.cz\/subdom\/lk\/wp-json\/wp\/v2\/posts\/2745\/revisions"}],"predecessor-version":[{"id":2750,"href":"https:\/\/lk.regionalnidobrovolnickecentrum.cz\/subdom\/lk\/wp-json\/wp\/v2\/posts\/2745\/revisions\/2750"}],"wp:featuredmedia":[{"embeddable":true,"href":"https:\/\/lk.regionalnidobrovolnickecentrum.cz\/subdom\/lk\/wp-json\/wp\/v2\/media\/2746"}],"wp:attachment":[{"href":"https:\/\/lk.regionalnidobrovolnickecentrum.cz\/subdom\/lk\/wp-json\/wp\/v2\/media?parent=2745"}],"wp:term":[{"taxonomy":"category","embeddable":true,"href":"https:\/\/lk.regionalnidobrovolnickecentrum.cz\/subdom\/lk\/wp-json\/wp\/v2\/categories?post=2745"},{"taxonomy":"post_tag","embeddable":true,"href":"https:\/\/lk.regionalnidobrovolnickecentrum.cz\/subdom\/lk\/wp-json\/wp\/v2\/tags?post=2745"}],"curies":[{"name":"wp","href":"https:\/\/api.w.org\/{rel}","templated":true}]}}