{"id":2766,"date":"2023-07-01T10:00:56","date_gmt":"2023-07-01T08:00:56","guid":{"rendered":"https:\/\/lk.regionalnidobrovolnickecentrum.cz\/subdom\/lk\/?p=2766"},"modified":"2023-07-03T12:15:41","modified_gmt":"2023-07-03T10:15:41","slug":"dobrovolnici-z-tesca-pomahaji-s-otevrenim-dalsiho-adra-obchudku","status":"publish","type":"post","link":"https:\/\/lk.regionalnidobrovolnickecentrum.cz\/subdom\/lk\/dobrovolnici-z-tesca-pomahaji-s-otevrenim-dalsiho-adra-obchudku\/","title":{"rendered":"Dobrovoln\u00edci z Tesca pom\u00e1haj\u00ed s otev\u0159en\u00edm dal\u0161\u00edho ADRA obch\u016fdku"},"content":{"rendered":"<div class=\"x_elementToProof\">\u0160estn\u00e1ct mana\u017eer\u016f ze spole\u010dnosti <a href=\"https:\/\/corporate.itesco.cz\/\">Tesco<\/a> se v r\u00e1mci firemn\u00edho dne dobrovolnictv\u00ed zapojilo do zprovozn\u011bn\u00ed nov\u00e9ho charitativn\u00edho ADRA obchodu v Liberci. Vedouc\u00ed ADRA obchod\u016f Milena \u010can\u010d\u00edkov\u00e1 si velmi pochvalovala vz\u00e1jemnou spolupr\u00e1ci: &#8220;Byla to skv\u011bl\u00e1 parta, kter\u00e1 p\u0159ibl\u00ed\u017eila vznik t\u0159et\u00edho <a href=\"https:\/\/adra.cz\/jak-pomahame\/dobrovolnictvi\/liberec\/charitativni-obchody\/charitativni-obchod-liberec\/\">ADRA obchodu v Liberci<\/a>. Moc d\u011bkuji za velkou pomoc a podporu.&#8221;<\/div>\n<p><!--more--><\/p>\n<p><img loading=\"lazy\" decoding=\"async\" class=\"size-medium wp-image-2775 alignright\" src=\"https:\/\/lk.regionalnidobrovolnickecentrum.cz\/subdom\/lk\/wp-content\/uploads\/2023\/06\/Tesco-dobrovolnici-ADRA-obchod2-300x200.jpg\" alt=\"\" width=\"300\" height=\"200\" srcset=\"https:\/\/lk.regionalnidobrovolnickecentrum.cz\/subdom\/lk\/wp-content\/uploads\/2023\/06\/Tesco-dobrovolnici-ADRA-obchod2-300x200.jpg 300w, https:\/\/lk.regionalnidobrovolnickecentrum.cz\/subdom\/lk\/wp-content\/uploads\/2023\/06\/Tesco-dobrovolnici-ADRA-obchod2-1024x683.jpg 1024w, https:\/\/lk.regionalnidobrovolnickecentrum.cz\/subdom\/lk\/wp-content\/uploads\/2023\/06\/Tesco-dobrovolnici-ADRA-obchod2-768x512.jpg 768w, https:\/\/lk.regionalnidobrovolnickecentrum.cz\/subdom\/lk\/wp-content\/uploads\/2023\/06\/Tesco-dobrovolnici-ADRA-obchod2-1536x1024.jpg 1536w, https:\/\/lk.regionalnidobrovolnickecentrum.cz\/subdom\/lk\/wp-content\/uploads\/2023\/06\/Tesco-dobrovolnici-ADRA-obchod2-2048x1365.jpg 2048w\" sizes=\"(max-width: 300px) 100vw, 300px\" \/><\/p>\n<p>Spole\u010dnost Tesco oslovila libereckou ADRU s t\u00edm, \u017ee by r\u00e1da teambuildingu dodala i soci\u00e1ln\u011b-charitativn\u00ed rozm\u011br. Dobrovoln\u00edci b\u011bhem jednoho \u010dervnov\u00e9ho dne stihli v r\u00e1mci \u0161esti pracovn\u00edch hodin s krati\u010dkou pauzou na spole\u010dnou pizzu nat\u0159\u00edt fas\u00e1du, upevnit v\u00fdv\u011bsn\u00ed \u0161t\u00edty, smontovat z darovan\u00fdch p\u0159ekli\u017eek a lat\u011bk prodejn\u00ed pult nebo nat\u0159\u00edt reg\u00e1ly. Milena \u010can\u010d\u00edkov\u00e1 zd\u016fraz\u0148uje, \u017ee se sna\u017e\u00ed v\u0161echny ADRA obchody vybavovat n\u00edzkon\u00e1kladov\u011b z darovan\u00e9ho materi\u00e1lu. Velmi ocenila snahu dobrovoln\u00edk\u016f, kte\u0159\u00ed si p\u0159inesli vlastn\u00ed n\u00e1\u0159ad\u00ed a pomohli za\u0159\u00eddit ji\u017e t\u0159et\u00ed libereck\u00fd ADRA obchod. &#8220;Oce\u0148uju jejich p\u00edli a snahu. Mysl\u00edm, \u017ee je to ji\u017e nyn\u00ed nejhez\u010d\u00ed obch\u016fdek v Libereck\u00e9m kraji,&#8221; \u0159\u00edk\u00e1 Milena \u010can\u010d\u00edkov\u00e1.<\/p>\n<div><\/div>\n<p>Mimo jin\u00e9 tak\u00e9 zd\u016fraznila, \u017ee a\u010dkoliv jsou v\u0161ichni dobrovoln\u00edci mana\u017ee\u0159i a jsou tedy zvykl\u00ed sp\u00ed\u0161e \u00fakolovat ostatn\u00ed, nyn\u00ed byli v opa\u010dn\u00e9 pozici. Svou roli v\u0161ak zvl\u00e1dli perfektn\u011b. Douf\u00e1, \u017ee i z\u00e1m\u011br teambuildingu byl napln\u011bn &#8211; tedy pos\u00edlit t\u00fdmov\u00e9ho ducha, v tomto p\u0159\u00edpad\u011b spole\u010dnou manu\u00e1ln\u00ed prac\u00ed, kter\u00e1 m\u00e1 smysl. V\u011bra Janebov\u00e1 ze spole\u010dnosti Tesco k tomu dod\u00e1v\u00e1: &#8220;Akce se moc povedla. Pl\u00e1nujeme dal\u0161\u00ed spolupr\u00e1ci a moc se na ni t\u011b\u0161\u00edme.&#8221;<\/p>\n<div><\/div>\n<div><\/div>\n<p>N\u011bkte\u0159\u00ed z dobrovoln\u00edk\u016f p\u0159inesli do obch\u016fdku tak\u00e9 prvn\u00ed zbo\u017e\u00ed &#8211; v\u011bci, kter\u00e9 doma nepot\u0159ebuj\u00ed, nebo zbytkov\u00e9 zbo\u017e\u00ed z Tesca. Byli velmi r\u00e1di, \u017ee na konci dne u\u017e mohli umis\u0165ovat prvn\u00ed v\u011bci do \u010derstv\u011b smontovan\u00fdch reg\u00e1l\u016f.<\/p>\n<div><\/div>\n<div><img loading=\"lazy\" decoding=\"async\" class=\"size-medium wp-image-2771 alignleft\" src=\"https:\/\/lk.regionalnidobrovolnickecentrum.cz\/subdom\/lk\/wp-content\/uploads\/2023\/06\/Tesco-dobrovolnici-ADRA-obchod-300x200.jpg\" alt=\"\" width=\"300\" height=\"200\" srcset=\"https:\/\/lk.regionalnidobrovolnickecentrum.cz\/subdom\/lk\/wp-content\/uploads\/2023\/06\/Tesco-dobrovolnici-ADRA-obchod-300x200.jpg 300w, https:\/\/lk.regionalnidobrovolnickecentrum.cz\/subdom\/lk\/wp-content\/uploads\/2023\/06\/Tesco-dobrovolnici-ADRA-obchod-1024x683.jpg 1024w, https:\/\/lk.regionalnidobrovolnickecentrum.cz\/subdom\/lk\/wp-content\/uploads\/2023\/06\/Tesco-dobrovolnici-ADRA-obchod-768x512.jpg 768w, https:\/\/lk.regionalnidobrovolnickecentrum.cz\/subdom\/lk\/wp-content\/uploads\/2023\/06\/Tesco-dobrovolnici-ADRA-obchod-1536x1024.jpg 1536w, https:\/\/lk.regionalnidobrovolnickecentrum.cz\/subdom\/lk\/wp-content\/uploads\/2023\/06\/Tesco-dobrovolnici-ADRA-obchod-2048x1365.jpg 2048w\" sizes=\"(max-width: 300px) 100vw, 300px\" \/><\/div>\n<p>Obchody ADRA maj\u00ed charitativn\u00ed a ekologick\u00fd rozm\u011br. Nav\u00edc obchod zapojuje spoustu dobrovoln\u00edk\u016f i b\u011bhem sv\u00e9 \u010dinnosti. D\u00edky tomu je prod\u00e1van\u00e9 zbo\u017e\u00ed levn\u011bj\u0161\u00ed ne\u017e v second handech a pro z\u00e1kazn\u00edky je tak l\u00e1kav\u00e9. Jak ale Milena \u010can\u010d\u00edkov\u00e1 zd\u016fraz\u0148uje, pov\u011bdom\u00ed o charitativn\u00edch obchodech se za \u010dtrn\u00e1ct let, kdy otev\u00edrala prvn\u00ed obchod, velmi zm\u011bnilo. Tehdy musela t\u00e9m\u011b\u0159 ka\u017ed\u00e9mu z\u00e1kazn\u00edkovi vysv\u011btlovat funkci charitativn\u00edho obchodu, nyn\u00ed u\u017e z\u00e1kazn\u00edk vstupuje do obchodu s v\u011bdom\u00edm, \u017ee je z\u00e1rove\u0148 d\u00e1rce. Zkr\u00e1tka levn\u00e9 zbo\u017e\u00ed u\u017e nen\u00ed pro z\u00e1kazn\u00edky to nejd\u016fle\u017eit\u011bj\u0161\u00ed. L\u00edb\u00ed se jim tak\u00e9 fakt, \u017ee nepou\u017e\u00edvan\u00fdm a vy\u0159azen\u00fdm v\u011bcem d\u00e1vaj\u00ed dal\u0161\u00ed \u0161anci a \u017ee svou koup\u00ed p\u0159isp\u00edvaj\u00ed na \u0161irok\u00e9 charitativn\u00ed aktivity ADRY.<\/p>\n<div><\/div>\n<div><\/div>\n<p class=\"x_elementToProof\">V sou\u010dasn\u00e9 dob\u011b provozuje ADRA v \u010cesk\u00e9 republice 35 charitativn\u00edch obchod\u016f. Druh\u00e9 nejv\u011bt\u0161\u00ed zastoupen\u00ed maj\u00ed obchody v Libereck\u00e9m kraji, kde se v z\u00e1\u0159\u00ed otev\u0159e ji\u017e osm\u00fd z nich.<\/p>\n<div><\/div>\n<div><\/div>\n<p class=\"x_elementToProof\">A kde nov\u00fd obchod najdete? V Liberci, v ulici Ruprechtick\u00e1. Slavnostn\u00ed zah\u00e1jen\u00ed \u010dinnosti obchodu se chyst\u00e1 na 1.9.2023, kdy v\u0161ichni \u0161kol\u00e1\u010dci budou obdarovan\u00ed mal\u00fdm p\u0159ekvapen\u00edm.<\/p>\n<div><\/div>\n<p class=\"x_elementToProof\">Tak si nenechte otev\u0159en\u00ed obch\u016fdku uj\u00edt!<\/p>\n<div><\/div>\n","protected":false},"excerpt":{"rendered":"<p>\u0160estn\u00e1ct mana\u017eer\u016f ze spole\u010dnosti Tesco se v r\u00e1mci firemn\u00edho dne dobrovolnictv\u00ed zapojilo do zprovozn\u011bn\u00ed nov\u00e9ho charitativn\u00edho ADRA obchodu v Liberci.<\/p>\n","protected":false},"author":20,"featured_media":2770,"comment_status":"closed","ping_status":"closed","sticky":false,"template":"","format":"standard","meta":{"om_disable_all_campaigns":false,"_monsterinsights_skip_tracking":false,"_monsterinsights_sitenote_active":false,"_monsterinsights_sitenote_note":"","_monsterinsights_sitenote_category":0,"footnotes":""},"categories":[2],"tags":[],"aioseo_notices":[],"_links":{"self":[{"href":"https:\/\/lk.regionalnidobrovolnickecentrum.cz\/subdom\/lk\/wp-json\/wp\/v2\/posts\/2766"}],"collection":[{"href":"https:\/\/lk.regionalnidobrovolnickecentrum.cz\/subdom\/lk\/wp-json\/wp\/v2\/posts"}],"about":[{"href":"https:\/\/lk.regionalnidobrovolnickecentrum.cz\/subdom\/lk\/wp-json\/wp\/v2\/types\/post"}],"author":[{"embeddable":true,"href":"https:\/\/lk.regionalnidobrovolnickecentrum.cz\/subdom\/lk\/wp-json\/wp\/v2\/users\/20"}],"replies":[{"embeddable":true,"href":"https:\/\/lk.regionalnidobrovolnickecentrum.cz\/subdom\/lk\/wp-json\/wp\/v2\/comments?post=2766"}],"version-history":[{"count":10,"href":"https:\/\/lk.regionalnidobrovolnickecentrum.cz\/subdom\/lk\/wp-json\/wp\/v2\/posts\/2766\/revisions"}],"predecessor-version":[{"id":2785,"href":"https:\/\/lk.regionalnidobrovolnickecentrum.cz\/subdom\/lk\/wp-json\/wp\/v2\/posts\/2766\/revisions\/2785"}],"wp:featuredmedia":[{"embeddable":true,"href":"https:\/\/lk.regionalnidobrovolnickecentrum.cz\/subdom\/lk\/wp-json\/wp\/v2\/media\/2770"}],"wp:attachment":[{"href":"https:\/\/lk.regionalnidobrovolnickecentrum.cz\/subdom\/lk\/wp-json\/wp\/v2\/media?parent=2766"}],"wp:term":[{"taxonomy":"category","embeddable":true,"href":"https:\/\/lk.regionalnidobrovolnickecentrum.cz\/subdom\/lk\/wp-json\/wp\/v2\/categories?post=2766"},{"taxonomy":"post_tag","embeddable":true,"href":"https:\/\/lk.regionalnidobrovolnickecentrum.cz\/subdom\/lk\/wp-json\/wp\/v2\/tags?post=2766"}],"curies":[{"name":"wp","href":"https:\/\/api.w.org\/{rel}","templated":true}]}}