{"id":2786,"date":"2023-07-07T10:55:48","date_gmt":"2023-07-07T08:55:48","guid":{"rendered":"https:\/\/lk.regionalnidobrovolnickecentrum.cz\/subdom\/lk\/?p=2786"},"modified":"2023-07-07T12:21:53","modified_gmt":"2023-07-07T10:21:53","slug":"bavi-nas-kontakt-s-detmi-a-pestrost-jejich-napadu","status":"publish","type":"post","link":"https:\/\/lk.regionalnidobrovolnickecentrum.cz\/subdom\/lk\/bavi-nas-kontakt-s-detmi-a-pestrost-jejich-napadu\/","title":{"rendered":"Bav\u00ed n\u00e1s kontakt s d\u011btmi a pestrost jejich n\u00e1pad\u016f"},"content":{"rendered":"<p>I kontakt s d\u011btmi a jejich kreativita m\u016f\u017ee b\u00fdt motivac\u00ed k dobrovolnictv\u00ed. To je p\u0159\u00edpad i dvou osmn\u00e1ctilet\u00fdch sle\u010den Terezy Dole\u017ealov\u00e9 a Mark\u00e9ty Dytrychov\u00e9, kter\u00e9 vykon\u00e1vaj\u00ed svou prvn\u00ed dobrovolnickou \u010dinnost. Tereza je zap\u00e1lenou volejbalistkou, Mark\u00e9ta r\u00e1da maluje, chod\u00ed do p\u0159\u00edrody a tr\u00e1v\u00ed \u010das s p\u0159\u00e1teli. Ob\u011b dv\u011b, studentky ze <a href=\"http:\/\/www.szsturnov.cz\/drupal\/index.php\">St\u0159edn\u00ed zdravotnick\u00e9 \u0161koly Turnov,<\/a>\u00a0p\u0159ivedl k dobrovolnictv\u00ed<a href=\"https:\/\/www.dofe.cz\/\">\u00a0program DofE<\/a>, jeho\u017e sou\u010d\u00e1st\u00ed je i zapojen\u00ed se do dobrovolnick\u00e9 \u010dinnosti. A ob\u011b dv\u011b tak\u00e9 za\u010daly vykon\u00e1vat svou prvn\u00ed dobrovolnickou slu\u017ebu v <a href=\"https:\/\/www.naruc.cz\/o-nas\/\">Centru pro rodinu N\u00e1ru\u010d.<\/a><\/p>\n<p><!--more--><\/p>\n<p>&nbsp;<\/p>\n<p><img loading=\"lazy\" decoding=\"async\" class=\"size-medium wp-image-2790 alignleft\" src=\"https:\/\/lk.regionalnidobrovolnickecentrum.cz\/subdom\/lk\/wp-content\/uploads\/2023\/07\/IMG-20230313-WA0017-225x300.jpg\" alt=\"\" width=\"225\" height=\"300\" srcset=\"https:\/\/lk.regionalnidobrovolnickecentrum.cz\/subdom\/lk\/wp-content\/uploads\/2023\/07\/IMG-20230313-WA0017-225x300.jpg 225w, https:\/\/lk.regionalnidobrovolnickecentrum.cz\/subdom\/lk\/wp-content\/uploads\/2023\/07\/IMG-20230313-WA0017-767x1024.jpg 767w, https:\/\/lk.regionalnidobrovolnickecentrum.cz\/subdom\/lk\/wp-content\/uploads\/2023\/07\/IMG-20230313-WA0017-768x1025.jpg 768w, https:\/\/lk.regionalnidobrovolnickecentrum.cz\/subdom\/lk\/wp-content\/uploads\/2023\/07\/IMG-20230313-WA0017-1150x1536.jpg 1150w, https:\/\/lk.regionalnidobrovolnickecentrum.cz\/subdom\/lk\/wp-content\/uploads\/2023\/07\/IMG-20230313-WA0017.jpg 1504w\" sizes=\"(max-width: 225px) 100vw, 225px\" \/><\/p>\n<p>Tato turnovsk\u00e1 organizace <strong>poskytuje slu\u017eby rodinn\u00e9ho centra<\/strong>, kter\u00e9 je otev\u0159en\u00e9 \u0161irok\u00e9 ve\u0159ejnosti &#8211; rodin\u00e1m s d\u011btmi a nab\u00edz\u00ed prostor pro setk\u00e1v\u00e1n\u00ed d\u011bt\u00ed a jejich rodi\u010d\u016f. Organizuje volno\u010dasov\u00e9 aktivity, kurzy pro osobn\u00ed r\u016fst, tv\u016fr\u010d\u00ed aktivity pro d\u011bti a jejich rodi\u010de, spole\u010dn\u00e9 v\u00fdlety, pobyty, besedy a semin\u00e1\u0159e.\u00a0 Ned\u00edlnou sou\u010d\u00e1st\u00ed slu\u017eeb je dopoledn\u00ed hl\u00edd\u00e1n\u00ed d\u011bt\u00ed pedagogick\u00fdm person\u00e1lem v tzv. mini\u0161kolce, d\u00e1le poskytov\u00e1n\u00ed poradenstv\u00ed a d\u011btsk\u00e9 herny.<\/p>\n<p>Nem\u00e9n\u011b v\u00fdznamnou \u010dinnost\u00ed na\u0161eho centra je\u00a0<strong>poskytov\u00e1n\u00ed slu\u017eeb v oblasti n\u00e1hradn\u00ed rodinn\u00e9 p\u00e9\u010de a zaji\u0161t\u011bn\u00ed v\u00fdkonu soci\u00e1ln\u011b pr\u00e1vn\u00ed ochrany d\u011bt\u00ed<\/strong>. N\u00e1ru\u010d poskytuje podporu a pomoc p\u011bstounsk\u00fdm rodin\u00e1m v jejich dovednostech p\u0159i v\u00fdchov\u011b a p\u00e9\u010di o d\u011bti, rovn\u011b\u017e pom\u00e1h\u00e1m d\u011btem a rodin\u00e1m p\u0159i \u0159e\u0161en\u00ed obt\u00ed\u017en\u00fdch \u017eivotn\u00edch situac\u00ed a nab\u00edz\u00ed jim preventivn\u00ed poradensk\u00e9 a podp\u016frn\u00e9 slu\u017eby.<\/p>\n<p>Posl\u00e1n\u00edm <a href=\"https:\/\/lk.regionalnidobrovolnickecentrum.cz\/subdom\/lk\/directory\/centrum-pro-rodinu-naruc-z-u\/\">N\u00e1ru\u010de<\/a> je podpora rodiny, a\u0165 u\u017e vlastn\u00ed nebo n\u00e1hradn\u00ed. Hlavn\u00ed ideou jsou spokojen\u00e9 a \u0161\u0165astn\u00e9 d\u011bti ve funguj\u00edc\u00edch rodin\u00e1ch.<\/p>\n<div class=\"directorist-listing-details__text\">\n<p>Dobrovoln\u00edci zde najdou nej\u010dast\u011bji uplatn\u011bn\u00ed p\u0159i volno\u010dasov\u00fdch aktivit\u00e1ch, kde vypom\u00e1haj\u00ed lektor\u016fm p\u0159i p\u0159\u00edprav\u011b a realizaci odpoledn\u00edch krou\u017ek\u016f, p\u0159i hl\u00edd\u00e1n\u00ed d\u011bti \u010di jejich dou\u010dov\u00e1n\u00ed. Nej\u010dast\u011bji p\u0159ich\u00e1zej\u00ed z \u0159ad student\u016f, a to zvl\u00e1\u0161t\u011b ze <a href=\"http:\/\/www.szsturnov.cz\/drupal\/index.php\">St\u0159edn\u00ed zdravotnick\u00e9 \u0161koly Turnov<\/a>.<\/p>\n<\/div>\n<p>Pro Terezu a Mark\u00e9tu N\u00e1ru\u010d znamenala prvn\u00ed kontakt s dobrovolnictv\u00edm. A i kdy\u017e nemohla Tereza program DofE kv\u016fli nevyhovuj\u00edc\u00edmu term\u00ednu z\u00e1v\u011bre\u010dn\u00e9 expedice dokon\u010dit, N\u00e1ru\u010d nep\u0159estala pravideln\u011b nav\u0161t\u011bvovat. Ob\u011b d\u00edvky tam od podzimu 2022 pom\u00e1haj\u00ed s volno\u010dasov\u00fdmi aktivitami pro d\u011bti ve v\u011bku 3-6 let, nej\u010dast\u011bji s vyr\u00e1b\u011bn\u00edm r\u016fzn\u00fdch v\u00fdtvarn\u00fdch v\u00fdrobk\u016f, kter\u00e9 si po dokon\u010den\u00ed d\u011bti v\u017edy odn\u00e1\u0161\u00ed dom\u016f.<\/p>\n<p><img loading=\"lazy\" decoding=\"async\" class=\"size-medium wp-image-2791 alignright\" src=\"https:\/\/lk.regionalnidobrovolnickecentrum.cz\/subdom\/lk\/wp-content\/uploads\/2023\/07\/IMG-20230123-WA0003-300x225.jpg\" alt=\"\" width=\"300\" height=\"225\" srcset=\"https:\/\/lk.regionalnidobrovolnickecentrum.cz\/subdom\/lk\/wp-content\/uploads\/2023\/07\/IMG-20230123-WA0003-300x225.jpg 300w, https:\/\/lk.regionalnidobrovolnickecentrum.cz\/subdom\/lk\/wp-content\/uploads\/2023\/07\/IMG-20230123-WA0003-1024x769.jpg 1024w, https:\/\/lk.regionalnidobrovolnickecentrum.cz\/subdom\/lk\/wp-content\/uploads\/2023\/07\/IMG-20230123-WA0003-768x577.jpg 768w, https:\/\/lk.regionalnidobrovolnickecentrum.cz\/subdom\/lk\/wp-content\/uploads\/2023\/07\/IMG-20230123-WA0003-1536x1154.jpg 1536w, https:\/\/lk.regionalnidobrovolnickecentrum.cz\/subdom\/lk\/wp-content\/uploads\/2023\/07\/IMG-20230123-WA0003.jpg 2048w\" sizes=\"(max-width: 300px) 100vw, 300px\" \/><\/p>\n<h5><strong>Co v\u00e1s na dobrovolnictv\u00ed v N\u00e1ru\u010di bav\u00ed?\u00a0<\/strong><\/h5>\n<p><strong>Tereza:<\/strong> &#8220;M\u011b na t\u00e9to dobrovolnick\u00e9 \u010dinnosti nejv\u00edce bav\u00ed\u00a0 kontakt s d\u011btmi a pomoc d\u011btem s rozvojem vlastn\u00ed kreativity a dovednost\u00ed. Je \u00fa\u017easn\u00e9, jak je ka\u017ed\u00e9 d\u00edt\u011b odli\u0161n\u00e9 a kolik m\u00e1 fantazie.&#8221;<\/p>\n<p><strong>Mark\u00e9ta:<\/strong> &#8220;D\u011bti tvo\u0159\u00ed origin\u00e1ln\u00ed d\u00edla, bav\u00ed m\u011b pestrost jejich n\u00e1pad\u016f.&#8221;<\/p>\n<h5>Pl\u00e1nujete v dobrovolnictv\u00ed pokra\u010dovat?<\/h5>\n<p><strong>Tereza:<\/strong> &#8220;V N\u00e1ru\u010di bych cht\u011bla ur\u010dit\u011b je\u0161t\u011b p\u0159\u00ed\u0161t\u00ed rok vypom\u00e1hat. Samoz\u0159ejm\u011b i dal\u0161\u00ed roky, ale nev\u00edm jak to budu v\u0161e \u010dasov\u011b zvl\u00e1dat se \u0161kolou. Nad dal\u0161\u00edm dobrovolni\u010den\u00edm jsem je\u0161t\u011b nep\u0159em\u00fd\u0161lela, ale ur\u010dit\u011b bych n\u011bkdy cht\u011bla zkusit i jin\u00e9 v\u011bci.&#8221;<\/p>\n<p><strong>Mark\u00e9ta:<\/strong> &#8220;Do N\u00e1ru\u010de m\u00e1m v pl\u00e1nu doch\u00e1zet dokud to p\u016fjde. O jin\u00e9m dobrovolnictv\u00ed zat\u00edm neuva\u017euju, jeliko\u017e n\u00e1s \u010dek\u00e1 ve \u010dtvrt\u00e9m ro\u010dn\u00edku maturita, tak zat\u00edm o jin\u00e9m ani nep\u0159em\u00fd\u0161l\u00edm. &#8221;<\/p>\n<h5>Komu byste dobrovolnictv\u00ed v N\u00e1ru\u010di doporu\u010dily?<\/h5>\n<div><strong><img loading=\"lazy\" decoding=\"async\" class=\"size-medium wp-image-2789 alignleft\" src=\"https:\/\/lk.regionalnidobrovolnickecentrum.cz\/subdom\/lk\/wp-content\/uploads\/2023\/07\/unnamed-6-300x225.jpg\" alt=\"\" width=\"300\" height=\"225\" srcset=\"https:\/\/lk.regionalnidobrovolnickecentrum.cz\/subdom\/lk\/wp-content\/uploads\/2023\/07\/unnamed-6-300x225.jpg 300w, https:\/\/lk.regionalnidobrovolnickecentrum.cz\/subdom\/lk\/wp-content\/uploads\/2023\/07\/unnamed-6-1024x767.jpg 1024w, https:\/\/lk.regionalnidobrovolnickecentrum.cz\/subdom\/lk\/wp-content\/uploads\/2023\/07\/unnamed-6-768x575.jpg 768w, https:\/\/lk.regionalnidobrovolnickecentrum.cz\/subdom\/lk\/wp-content\/uploads\/2023\/07\/unnamed-6-1536x1150.jpg 1536w, https:\/\/lk.regionalnidobrovolnickecentrum.cz\/subdom\/lk\/wp-content\/uploads\/2023\/07\/unnamed-6.jpg 1600w\" sizes=\"(max-width: 300px) 100vw, 300px\" \/>Tereza:<\/strong> &#8220;Dobrovolnictv\u00ed v N\u00e1ru\u010di bych doporu\u010dila ka\u017ed\u00e9mu kdo m\u00e1 r\u00e1d d\u011bti, m\u00e1 dostate\u010dnou trp\u011blivost a samoz\u0159ejm\u011b i n\u011bjak\u00e9 z\u00e1klady v\u00fdtvarky. Nic jin\u00e9ho vlastn\u011b nepot\u0159ebujete.&#8221;<\/div>\n<div>\n<p><strong>Mark\u00e9ta: <\/strong>&#8220;Doporu\u010dila bych ho ka\u017ed\u00e9mu, kdo m\u00e1 r\u00e1d pr\u00e1ci s d\u011btmi. &#8221;<\/p>\n<div><\/div>\n<h5>Jak\u00e9 jsou va\u0161e pl\u00e1ny do budoucna?<\/h5>\n<\/div>\n<div><strong>Tereza:<\/strong> &#8220;Moje pl\u00e1ny do budoucna jsou ud\u011blat \u00fasp\u011b\u0161n\u011b maturitu a p\u0159ihl\u00e1sit se na vysokou \u0161kolu pedagogickou. Ur\u010dit\u011b v\u00edm, \u017ee d\u00edky N\u00e1ru\u010di jsem se nau\u010dila v\u00edce komunikovat s d\u011btmi a cht\u011bla bych pokra\u010dovat v \u010dinnosti s d\u011btmi i nad\u00e1le.&#8221;<\/div>\n<div><strong>Mark\u00e9ta<\/strong>: &#8220;Do budoucna m\u00e1m v pl\u00e1nu zkusit vysokou \u0161kolu. Jak\u00fd obor zat\u00edm nev\u00edm, ale chci se d\u00e1le v\u011bnovat pr\u00e1ci s d\u011btmi.&#8221;<\/div>\n<p>&nbsp;<\/p>\n","protected":false},"excerpt":{"rendered":"<p>I kontakt s d\u011btmi a jejich kreativita m\u016f\u017ee b\u00fdt motivac\u00ed k dobrovolnictv\u00ed. To je p\u0159\u00edpad i dvou osmn\u00e1ctilet\u00fdch sle\u010den Terezy<\/p>\n","protected":false},"author":20,"featured_media":2787,"comment_status":"closed","ping_status":"closed","sticky":false,"template":"","format":"standard","meta":{"om_disable_all_campaigns":false,"_monsterinsights_skip_tracking":false,"_monsterinsights_sitenote_active":false,"_monsterinsights_sitenote_note":"","_monsterinsights_sitenote_category":0,"footnotes":""},"categories":[93],"tags":[],"aioseo_notices":[],"_links":{"self":[{"href":"https:\/\/lk.regionalnidobrovolnickecentrum.cz\/subdom\/lk\/wp-json\/wp\/v2\/posts\/2786"}],"collection":[{"href":"https:\/\/lk.regionalnidobrovolnickecentrum.cz\/subdom\/lk\/wp-json\/wp\/v2\/posts"}],"about":[{"href":"https:\/\/lk.regionalnidobrovolnickecentrum.cz\/subdom\/lk\/wp-json\/wp\/v2\/types\/post"}],"author":[{"embeddable":true,"href":"https:\/\/lk.regionalnidobrovolnickecentrum.cz\/subdom\/lk\/wp-json\/wp\/v2\/users\/20"}],"replies":[{"embeddable":true,"href":"https:\/\/lk.regionalnidobrovolnickecentrum.cz\/subdom\/lk\/wp-json\/wp\/v2\/comments?post=2786"}],"version-history":[{"count":10,"href":"https:\/\/lk.regionalnidobrovolnickecentrum.cz\/subdom\/lk\/wp-json\/wp\/v2\/posts\/2786\/revisions"}],"predecessor-version":[{"id":2808,"href":"https:\/\/lk.regionalnidobrovolnickecentrum.cz\/subdom\/lk\/wp-json\/wp\/v2\/posts\/2786\/revisions\/2808"}],"wp:featuredmedia":[{"embeddable":true,"href":"https:\/\/lk.regionalnidobrovolnickecentrum.cz\/subdom\/lk\/wp-json\/wp\/v2\/media\/2787"}],"wp:attachment":[{"href":"https:\/\/lk.regionalnidobrovolnickecentrum.cz\/subdom\/lk\/wp-json\/wp\/v2\/media?parent=2786"}],"wp:term":[{"taxonomy":"category","embeddable":true,"href":"https:\/\/lk.regionalnidobrovolnickecentrum.cz\/subdom\/lk\/wp-json\/wp\/v2\/categories?post=2786"},{"taxonomy":"post_tag","embeddable":true,"href":"https:\/\/lk.regionalnidobrovolnickecentrum.cz\/subdom\/lk\/wp-json\/wp\/v2\/tags?post=2786"}],"curies":[{"name":"wp","href":"https:\/\/api.w.org\/{rel}","templated":true}]}}