{"id":2819,"date":"2023-07-28T09:35:49","date_gmt":"2023-07-28T07:35:49","guid":{"rendered":"https:\/\/lk.regionalnidobrovolnickecentrum.cz\/subdom\/lk\/?p=2819"},"modified":"2023-07-28T09:51:22","modified_gmt":"2023-07-28T07:51:22","slug":"amnesty-international-hleda-ambasadoryky","status":"publish","type":"post","link":"https:\/\/lk.regionalnidobrovolnickecentrum.cz\/subdom\/lk\/amnesty-international-hleda-ambasadoryky\/","title":{"rendered":"Amnesty International hled\u00e1 ambasadory*ky"},"content":{"rendered":"<div class=\"field field-name-field-perex field-type-text-long field-label-hidden\">\n<div class=\"field-items\">\n<div class=\"field-item even\">\n<p><a href=\"https:\/\/www.amnesty.cz\/\">Organizace Amnesty International<\/a> hled\u00e1 lidi zap\u00e1len\u00e9 pro lidsk\u00e1 pr\u00e1va, kte\u0159\u00ed by cht\u011bli roz\u0161i\u0159ovat dosah <a href=\"https:\/\/maraton.amnesty.cz\/\">Maratonu psan\u00ed dopis\u016f<\/a> a napom\u00e1hat tak k osvobozen\u00ed nespravedliv\u011b v\u011bzn\u011bn\u00fdch osob po cel\u00e9m sv\u011bt\u011b.<\/p>\n<\/div>\n<\/div>\n<\/div>\n<p><!--more--><\/p>\n<div class=\"wrapper\">\n<div class=\"field field-name-field-image field-type-image field-label-hidden\">\n<div class=\"field-items\">\n<div class=\"field-item even\">Ru\u010dn\u011b psan\u00fd dopis m\u00e1 v digit\u00e1ln\u00ed dob\u011b obrovskou s\u00edlu. Je to n\u00e1stroj, kter\u00fd p\u0159isp\u00edv\u00e1 k tvorb\u011b mezin\u00e1rodn\u00edho tlaku na politicky \u010dinn\u00e9 osoby a \u00fa\u0159ednictvo v dan\u00fdch zem\u00edch. Zaplaven\u00edm kancel\u00e1\u0159\u00ed mocn\u00fdch se n\u00e1m da\u0159\u00ed dos\u00e1hnout propu\u0161t\u011bn\u00ed nebo zlep\u0161en\u00ed podm\u00ednek u v\u00edce ne\u017e t\u0159etiny z t\u011bch, za kter\u00e9 bojujeme. Krom\u011b toho p\u00ed\u0161eme solid\u00e1rn\u00ed dopisy p\u0159\u00edmo do v\u011bzen\u00ed osob\u00e1m, kter\u00e9 byly nespravedliv\u011b odsouzeny.<\/div>\n<\/div>\n<\/div>\n<\/div>\n<div class=\"field field-name-body field-type-text-with-summary field-label-hidden\">\n<div class=\"field-items\">\n<div class=\"field-item even\">\n<p>Aby organizace mohla dopisn\u00ed akce realizovat, pot\u0159ebuje n\u011bkolik schopn\u00fdch lid\u00ed.<\/p>\n<p><strong>Ide\u00e1ln\u00ed kandid\u00e1t*ka:<\/strong><\/p>\n<p>\u00b7\u00a0\u00a0\u00a0\u00a0\u00a0\u00a0 je proaktivn\u00ed, komunikativn\u00ed a dovede pracovat samostatn\u011b<\/p>\n<p>\u00b7\u00a0\u00a0\u00a0\u00a0\u00a0\u00a0 zn\u00e1 prost\u0159ed\u00ed sv\u00e9ho m\u011bsta nebo kraje<\/p>\n<p>\u00b7\u00a0\u00a0\u00a0\u00a0\u00a0\u00a0 se u\u017e v minulosti \u00fa\u010dastnil*a Maratonu psan\u00ed dopis\u016f<\/p>\n<p>\u00b7\u00a0\u00a0\u00a0\u00a0\u00a0\u00a0 m\u00e1 mo\u017enost se z\u00fa\u010dastnit \u0161kolen\u00ed 23. \u2013 24. z\u00e1\u0159\u00ed v Praze (ubytov\u00e1n\u00ed je zaji\u0161t\u011bno)<\/p>\n<p>\u00b7\u00a0\u00a0\u00a0\u00a0\u00a0\u00a0 m\u016f\u017ee v\u011bnovat p\u0159\u00edprav\u00e1m Maratonu v \u0159\u00edjnu a listopadu p\u00e1r hodin t\u00fddn\u011b<\/p>\n<p><strong>Co bude\u0161 m\u00edt jako ambasador*ka na starosti:<\/strong><\/p>\n<p>\u00b7\u00a0\u00a0\u00a0\u00a0\u00a0\u00a0 oslovovat potenci\u00e1ln\u00ed maratonov\u00e9 po\u0159adatele*ky, jako jsou nap\u0159\u00edklad \u0161koly, spolky a z\u00e1jmov\u00e9 organizace, kav\u00e1rny, kina nebo kulturn\u00ed a komunitn\u00ed centra a motivovat je k zapojen\u00ed do kampan\u011b<\/p>\n<p>\u00b7\u00a0\u00a0\u00a0\u00a0\u00a0\u00a0 propagaci Maratonu oslovov\u00e1n\u00edm region\u00e1ln\u00edch m\u00e9di\u00ed, kulturn\u00edch instituc\u00ed<\/p>\n<p>\u00b7\u00a0\u00a0\u00a0\u00a0\u00a0\u00a0 umis\u0165ov\u00e1n\u00ed propaga\u010dn\u00edch materi\u00e1l\u016f a propagaci p\u0159es soci\u00e1ln\u00ed s\u00edt\u011b<\/p>\n<p>\u00b7\u00a0\u00a0\u00a0\u00a0\u00a0\u00a0 odpov\u00edd\u00e1n\u00ed na p\u0159\u00edpadn\u00e9 dopl\u0148uj\u00edc\u00ed ot\u00e1zky t\u00fdkaj\u00edc\u00ed se Maratonu<\/p>\n<p><strong>M\u016f\u017ee\u0161 od n\u00e1s o\u010dek\u00e1vat:\u00a0<img loading=\"lazy\" decoding=\"async\" class=\"size-medium wp-image-2821 alignright\" src=\"https:\/\/lk.regionalnidobrovolnickecentrum.cz\/subdom\/lk\/wp-content\/uploads\/2023\/07\/2-265855200_10160328257451162_3668446470696114407_n-300x227.jpg\" alt=\"\" width=\"300\" height=\"227\" srcset=\"https:\/\/lk.regionalnidobrovolnickecentrum.cz\/subdom\/lk\/wp-content\/uploads\/2023\/07\/2-265855200_10160328257451162_3668446470696114407_n-300x227.jpg 300w, https:\/\/lk.regionalnidobrovolnickecentrum.cz\/subdom\/lk\/wp-content\/uploads\/2023\/07\/2-265855200_10160328257451162_3668446470696114407_n-1024x777.jpg 1024w, https:\/\/lk.regionalnidobrovolnickecentrum.cz\/subdom\/lk\/wp-content\/uploads\/2023\/07\/2-265855200_10160328257451162_3668446470696114407_n-768x582.jpg 768w, https:\/\/lk.regionalnidobrovolnickecentrum.cz\/subdom\/lk\/wp-content\/uploads\/2023\/07\/2-265855200_10160328257451162_3668446470696114407_n-1536x1165.jpg 1536w, https:\/\/lk.regionalnidobrovolnickecentrum.cz\/subdom\/lk\/wp-content\/uploads\/2023\/07\/2-265855200_10160328257451162_3668446470696114407_n.jpg 2048w\" sizes=\"(max-width: 300px) 100vw, 300px\" \/><\/strong><\/p>\n<p>\u00b7\u00a0\u00a0\u00a0\u00a0\u00a0\u00a0 zku\u0161enosti z mezin\u00e1rodn\u00ed neziskov\u00e9 organizace<\/p>\n<p>\u00b7\u00a0\u00a0\u00a0\u00a0\u00a0\u00a0 zevrubn\u00e9 \u0161kolen\u00ed a doprovodn\u00e9 materi\u00e1ly<\/p>\n<p>\u00b7\u00a0\u00a0\u00a0\u00a0\u00a0\u00a0 podp\u016frn\u00e9 prost\u0159ed\u00ed<\/p>\n<p>\u00b7\u00a0\u00a0\u00a0\u00a0\u00a0\u00a0 rozvoj komunika\u010dn\u00edch, prezenta\u010dn\u00edch a organiza\u010dn\u00edch dovednost\u00ed<\/p>\n<p>\u00b7\u00a0\u00a0\u00a0\u00a0\u00a0\u00a0 prostor pro kreativitu a vlastn\u00ed iniciativu<\/p>\n<p>Pozice je neplacen\u00e1.<\/p>\n<p>Pokud se chce\u0161 st\u00e1t ambasadorem*kou, vypl\u0148 pros\u00edm registra\u010dn\u00ed formul\u00e1\u0159\u00a0<strong>do 31. \u010dervence 2023<\/strong>. O p\u0159ijet\u00ed do u\u017e\u0161\u00edho v\u00fdb\u011bru budeme informovat emailem a n\u00e1sledn\u011b si s vybran\u00fdmi ambasadory*kami domluv\u00edme online vstupn\u00ed pohovor.<\/p>\n<p><strong>Chci se st\u00e1t ambasadorem*kou:<\/strong><\/p>\n<p><a href=\"https:\/\/forms.gle\/7JH57Wa92ySs8BXv5\">https:\/\/forms.gle\/7JH57Wa92ySs8BXv5<\/a><\/p>\n<p>V p\u0159\u00edpad\u011b jak\u00fdchkoli dotaz\u016f t\u00fdkaj\u00edc\u00edch se Maratonu nebo ambasadorstv\u00ed se ozvi Anton\u00ednu Zho\u0159ci na adresu\u00a0<a href=\"mailto:antonin.zhorec@amnesty.cz\">antonin.zhorec@amnesty.cz<\/a>.<\/p>\n<\/div>\n<\/div>\n<\/div>\n","protected":false},"excerpt":{"rendered":"<p>Organizace Amnesty International hled\u00e1 lidi zap\u00e1len\u00e9 pro lidsk\u00e1 pr\u00e1va, kte\u0159\u00ed by cht\u011bli roz\u0161i\u0159ovat dosah Maratonu psan\u00ed dopis\u016f a napom\u00e1hat tak<\/p>\n","protected":false},"author":20,"featured_media":2820,"comment_status":"closed","ping_status":"closed","sticky":false,"template":"","format":"standard","meta":{"om_disable_all_campaigns":false,"_monsterinsights_skip_tracking":false,"_monsterinsights_sitenote_active":false,"_monsterinsights_sitenote_note":"","_monsterinsights_sitenote_category":0,"footnotes":""},"categories":[2],"tags":[],"aioseo_notices":[],"_links":{"self":[{"href":"https:\/\/lk.regionalnidobrovolnickecentrum.cz\/subdom\/lk\/wp-json\/wp\/v2\/posts\/2819"}],"collection":[{"href":"https:\/\/lk.regionalnidobrovolnickecentrum.cz\/subdom\/lk\/wp-json\/wp\/v2\/posts"}],"about":[{"href":"https:\/\/lk.regionalnidobrovolnickecentrum.cz\/subdom\/lk\/wp-json\/wp\/v2\/types\/post"}],"author":[{"embeddable":true,"href":"https:\/\/lk.regionalnidobrovolnickecentrum.cz\/subdom\/lk\/wp-json\/wp\/v2\/users\/20"}],"replies":[{"embeddable":true,"href":"https:\/\/lk.regionalnidobrovolnickecentrum.cz\/subdom\/lk\/wp-json\/wp\/v2\/comments?post=2819"}],"version-history":[{"count":2,"href":"https:\/\/lk.regionalnidobrovolnickecentrum.cz\/subdom\/lk\/wp-json\/wp\/v2\/posts\/2819\/revisions"}],"predecessor-version":[{"id":2823,"href":"https:\/\/lk.regionalnidobrovolnickecentrum.cz\/subdom\/lk\/wp-json\/wp\/v2\/posts\/2819\/revisions\/2823"}],"wp:featuredmedia":[{"embeddable":true,"href":"https:\/\/lk.regionalnidobrovolnickecentrum.cz\/subdom\/lk\/wp-json\/wp\/v2\/media\/2820"}],"wp:attachment":[{"href":"https:\/\/lk.regionalnidobrovolnickecentrum.cz\/subdom\/lk\/wp-json\/wp\/v2\/media?parent=2819"}],"wp:term":[{"taxonomy":"category","embeddable":true,"href":"https:\/\/lk.regionalnidobrovolnickecentrum.cz\/subdom\/lk\/wp-json\/wp\/v2\/categories?post=2819"},{"taxonomy":"post_tag","embeddable":true,"href":"https:\/\/lk.regionalnidobrovolnickecentrum.cz\/subdom\/lk\/wp-json\/wp\/v2\/tags?post=2819"}],"curies":[{"name":"wp","href":"https:\/\/api.w.org\/{rel}","templated":true}]}}