{"id":2826,"date":"2023-08-04T10:48:28","date_gmt":"2023-08-04T08:48:28","guid":{"rendered":"https:\/\/lk.regionalnidobrovolnickecentrum.cz\/subdom\/lk\/?p=2826"},"modified":"2023-08-04T11:24:51","modified_gmt":"2023-08-04T09:24:51","slug":"prijdte-s-nami-diskutovat-ke-kulatemu-stolu","status":"publish","type":"post","link":"https:\/\/lk.regionalnidobrovolnickecentrum.cz\/subdom\/lk\/prijdte-s-nami-diskutovat-ke-kulatemu-stolu\/","title":{"rendered":"P\u0159ij\u010fte s n\u00e1mi diskutovat ke kulat\u00e9mu stolu!"},"content":{"rendered":"<p>V z\u00e1\u0159\u00ed po\u0159\u00e1d\u00e1me dal\u0161\u00ed akce spojen\u00e9 s dobrovolnictv\u00edm pod n\u00e1zvem Kulat\u00fd st\u016fl.<a href=\"https:\/\/lk.regionalnidobrovolnickecentrum.cz\/subdom\/lk\/kulaty-stul-o-rozvoji-dobrovolnictvi-na-dobropointu\/\"> V \u010cesk\u00e9 L\u00edp\u011b ji\u017e toto setk\u00e1n\u00ed prob\u011bhlo v \u010dervnu<\/a>, nyn\u00ed se p\u0159esouv\u00e1me do Liberce a Jablonce nad Nisou.<\/p>\n<p>P\u0159ij\u010fte s n\u00e1mi prodiskutovat, co v\u00e1s v oblasti dobrovolnictv\u00ed tr\u00e1p\u00ed, nebo co v\u00e1s napl\u0148uje.<\/p>\n<p>C\u00edlem t\u011bchto setk\u00e1n\u00ed je s\u00ed\u0165ovat neziskov\u00e9 organizace, je\u017e v dan\u00e9m okrese s dobrovoln\u00edky pracuj\u00ed, p\u0159isp\u011bt k vz\u00e1jemn\u00e9 v\u00fdm\u011bn\u011b zku\u0161enost\u00ed, prodiskutovat s\u00edly a slabiny lok\u00e1ln\u00edho dobrovolnictv\u00ed, hovo\u0159it o mo\u017enostech vyu\u017eit\u00ed financ\u00ed od Kraje Liberec a zam\u011b\u0159it se na chystanou podzimn\u00ed kampa\u0148 c\u00edlenou na propagaci dobrovolnictv\u00ed.<\/p>\n<p>V p\u00e1tek 8.9. v 9.00 prob\u011bhne toto setk\u00e1n\u00ed v Liberci v <a href=\"https:\/\/www.facebook.com\/palacliebieg\/\">Pal\u00e1ci Liebieg<\/a>.<\/p>\n<p>V p\u00e1tek 25.9. od 9.00 se m\u016f\u017eete dostavit do Spolkov\u00e9ho domu v Jablonci nad Nisou.<\/p>\n<p>\u00da\u010dast je t\u0159eba p\u0159edem potvrdit na dan\u00fd kontakt. D\u011bkujeme za spolupr\u00e1ci a t\u011b\u0161\u00edme se na vid\u011bnou!<\/p>\n<p>&nbsp;<\/p>\n<div id='gallery-1' class='gallery galleryid-2826 gallery-columns-3 gallery-size-colormag-featured-image'><figure class='gallery-item'>\n\t\t\t<div class='gallery-icon landscape'>\n\t\t\t\t<a href='https:\/\/lk.regionalnidobrovolnickecentrum.cz\/subdom\/lk\/prijdte-s-nami-diskutovat-ke-kulatemu-stolu\/1-kulaty-stul-2023\/'><img loading=\"lazy\" decoding=\"async\" width=\"800\" height=\"445\" src=\"https:\/\/lk.regionalnidobrovolnickecentrum.cz\/subdom\/lk\/wp-content\/uploads\/2023\/08\/1-KULATY-STUL-2023-800x445.jpg\" class=\"attachment-colormag-featured-image size-colormag-featured-image\" alt=\"\" aria-describedby=\"gallery-1-2839\" \/><\/a>\n\t\t\t<\/div>\n\t\t\t\t<figcaption class='wp-caption-text gallery-caption' id='gallery-1-2839'>\n\t\t\t\tKulat\u00fd st\u016fl Liberec\n\t\t\t\t<\/figcaption><\/figure><figure class='gallery-item'>\n\t\t\t<div class='gallery-icon portrait'>\n\t\t\t\t<a href='https:\/\/lk.regionalnidobrovolnickecentrum.cz\/subdom\/lk\/prijdte-s-nami-diskutovat-ke-kulatemu-stolu\/kulaty-stul-jablonec\/'><img loading=\"lazy\" decoding=\"async\" width=\"800\" height=\"445\" src=\"https:\/\/lk.regionalnidobrovolnickecentrum.cz\/subdom\/lk\/wp-content\/uploads\/2023\/08\/Kulaty-stul-Jablonec-800x445.jpg\" class=\"attachment-colormag-featured-image size-colormag-featured-image\" alt=\"\" aria-describedby=\"gallery-1-2828\" \/><\/a>\n\t\t\t<\/div>\n\t\t\t\t<figcaption class='wp-caption-text gallery-caption' id='gallery-1-2828'>\n\t\t\t\tKulat\u00fd st\u016fl Jablonec nad Nisou\n\t\t\t\t<\/figcaption><\/figure>\n\t\t<\/div>\n\n","protected":false},"excerpt":{"rendered":"<p>V z\u00e1\u0159\u00ed po\u0159\u00e1d\u00e1me dal\u0161\u00ed akce spojen\u00e9 s dobrovolnictv\u00edm pod n\u00e1zvem Kulat\u00fd st\u016fl. V \u010cesk\u00e9 L\u00edp\u011b ji\u017e toto setk\u00e1n\u00ed prob\u011bhlo v<\/p>\n","protected":false},"author":20,"featured_media":2831,"comment_status":"closed","ping_status":"closed","sticky":false,"template":"","format":"standard","meta":{"om_disable_all_campaigns":false,"_monsterinsights_skip_tracking":false,"_monsterinsights_sitenote_active":false,"_monsterinsights_sitenote_note":"","_monsterinsights_sitenote_category":0,"footnotes":""},"categories":[5],"tags":[],"aioseo_notices":[],"_links":{"self":[{"href":"https:\/\/lk.regionalnidobrovolnickecentrum.cz\/subdom\/lk\/wp-json\/wp\/v2\/posts\/2826"}],"collection":[{"href":"https:\/\/lk.regionalnidobrovolnickecentrum.cz\/subdom\/lk\/wp-json\/wp\/v2\/posts"}],"about":[{"href":"https:\/\/lk.regionalnidobrovolnickecentrum.cz\/subdom\/lk\/wp-json\/wp\/v2\/types\/post"}],"author":[{"embeddable":true,"href":"https:\/\/lk.regionalnidobrovolnickecentrum.cz\/subdom\/lk\/wp-json\/wp\/v2\/users\/20"}],"replies":[{"embeddable":true,"href":"https:\/\/lk.regionalnidobrovolnickecentrum.cz\/subdom\/lk\/wp-json\/wp\/v2\/comments?post=2826"}],"version-history":[{"count":8,"href":"https:\/\/lk.regionalnidobrovolnickecentrum.cz\/subdom\/lk\/wp-json\/wp\/v2\/posts\/2826\/revisions"}],"predecessor-version":[{"id":2841,"href":"https:\/\/lk.regionalnidobrovolnickecentrum.cz\/subdom\/lk\/wp-json\/wp\/v2\/posts\/2826\/revisions\/2841"}],"wp:featuredmedia":[{"embeddable":true,"href":"https:\/\/lk.regionalnidobrovolnickecentrum.cz\/subdom\/lk\/wp-json\/wp\/v2\/media\/2831"}],"wp:attachment":[{"href":"https:\/\/lk.regionalnidobrovolnickecentrum.cz\/subdom\/lk\/wp-json\/wp\/v2\/media?parent=2826"}],"wp:term":[{"taxonomy":"category","embeddable":true,"href":"https:\/\/lk.regionalnidobrovolnickecentrum.cz\/subdom\/lk\/wp-json\/wp\/v2\/categories?post=2826"},{"taxonomy":"post_tag","embeddable":true,"href":"https:\/\/lk.regionalnidobrovolnickecentrum.cz\/subdom\/lk\/wp-json\/wp\/v2\/tags?post=2826"}],"curies":[{"name":"wp","href":"https:\/\/api.w.org\/{rel}","templated":true}]}}