{"id":2901,"date":"2023-08-17T14:37:59","date_gmt":"2023-08-17T12:37:59","guid":{"rendered":"https:\/\/lk.regionalnidobrovolnickecentrum.cz\/subdom\/lk\/?p=2901"},"modified":"2023-08-17T14:49:16","modified_gmt":"2023-08-17T12:49:16","slug":"autismus-jako-dar-a-jeho-film-seminka-dobrodeju-sbira-oceneni-na-festivalech","status":"publish","type":"post","link":"https:\/\/lk.regionalnidobrovolnickecentrum.cz\/subdom\/lk\/autismus-jako-dar-a-jeho-film-seminka-dobrodeju-sbira-oceneni-na-festivalech\/","title":{"rendered":"Autismus jako dar a jeho film Sem\u00ednka dobrod\u011bj\u016f sb\u00edr\u00e1 ocen\u011bn\u00ed na festivalech"},"content":{"rendered":"<p>Nov\u00fd film Sem\u00ednka dobrod\u011bj\u016f vypr\u00e1v\u00ed o zku\u0161enostech dobrovoln\u00edk\u016f, kte\u0159\u00ed se u \u00c1ngela st\u0159\u00eddaj\u00ed a obohacuj\u00ed tak jeho \u017eivot nov\u00fdmi podn\u011bty. Dobrovoln\u00edci ale tak\u00e9 mnoh\u00e9 z\u00edsk\u00e1vaj\u00ed, \u00c1ngel je u\u010d\u00ed vid\u011bt sv\u011bt z jin\u00e9 perspektivy. Sem\u00ednka dobrod\u011bj\u016f se um\u00edstil na 1. m\u00edst\u011b v Prague International Film Awards, prvn\u00ed m\u00edsto utr\u017eil i na brn\u011bnsk\u00e9m Brno Film Festival. Zaz\u00e1\u0159il ale i v Ma\u010farsku a na Slovensku (Budapest Movie Awards a Ko\u0161ice International Film Festival). Je to ji\u017e druh\u00fd dokument, kter\u00fd m\u00e1 na sv\u011bdom\u00ed sdru\u017een\u00ed <a href=\"https:\/\/www.autismusjakodar.cz\/index.html\">Autismus jako dar<\/a>. Prvn\u00ed film se jmenuje stejn\u011b jako sdru\u017een\u00ed a\u00a0popisuje \u00c1ngelovu jinakost a snahu rodi\u010d\u016f sv\u00e9mu d\u00edt\u011bti porozum\u011bt. M\u016f\u017eete ho zhl\u00e9dnout na\u00a0<a href=\"https:\/\/www.autismusjakodar.cz\/dokument.html\">webov\u00fdch str\u00e1nk\u00e1ch<\/a>\u00a0sdru\u017een\u00ed.<img loading=\"lazy\" decoding=\"async\" class=\"size-medium wp-image-2903 alignleft\" src=\"https:\/\/lk.regionalnidobrovolnickecentrum.cz\/subdom\/lk\/wp-content\/uploads\/2023\/08\/aUTISMUS2-300x200.jpg\" alt=\"\" width=\"300\" height=\"200\" srcset=\"https:\/\/lk.regionalnidobrovolnickecentrum.cz\/subdom\/lk\/wp-content\/uploads\/2023\/08\/aUTISMUS2-300x200.jpg 300w, https:\/\/lk.regionalnidobrovolnickecentrum.cz\/subdom\/lk\/wp-content\/uploads\/2023\/08\/aUTISMUS2.jpg 525w\" sizes=\"(max-width: 300px) 100vw, 300px\" \/><\/p>\n<p dir=\"ltr\">V \u010dele sdru\u017een\u00ed Autismus jako dar stoj\u00ed pr\u00e1v\u011b \u00c1ngelovy rodi\u010de &#8211; Barbora a Ernesto Chuecos. Pom\u00e1haj\u00ed tak s\u00a0osv\u011btou a\u00a0seznamuj\u00ed ve\u0159ejnost s programem Son Rise Program (d\u00e1le RSP), kter\u00fd Barbora na sv\u00fdch str\u00e1nk\u00e1ch popisuje jako p\u0159\u00edstup pln\u00fd l\u00e1sky a respektu k d\u011btem s autismem: \u201c M\u00edsto toho abychom d\u011bti nutili p\u0159izp\u016fsobovat se\u00a0 na\u0161emu sv\u011btu,\u00a0 jdeme nejd\u0159\u00edve do jejich sv\u011bta a pomoc\u00ed nad\u0161en\u00fdch a hrav\u00fdch interakc\u00ed hled\u00e1me, co je nejefektivn\u011bj\u0161\u00ed pro jejich osobn\u00ed r\u016fst. Potom je krok za krokem vedeme do sv\u011bta na\u0161eho. To v\u0161e se d\u011bje v bezpe\u010d\u00ed domova, v prost\u0159ed\u00ed, na kter\u00e9 je d\u00edt\u011b zvykl\u00e9, v klidn\u00e9 a jednoduch\u00e9 m\u00edstnosti bez ru\u0161iv\u00fdch prvk\u016f. Rodi\u010de (a ide\u00e1ln\u011b tak\u00e9 jejich dobrovoln\u00edci) pracuj\u00ed s tzv. V\u00fdvojov\u00fdm modelem na zlep\u0161en\u00ed o\u010dn\u00edho kontaktu, neverb\u00e1ln\u00ed i verb\u00e1ln\u00ed komunikace, flexibility, vztah\u016f a dovednost\u00ed. Son Rise Program\u00ae vn\u00e1\u0161\u00ed do cel\u00e9 rodiny v\u00edce radosti, \u0161t\u011bst\u00ed, sm\u00edchu a hravosti.\u201d<\/p>\n<p>Barboru Chuecos mo\u017en\u00e1 n\u011bkdo zn\u00e1 jako moder\u00e1torku no\u010dn\u00edho po\u0159adu Mikrof\u00f3rum na Dvojce \u010cesk\u00e9ho rozhlasu, m\u00e1 za sebou tak\u00e9 kari\u00e9ru vysok\u00e9 mana\u017eerky v kosmetick\u00e9 firm\u011b Mary Kay. P\u0159in\u00e1\u0161\u00edme v\u00e1m s n\u00ed kr\u00e1tk\u00fd rozhovor.<\/p>\n<p><strong>V dokumentech \u010dasto zmi\u0148ujete, \u017ee se mus\u00edte nejprve dostat do \u00c1ngelova sv\u011bta, aby do\u0161lo k ur\u010dit\u00e9mu propojen\u00ed, aby o v\u00e1s m\u011bl z\u00e1jem a abyste spolu mohli interagovat&#8230;tak m\u011b napad\u00e1, jestli pak m\u00e1te \u010das i na klasick\u00fd b\u011b\u017en\u00fd \u017eivot, kter\u00fd vedou ostatn\u00ed lid\u00e9. Pr\u00e1ce, povinnosti, apod. M\u00ed\u0159\u00edm k tomu, jestli m\u00edt autistick\u00e9 d\u00edt\u011b dovol\u00ed rodi\u010dovi n\u00e1ro\u010dnou pr\u00e1ci,\u00a0 kari\u00e9ru, kon\u00ed\u010dky, nebo jestli se to vylu\u010duje.<\/strong><\/p>\n<p><em>Mysl\u00edm, \u017ee \u017eijeme p\u0159\u00edb\u011bh mnoha dal\u0161\u00edch rodin s d\u011btmi na autistick\u00e9m spektru, kdy se d\u011blaj\u00ed\u00a0 r\u016fzn\u00e9 kompromisy ohledn\u011b pr\u00e1ce i vyd\u011bl\u00e1v\u00e1n\u00ed pen\u011bz a osobn\u00edho \u010dasu m\u00e1me v\u0161ichni m\u00e1lo.\u00a0Asi nezn\u00e1m jedin\u00e9ho rodi\u010de takov\u00fdchto d\u011bt\u00ed, kter\u00fd by \u0159ekl, \u017ee m\u00e1 dost \u010dasu na kari\u00e9ru, na svoje kon\u00ed\u010dky a nen\u00ed vy\u010derpan\u00fd.\u00a0<\/em><\/p>\n<p><strong>V minulosti jste vykon\u00e1vala pom\u011brn\u011b \u010dasov\u011b n\u00e1ro\u010dn\u00e9 zam\u011bstn\u00e1n\u00ed. Musela jste se ho s \u00c1ngelem vzd\u00e1t?\u00a0<\/strong><\/p>\n<p><em>Na \u00c1ngela jsem m\u011bla mnohem m\u00e9n\u011b \u010dasu, ne\u017e jsem cht\u011bla, tak\u017ee jsem se rozhodla odej\u00edt. N\u011bkdy m\u011b vyhazoval z domu, kdy\u017e jsem p\u0159i\u0161la z pr\u00e1ce, nebo se p\u0159ede mnou schov\u00e1val. Po\u00a0jedn\u00e9 t\u00fddenn\u00ed slu\u017eebn\u00ed cest\u011b ode m\u011b ut\u00edkal. A to prost\u011b jako m\u00e1ma nechcete. Te\u010f je to vlastn\u011b tak\u00e9 \u010dasov\u011b n\u00e1ro\u010dn\u00e9, ale jsem v\u00edc se synem i s dal\u0161\u00edmi podobn\u00fdmi d\u011btmi a jejich rodi\u010di a to m\u011b napl\u0148uje.<\/em><\/p>\n<p><strong>\u00c1ngel se doma tak\u00e9 vzd\u011bl\u00e1v\u00e1.\u00a0 M\u00e1te \u010das se v\u011bnovat i jin\u00fdm v\u011bcem? Ch\u00e1pu, \u017ee v\u00e1m na chv\u00edli ulev\u00ed dobrovoln\u00edci, ale m\u016f\u017eete j\u00edt s man\u017eelem t\u0159eba do kina? M\u016f\u017eete si dovolit odjet na v\u00edkend pry\u010d?\u00a0<\/strong><\/p>\n<p><em>Dom\u00e1c\u00ed vzd\u011bl\u00e1v\u00e1n\u00ed n\u00e1m vyhovuje, nicm\u00e9n\u011b zabere opravdu hodn\u011b \u010dasu, \u00c1ngelovi v\u0161e trv\u00e1 \u0161\u00edlen\u011b dlouho. Chodit do kina miluju, ale s man\u017eelem se tam dostaneme jen tak jednou za\u00a0rok, pak je to ov\u0161em o to v\u011bt\u0161\u00ed ud\u00e1lost! Na v\u00edkend jsme jeli s man\u017eelem naposled p\u0159ed t\u0159emi lety, kdy po mnohalet\u00e9 pauze souhlasil s p\u0159esp\u00e1n\u00edm u jedn\u00e9 na\u0161\u00ed dobrovolnice. To byl pro n\u00e1s hotov\u00fd z\u00e1zrak! U\u017e se nem\u016f\u017eu do\u010dkat, a\u017e bude pro n\u011bj norm\u00e1ln\u00ed, \u017ee je bez n\u00e1s, a my si budeme moct ud\u011blat v\u00edkend nebo t\u0159eba i cel\u00fd t\u00fdden jen pro sebe.<\/em><\/p>\n<p><strong>Kdy\u017e jsem se d\u00edvala na dokument Sem\u00ednka dobrod\u011bj\u016f, p\u0159i\u0161lo mi, \u017ee \u00c1ngel je vlastn\u011b \u00fapln\u011b norm\u00e1ln\u00ed kluk, jeho jinakost jsem a\u017e tolik nevn\u00edmala&#8230;pak jsem si pustila je\u0161t\u011b prvn\u00ed dokument Autismus jako dar, kde v\u00edce vysv\u011btlujete, v \u010dem se \u00c1ngel li\u0161\u00ed od b\u011b\u017en\u00fdch lid\u00ed a a\u017e tam jsem vlastn\u011b pochopila, o co jde&#8230;je vid\u011bt, \u017ee u\u0161el velk\u00fd kus cesty a \u017ee i kdy\u017e asi st\u00e1le p\u0159em\u00fd\u0161l\u00ed jinak, dok\u00e1zal se s\u017e\u00edt i s t\u00edm na\u0161\u00ed<\/strong><\/p>\n<p><img loading=\"lazy\" decoding=\"async\" class=\"size-medium wp-image-2904 alignright\" src=\"https:\/\/lk.regionalnidobrovolnickecentrum.cz\/subdom\/lk\/wp-content\/uploads\/2023\/08\/AUTISMUS3-200x300.jpg\" alt=\"\" width=\"200\" height=\"300\" srcset=\"https:\/\/lk.regionalnidobrovolnickecentrum.cz\/subdom\/lk\/wp-content\/uploads\/2023\/08\/AUTISMUS3-200x300.jpg 200w, https:\/\/lk.regionalnidobrovolnickecentrum.cz\/subdom\/lk\/wp-content\/uploads\/2023\/08\/AUTISMUS3.jpg 350w\" sizes=\"(max-width: 200px) 100vw, 200px\" \/><\/p>\n<p><strong>m sv\u011btem natolik, \u017ee na n\u011bm \u010dlov\u011bk ani na prvn\u00ed pohled nepozn\u00e1, \u017ee je autista. Jak to vn\u00edm\u00e1te vy? Vid\u00edte pokrok?<\/strong><\/p>\n<p><em>Jsme vd\u011b\u010dn\u00ed, \u017ee \u00c1ngel ud\u011blal takov\u00fd pokrok a v\u011b\u0159\u00edm, \u017ee se i nad\u00e1le bude posouvat d\u00e1l. Pravda ale je, \u017ee n\u00e1ro\u010dn\u00e9 je to po\u0159\u00e1d, st\u00e1le p\u0159ich\u00e1zej\u00ed nov\u00e9 situace, nov\u00e9 u\u010den\u00ed, nov\u00e9 lekce,\u00a0nov\u00e9 regresy. V\u0161ichni rodi\u010de tohle znaj\u00ed &#8211; \u010d\u00edm v\u00edc se d\u00edt\u011b propadne ve v\u00fdvoji nebo se \u0159e\u0161\u00ed n\u011bjak\u00e1 t\u011b\u017ek\u00e1 obdob\u00ed (\u00c1ngel t\u0159eba jednu dobu p\u0159estal j\u00edst, jindy p\u0159estal ve dne i v noci sp\u00e1t),\u00a0o to v\u011bt\u0161\u00ed pak c\u00edt\u00edme vd\u011bk, kdy\u017e je v\u0161e \u201cnorm\u00e1ln\u00ed\u201d, jen s takov\u00fdmi t\u011bmi norm\u00e1ln\u00edmi ka\u017edodenn\u00edmi vlnkami (n\u011bkdy vlnami :-)).\u00a0<\/em><\/p>\n<p dir=\"ltr\"><em>Jak hezky \u0159ekl jeden terapeut: \u201cNa \u00c1ngelovi nic nepozn\u00e1te, dokud nepromluv\u00ed.\u201d Kdy\u017e je v pohod\u011b a nemluv\u00ed, tak ano, mo\u017en\u00e1 to ani nepozn\u00e1te. Ale z t\u00e9 pohody ho vytrhne n\u011bkdy i\u00a0\u00fapln\u00e1 drobnost. Nebo v pohod\u011b je, ale chov\u00e1 se tak, \u017ee v\u0161ichni hned zbyst\u0159\u00ed, \u017ee n\u011bco je jinak. Co\u017e nijak nesni\u017euje to, \u017ee u\u0161el opravdu ohromn\u00fd kus cesty a jsme na n\u011bj moc hrd\u00ed. U\u017e to \u017ee mluv\u00ed, je skoro neuv\u011b\u0159iteln\u00e9. \u017de za\u010dal vn\u00edmat ostatn\u00ed lidi a u\u017e do nich nevr\u00e1\u017e\u00ed. \u017de u\u017e n\u00e1m n\u00e1v\u0161t\u011bvy nevyhazuje z verandy. Ale i to \u017ee za\u010dal j\u00edst rozmanit\u011bj\u0161\u00ed stravu a ne od r\u00e1na do ve\u010dera t\u0159eba pohankov\u00e9 lup\u00ednky, \u017ee dok\u00e1\u017ee u j\u00eddla u\u017e skoro v\u017edy sed\u011bt a ne st\u00e1le poskakovat kolem, \u017ee se po mnoha letech vysv\u011btlov\u00e1n\u00ed a zkou\u0161en\u00ed nau\u010dil zav\u00e1zat tkani\u010dku, \u017ee za\u010dal chodit do krou\u017eku lega nebo te\u010f nov\u011b i do v\u00fdtvarn\u00e9ho krou\u017eku&#8230; pro n\u00e1s je to\u00a0z\u00e1zrak za z\u00e1zrakem, proto\u017ee vid\u00edme, kolik \u00fasil\u00ed, energie a opakov\u00e1n\u00ed ho takov\u00e1 \u201cdrobnost\u201d stoj\u00ed. A ten seznam z\u00e1zrak\u016f je pro n\u00e1s velmi dlouh\u00fd.<\/em><\/p>\n<p><strong>M\u016f\u017eou za ten pokrok i dobrovoln\u00edci? M\u00e1 na n\u011bm asi lv\u00ed pod\u00edl i metoda\u00a0SRP, kterou propagujete?<\/strong><\/p>\n<p><em>Bez dobrovoln\u00edk\u016f by ur\u010dit\u011b nebyl tak daleko. Pr\u00e1v\u011b soci\u00e1ln\u00ed dovednosti si v\u00fdrazn\u011b zlep\u0161il d\u00edky nim. Za t\u011bch dev\u011bt let jich m\u011bl u\u017e v\u00edc ne\u017e pades\u00e1t, moment\u00e1ln\u011b m\u00e1me dva, n\u011bkdy jich m\u011bl ve stejnou dobu ale i\u00a0 dvan\u00e1ct a to byla opravdu intenzivn\u00ed soci\u00e1ln\u00ed l\u00e1ze\u0148. SRP n\u00e1m vyhovuje a dobrovolnictv\u00ed je jeho sou\u010d\u00e1st\u00ed, dozv\u011bd\u011bli jsme se o n\u011bm nejd\u0159\u00edv z knih a pak i ze \u0161kolen\u00ed z USA.<\/em><\/p>\n<p><strong>V jednom z dokument\u016f zmi\u0148ujete, \u017ee jste v\u016fbec nev\u011b\u0159ila, \u017ee by dobrovolnictv\u00ed mohlo fungovat. A nyn\u00ed hled\u00e1te\u00a0dobrovoln\u00edky ke sv\u00e9mu synovi nep\u0159etr\u017eit\u011b. M\u016f\u017eete mi nast\u00ednit, jak moc je to t\u011b\u017ek\u00fd \u00fakol? \u0160li jste i t\u0159eba cestou p\u0159es v\u011bt\u0161\u00ed dobrovolnick\u00e9 organizace nebo sh\u00e1n\u00edte dobrovoln\u00edky \u00fapln\u011b sami? Hl\u00e1s\u00ed se dobrovoln\u00edci sami od sebe nebo je to pro v\u00e1s n\u00e1ro\u010dn\u00e9 n\u011bjak\u00e9 sehnat? Osv\u011bd\u010dily se v\u00e1m n\u011bkter\u00e9 metody hled\u00e1n\u00ed dobrovoln\u00edk\u016f?<\/strong><\/p>\n<p><em>Nejd\u0159\u00edve jsme hledali dobrovoln\u00edky pomoc\u00ed let\u00e1\u010dk\u016f, kter\u00e9 jsme vyv\u011bsili u n\u00e1s v m\u011bste\u010dku, ale neozval se n\u00e1m nikdo. Pak jsme se dozv\u011bd\u011bli o webu\u00a0<a href=\"https:\/\/www.dobrovolnik.cz\/\">www.dobrovolnik.cz<\/a>, p\u0159es kter\u00fd k n\u00e1m\u00a0p\u0159i\u0161lo dobrovoln\u00edk\u016f nejv\u00edc. Sem tam se n\u011bkdo ozve nap\u0159\u00edmo, proto\u017ee n\u00e1s zn\u00e1 nebo o n\u00e1s n\u011bkde sly\u0161el, p\u0159\u00edp. p\u0159es n\u00e1\u0161\u00a0<a href=\"https:\/\/www.facebook.com\/autismusjakodar\/?locale=cs_CZ\">facebook<\/a>\u00a0nebo\u00a0<a href=\"https:\/\/www.autismusjakodar.cz\/index.html\">web<\/a>. N\u00e1ro\u010dn\u00e9 to je\u00a0celou dobu a v\u00edme, \u017ee je mnoho dal\u0161\u00edch rodin, kter\u00e9 by si dobrovoln\u00edky p\u0159\u00e1li a nikoho nem\u016f\u017eou sehnat. Sn\u00edm o tom, \u017ee z\u00e1jemc\u016f o dobrovolnictv\u00ed bude spousta \ud83d\ude42 Snad v budoucnosti.<\/em><\/p>\n<p><strong>A m\u00e1te s dobrovoln\u00edky opravdu jen kladn\u00e9 zku\u0161enosti?\u00a0<\/strong><\/p>\n<p><em>M\u00e1me zku\u0161enosti v\u0161eho druhu. Prvn\u00edmu m\u011bs\u00edci \u0159\u00edk\u00e1me zku\u0161ebn\u00ed. N\u011bkte\u0159\u00ed dobrovoln\u00edci si to rozmysl\u00ed a chodit p\u0159estanou, s n\u011bkter\u00fdmi se rozlou\u010d\u00edme sami, proto\u017ee si z n\u011bjak\u00e9ho d\u016fvodu nesedneme. N\u011bkdo chod\u00ed p\u016fl roku a jin\u00fd n\u011bkolik let. S naprostou v\u011bt\u0161inou m\u00e1me zku\u0161enosti nesm\u00edrn\u011b pozitivn\u00ed, jsou to \u00fa\u017easn\u00ed lid\u00e9 s velk\u00fdm srdcem a touhou n\u011bco nov\u00e9ho za\u017e\u00edt i se\u00a0n\u011bco nov\u00e9ho nau\u010dit. S n\u011bkter\u00fdmi jsme v kontaktu i pot\u00e9, co dobrovolni\u010dit p\u0159estanou, prost\u011b si roz\u0161i\u0159ujeme svoji rodinnou bublinu o cenn\u00e9 p\u0159\u00e1tele.<\/em><\/p>\n<p><strong>Stalo se za ty roky, \u017ee to dobrovoln\u00edk b\u011bhem prvn\u00edch 6 m\u011bs\u00edc\u016f vzdal? A je to pro Angela n\u00e1ro\u010dn\u00e9 vypo\u0159\u00e1dat se s odchodem dobrovoln\u00edka?<\/strong><\/p>\n<p><em>Ano. Na za\u010d\u00e1tku to bylo n\u00e1ro\u010dn\u00e9 hlavn\u011b pro n\u00e1s s man\u017eelem, proto\u017ee jsme mysleli, \u017ee z toho bude m\u00edt \u00c1ngel z\u00e1chvaty. Zvl\u00e1dnul to ale l\u00edp, ne\u017e jsme \u010dekali, a pochopili jsme, \u017ee i\u00a0odchod dobrovoln\u00edk\u016f nebo jejich st\u0159\u00edd\u00e1n\u00ed je cenn\u00e9 u\u010den\u00ed pro \u017eivot. V\u0161e se prost\u011b st\u00e1le m\u011bn\u00ed, v\u011bci se nedaj\u00ed p\u0159esn\u011b napl\u00e1novat, lid\u00e9 n\u00e1m do \u017eivota p\u0159ich\u00e1zej\u00ed a odch\u00e1zej\u00ed. To se mus\u00edme nau\u010dit mo\u017en\u00e1 v\u0161ichni, ale pro d\u00edt\u011b s autismem, rigidn\u00edm chov\u00e1n\u00edm a lp\u011bn\u00edm na zaveden\u00e9m po\u0159\u00e1dku je to obzvl\u00e1\u0161\u0165 dobr\u00e9 tr\u00e9ninkov\u00e9 pole.\u00a0<\/em><\/p>\n<p dir=\"ltr\"><em>V dobrovolnictv\u00ed vid\u00edme s man\u017eelem velk\u00fd smysl. Je to mo\u017enost velk\u00e9ho obohacen\u00ed pro d\u011bti, dobrovoln\u00edky i rodinu. Prost\u011b takov\u00e1 symbi\u00f3za.<\/em><\/p>\n<p dir=\"ltr\">Tento rozhovor vy\u0161el p\u016fvodn\u011b na str\u00e1nk\u00e1ch <a href=\"http:\/\/www.dobrovolnik.cz\">www.dobrovolnik.cz<\/a>.<\/p>\n<p dir=\"ltr\">\n","protected":false},"excerpt":{"rendered":"<p>Nov\u00fd film Sem\u00ednka dobrod\u011bj\u016f vypr\u00e1v\u00ed o zku\u0161enostech dobrovoln\u00edk\u016f, kte\u0159\u00ed se u \u00c1ngela st\u0159\u00eddaj\u00ed a obohacuj\u00ed tak jeho \u017eivot nov\u00fdmi podn\u011bty.<\/p>\n","protected":false},"author":20,"featured_media":2908,"comment_status":"closed","ping_status":"closed","sticky":false,"template":"","format":"standard","meta":{"om_disable_all_campaigns":false,"_monsterinsights_skip_tracking":false,"_monsterinsights_sitenote_active":false,"_monsterinsights_sitenote_note":"","_monsterinsights_sitenote_category":0,"footnotes":""},"categories":[98],"tags":[],"aioseo_notices":[],"_links":{"self":[{"href":"https:\/\/lk.regionalnidobrovolnickecentrum.cz\/subdom\/lk\/wp-json\/wp\/v2\/posts\/2901"}],"collection":[{"href":"https:\/\/lk.regionalnidobrovolnickecentrum.cz\/subdom\/lk\/wp-json\/wp\/v2\/posts"}],"about":[{"href":"https:\/\/lk.regionalnidobrovolnickecentrum.cz\/subdom\/lk\/wp-json\/wp\/v2\/types\/post"}],"author":[{"embeddable":true,"href":"https:\/\/lk.regionalnidobrovolnickecentrum.cz\/subdom\/lk\/wp-json\/wp\/v2\/users\/20"}],"replies":[{"embeddable":true,"href":"https:\/\/lk.regionalnidobrovolnickecentrum.cz\/subdom\/lk\/wp-json\/wp\/v2\/comments?post=2901"}],"version-history":[{"count":2,"href":"https:\/\/lk.regionalnidobrovolnickecentrum.cz\/subdom\/lk\/wp-json\/wp\/v2\/posts\/2901\/revisions"}],"predecessor-version":[{"id":2909,"href":"https:\/\/lk.regionalnidobrovolnickecentrum.cz\/subdom\/lk\/wp-json\/wp\/v2\/posts\/2901\/revisions\/2909"}],"wp:featuredmedia":[{"embeddable":true,"href":"https:\/\/lk.regionalnidobrovolnickecentrum.cz\/subdom\/lk\/wp-json\/wp\/v2\/media\/2908"}],"wp:attachment":[{"href":"https:\/\/lk.regionalnidobrovolnickecentrum.cz\/subdom\/lk\/wp-json\/wp\/v2\/media?parent=2901"}],"wp:term":[{"taxonomy":"category","embeddable":true,"href":"https:\/\/lk.regionalnidobrovolnickecentrum.cz\/subdom\/lk\/wp-json\/wp\/v2\/categories?post=2901"},{"taxonomy":"post_tag","embeddable":true,"href":"https:\/\/lk.regionalnidobrovolnickecentrum.cz\/subdom\/lk\/wp-json\/wp\/v2\/tags?post=2901"}],"curies":[{"name":"wp","href":"https:\/\/api.w.org\/{rel}","templated":true}]}}