{"id":3034,"date":"2023-09-01T14:10:00","date_gmt":"2023-09-01T12:10:00","guid":{"rendered":"https:\/\/lk.regionalnidobrovolnickecentrum.cz\/subdom\/lk\/?p=3034"},"modified":"2023-09-15T13:25:15","modified_gmt":"2023-09-15T11:25:15","slug":"kampan-na-podporu-dobrovolnictvi-prave-zacina","status":"publish","type":"post","link":"https:\/\/lk.regionalnidobrovolnickecentrum.cz\/subdom\/lk\/kampan-na-podporu-dobrovolnictvi-prave-zacina\/","title":{"rendered":"Kampa\u0148 na podporu dobrovolnictv\u00ed pr\u00e1v\u011b za\u010d\u00edn\u00e1"},"content":{"rendered":"<p>Region\u00e1ln\u00ed dobrovolnick\u00e9 centrum chce dobrovolnictv\u00ed v\u00edce p\u0159edstavit ve\u0159ejnosti. Chce uk\u00e1zat, \u017ee pom\u00e1hat ve sv\u00e9m voln\u00e9m \u010dase m\u00e1 smysl a \u017ee je to pot\u0159ebn\u00e9 i v b\u011b\u017en\u00e9m \u017eivot\u011b, nejen p\u0159i mimo\u0159\u00e1dn\u00fdch ud\u00e1lostech. Zahajuje proto kampa\u0148 na p\u0159edstaven\u00ed a zviditeln\u011bn\u00ed dobrovolnictv\u00ed v Libereck\u00e9m kraji.<\/p>\n<p>Posledn\u00ed srpnov\u00fd den byl odvys\u00edl\u00e1n rozhovor \u010cesk\u00e9ho rozhlasu s vedouc\u00edm <a href=\"https:\/\/lk.regionalnidobrovolnickecentrum.cz\/subdom\/lk\/\">Region\u00e1ln\u00edho dobrovolnick\u00e9ho centra<\/a> a \u0159editele libereck\u00e9 ADRY Michala \u010can\u010d\u00edka a s Alenou Kejzarovou z Dobrovolnick\u00e9ho centra ADRA Liberec:<\/p>\n<p><a href=\"https:\/\/www.mujrozhlas.cz\/host-dopoledne-pod-jestedem\/michal-cancik-vedouci-dobrovolnickeho-centra-adra-liberec-2601488\">https:\/\/www.mujrozhlas.cz\/host-dopoledne-pod-jestedem\/michal-cancik-vedouci-dobrovolnickeho-centra-adra-liberec-2601488<\/a><\/p>\n<p>Dozv\u00edte se nap\u0159\u00edklad:<\/p>\n<ul>\n<li>jak moc jsou \u010ce\u0161i aktivn\u00ed dobrovoln\u00edci ve srovn\u00e1n\u00ed s jin\u00fdmi n\u00e1rody<\/li>\n<li>jak\u00e9 zm\u011bny prob\u011bhly na na\u0161em webu?<\/li>\n<li>jak se zapojit jako dobrovoln\u00edk v Libereck\u00e9m kraji<\/li>\n<li>jak\u00e9 akce spojen\u00e9 s dobrovolnictv\u00edm n\u00e1s v r\u00e1mci kampan\u011b \u010dekaj\u00ed<\/li>\n<li>o pl\u00e1novan\u00e9m \u0161kolen\u00ed v Senecu\u0159e pro v\u0161echny z\u00e1jemce o dobrovolnictv\u00ed mezi seniory<\/li>\n<li>kdo se do dobrovolnictv\u00ed nej\u010dast\u011bji zapojuje<\/li>\n<li>co se bude d\u00edt 2.9. na Grab\u0161tejn\u011b?<\/li>\n<\/ul>\n","protected":false},"excerpt":{"rendered":"<p>Region\u00e1ln\u00ed dobrovolnick\u00e9 centrum chce dobrovolnictv\u00ed v\u00edce p\u0159edstavit ve\u0159ejnosti. Chce uk\u00e1zat, \u017ee pom\u00e1hat ve sv\u00e9m voln\u00e9m \u010dase m\u00e1 smysl a \u017ee<\/p>\n","protected":false},"author":20,"featured_media":3046,"comment_status":"closed","ping_status":"closed","sticky":false,"template":"","format":"audio","meta":{"om_disable_all_campaigns":false,"_monsterinsights_skip_tracking":false,"_monsterinsights_sitenote_active":false,"_monsterinsights_sitenote_note":"","_monsterinsights_sitenote_category":0,"footnotes":""},"categories":[98],"tags":[],"aioseo_notices":[],"_links":{"self":[{"href":"https:\/\/lk.regionalnidobrovolnickecentrum.cz\/subdom\/lk\/wp-json\/wp\/v2\/posts\/3034"}],"collection":[{"href":"https:\/\/lk.regionalnidobrovolnickecentrum.cz\/subdom\/lk\/wp-json\/wp\/v2\/posts"}],"about":[{"href":"https:\/\/lk.regionalnidobrovolnickecentrum.cz\/subdom\/lk\/wp-json\/wp\/v2\/types\/post"}],"author":[{"embeddable":true,"href":"https:\/\/lk.regionalnidobrovolnickecentrum.cz\/subdom\/lk\/wp-json\/wp\/v2\/users\/20"}],"replies":[{"embeddable":true,"href":"https:\/\/lk.regionalnidobrovolnickecentrum.cz\/subdom\/lk\/wp-json\/wp\/v2\/comments?post=3034"}],"version-history":[{"count":2,"href":"https:\/\/lk.regionalnidobrovolnickecentrum.cz\/subdom\/lk\/wp-json\/wp\/v2\/posts\/3034\/revisions"}],"predecessor-version":[{"id":3037,"href":"https:\/\/lk.regionalnidobrovolnickecentrum.cz\/subdom\/lk\/wp-json\/wp\/v2\/posts\/3034\/revisions\/3037"}],"wp:featuredmedia":[{"embeddable":true,"href":"https:\/\/lk.regionalnidobrovolnickecentrum.cz\/subdom\/lk\/wp-json\/wp\/v2\/media\/3046"}],"wp:attachment":[{"href":"https:\/\/lk.regionalnidobrovolnickecentrum.cz\/subdom\/lk\/wp-json\/wp\/v2\/media?parent=3034"}],"wp:term":[{"taxonomy":"category","embeddable":true,"href":"https:\/\/lk.regionalnidobrovolnickecentrum.cz\/subdom\/lk\/wp-json\/wp\/v2\/categories?post=3034"},{"taxonomy":"post_tag","embeddable":true,"href":"https:\/\/lk.regionalnidobrovolnickecentrum.cz\/subdom\/lk\/wp-json\/wp\/v2\/tags?post=3034"}],"curies":[{"name":"wp","href":"https:\/\/api.w.org\/{rel}","templated":true}]}}