{"id":3066,"date":"2023-09-22T14:40:51","date_gmt":"2023-09-22T12:40:51","guid":{"rendered":"https:\/\/lk.regionalnidobrovolnickecentrum.cz\/subdom\/lk\/?p=3066"},"modified":"2023-09-22T14:40:51","modified_gmt":"2023-09-22T12:40:51","slug":"bezime-pro-d-r-a-k-a-hledame-dobrovolniky","status":"publish","type":"post","link":"https:\/\/lk.regionalnidobrovolnickecentrum.cz\/subdom\/lk\/bezime-pro-d-r-a-k-a-hledame-dobrovolniky\/","title":{"rendered":"B\u011b\u017e\u00edme pro D.R.A.K.a &#8211; hled\u00e1me dobrovoln\u00edky!"},"content":{"rendered":"<p>Deset aktivn\u00edch voz\u00ed\u010dk\u00e1\u0159\u016f se chce \u00fa\u010dastnit <b>b\u011b\u017eeck\u00e9ho z\u00e1vodu pro <a href=\"http:\/\/www.sdruzenidrak.cz\">D.R.A.K.<\/a>a v r\u00e1mci <\/b>\u00a0<a href=\"https:\/\/www.runczech.com\/cs\/akce\/mattoni-liberec-nature-run-2023\/zavody\/dm-rodinny-beh\">Mattoni Liberec Nature Run. <\/a>Pomozte jim v tom!<\/p>\n<p>B\u011bh se kon\u00e1: 30.9.2023, n\u00e1m\u011bst\u00ed Dr. Bene\u0161e Liberec v 10 hodin<\/p>\n<p><b>Patronem b\u011bhu je V\u00edt Pavli\u0161ta<\/b><\/p>\n<p>&nbsp;<\/p>\n<p><b>Podpo\u0159te odv\u00e1\u017en\u00e9 voz\u00ed\u010dk\u00e1\u0159e, kte\u0159\u00ed se rozhodli nelenit, ale n\u011bco zm\u011bnit. Sledujte <a href=\"https:\/\/www.facebook.com\/sdruzeni.drak\/?locale=cs_CZ\">soci\u00e1ln\u00ed s\u00edt\u011b<\/a> a podpo\u0159te n\u00e1s: vlastn\u00edm z\u00e1\u017eitkem v r\u00e1mci b\u011bhu, nebo finan\u010dn\u00edm p\u0159\u00edsp\u011bvkem,<span style=\"color: #e02813;\">\u00a0\u010di doprovodem v b\u011bhu.<\/span>\u00a0 p\u0159\u00edsp\u011bvky budou vyu\u017eity ve prosp\u011bch zdravotn\u011b posti\u017een\u00fdch zam\u011bstnanc\u016f a klient\u016f o.s. D.R.A.K. z.s.\u00a0<\/b><\/p>\n<p><span style=\"color: #e02813;\"><b>D<\/b><strong>OPROVOD V B\u011aHU:\u00a0<\/strong><\/span><strong>hled\u00e1me doprovodn\u00e9 osoby cca 10 osob z \u0159ad student\u016f, jako dobrovoln\u00edk\u016f<\/strong> pro z\u00e1vod nejen voz\u00ed\u010dk\u00e1\u0159\u016f dne 30.9. 2023 v Liberci. Na\u0161i voz\u00ed\u010dk\u00e1\u0159i se rozhodli vz\u00edt \u017eivot do sv\u00fdch rukou, a n\u011bco zm\u011bnit. Vyz\u00fdv\u00e1me zdrav\u00e9 a mlad\u00e9 lidi, aby n\u00e1m vytvo\u0159ili podporu p\u0159i na\u0161em 1. spole\u010dn\u00fdm b\u011b\u017eeck\u00e9m z\u00e1vod\u011b pro D.R.A.Ka. Pob\u011b\u017e\u00ed &#8211; pojede 10 voz\u00ed\u010dk\u00e1\u0159\u016f na elektrick\u00fdch voz\u00edc\u00edch 1 m\u00edli spole\u010dn\u011b s rodinami. O.s. D.R.A.K. z.s. Dobrovoln\u00edk z\u00edsk\u00e1 registraci\u00a0 pro doprovod. Tu v\u00e1m p\u0159ed\u00e1 Bc. Lenka Ko\u0159\u00ednkov\u00e1.<\/p>\n<p><b> Pros\u00edm uch\u00e1zej\u00edc\u00ed se z\u00e1jemce o doprovod, aby se p\u0159ihl\u00e1sili nejpozd\u011bji do 27.9. 2023, kdy V\u00e1m budou p\u0159ed\u00e1ny v\u0161echny d\u016fle\u017eit\u00e9 informace.\u00a0<\/b><b>Nejpozd\u011bji do 20. hodiny ve\u010dern\u00ed.<\/b><\/p>\n<p><b> Pi\u0161te na: korinkova@sdruzenidrak.org,volejte: 602 440 731.\u00a0 \u00a0D\u011bkujeme V\u00e1m za spolupr\u00e1ci. Sledujte <a class=\"ms-outlook-linkify\" href=\"http:\/\/www.sdruzenidrak.cz\/\" target=\"_blank\" rel=\"noopener\">www.sdruzenidrak.cz<\/a><\/b><\/p>\n<div><b><br aria-hidden=\"true\" \/><\/b><\/p>\n<div>\n<div><\/div>\n<\/div>\n<\/div>\n","protected":false},"excerpt":{"rendered":"<p>Deset aktivn\u00edch voz\u00ed\u010dk\u00e1\u0159\u016f se chce \u00fa\u010dastnit b\u011b\u017eeck\u00e9ho z\u00e1vodu pro D.R.A.K.a v r\u00e1mci \u00a0Mattoni Liberec Nature Run. Pomozte jim v tom!<\/p>\n","protected":false},"author":20,"featured_media":3067,"comment_status":"closed","ping_status":"closed","sticky":false,"template":"","format":"standard","meta":{"om_disable_all_campaigns":false,"_monsterinsights_skip_tracking":false,"_monsterinsights_sitenote_active":false,"_monsterinsights_sitenote_note":"","_monsterinsights_sitenote_category":0,"footnotes":""},"categories":[2],"tags":[],"aioseo_notices":[],"_links":{"self":[{"href":"https:\/\/lk.regionalnidobrovolnickecentrum.cz\/subdom\/lk\/wp-json\/wp\/v2\/posts\/3066"}],"collection":[{"href":"https:\/\/lk.regionalnidobrovolnickecentrum.cz\/subdom\/lk\/wp-json\/wp\/v2\/posts"}],"about":[{"href":"https:\/\/lk.regionalnidobrovolnickecentrum.cz\/subdom\/lk\/wp-json\/wp\/v2\/types\/post"}],"author":[{"embeddable":true,"href":"https:\/\/lk.regionalnidobrovolnickecentrum.cz\/subdom\/lk\/wp-json\/wp\/v2\/users\/20"}],"replies":[{"embeddable":true,"href":"https:\/\/lk.regionalnidobrovolnickecentrum.cz\/subdom\/lk\/wp-json\/wp\/v2\/comments?post=3066"}],"version-history":[{"count":1,"href":"https:\/\/lk.regionalnidobrovolnickecentrum.cz\/subdom\/lk\/wp-json\/wp\/v2\/posts\/3066\/revisions"}],"predecessor-version":[{"id":3068,"href":"https:\/\/lk.regionalnidobrovolnickecentrum.cz\/subdom\/lk\/wp-json\/wp\/v2\/posts\/3066\/revisions\/3068"}],"wp:featuredmedia":[{"embeddable":true,"href":"https:\/\/lk.regionalnidobrovolnickecentrum.cz\/subdom\/lk\/wp-json\/wp\/v2\/media\/3067"}],"wp:attachment":[{"href":"https:\/\/lk.regionalnidobrovolnickecentrum.cz\/subdom\/lk\/wp-json\/wp\/v2\/media?parent=3066"}],"wp:term":[{"taxonomy":"category","embeddable":true,"href":"https:\/\/lk.regionalnidobrovolnickecentrum.cz\/subdom\/lk\/wp-json\/wp\/v2\/categories?post=3066"},{"taxonomy":"post_tag","embeddable":true,"href":"https:\/\/lk.regionalnidobrovolnickecentrum.cz\/subdom\/lk\/wp-json\/wp\/v2\/tags?post=3066"}],"curies":[{"name":"wp","href":"https:\/\/api.w.org\/{rel}","templated":true}]}}