{"id":3094,"date":"2023-10-09T10:00:19","date_gmt":"2023-10-09T08:00:19","guid":{"rendered":"https:\/\/lk.regionalnidobrovolnickecentrum.cz\/subdom\/lk\/?p=3094"},"modified":"2023-10-13T09:21:24","modified_gmt":"2023-10-13T07:21:24","slug":"zkusenost-v-dobrovolnictvi-mohu-doporucit-kazdemu-zvlaste-mladym-lidem","status":"publish","type":"post","link":"https:\/\/lk.regionalnidobrovolnickecentrum.cz\/subdom\/lk\/zkusenost-v-dobrovolnictvi-mohu-doporucit-kazdemu-zvlaste-mladym-lidem\/","title":{"rendered":"Zku\u0161enost s dobrovolnictv\u00edm doporu\u010duju ka\u017ed\u00e9mu, zvl\u00e1\u0161t\u011b mlad\u00fdm lidem"},"content":{"rendered":"<p><span style=\"font-weight: 400;\">\u00a0\u00a0N\u011bmeck\u00fd dobrovoln\u00edk Gerrit str\u00e1vil jeden rok v <a href=\"https:\/\/www.dcul.cz\/\">Dobrovolnick\u00e9m centru \u00dast\u00ed nad Labem<\/a> (d\u00e1le DCUL). Kdy\u017e loni p\u0159ijel, pov\u011bd\u011bl mi sv\u00e9 prvn\u00ed dojmy, byl pln\u00fd o\u010dek\u00e1v\u00e1n\u00ed a nat\u011b\u0161en\u00fd na nov\u00e9 zku\u0161enosti, kter\u00e9 m\u011bly brzy p\u0159ij\u00edt (\u010dl\u00e1nek si m\u016f\u017eete p\u0159e\u010d\u00edst <a href=\"https:\/\/lk.regionalnidobrovolnickecentrum.cz\/subdom\/lk\/dobrovolnictvi-podporuje-solidaritu-a-jednotu-ve-spolecnosti\/\">zde<\/a>). Dnes u\u017e je zase zp\u00e1tky v N\u011bmecku. P\u0159ed sv\u00fdm odjezdem mi ale stihl odpov\u011bd\u011bt na p\u00e1r ot\u00e1zek a pod\u011blit se o to, co mu dobrovolnick\u00e1 mise na severu \u010cech dala.\u00a0\u00a0<\/span><!--more--><\/p>\n<h6><strong>DOBROVOLNICK\u00c9 AKTIVITY<\/strong><\/h6>\n<p><img loading=\"lazy\" decoding=\"async\" class=\"size-medium wp-image-3104 alignright\" src=\"https:\/\/lk.regionalnidobrovolnickecentrum.cz\/subdom\/lk\/wp-content\/uploads\/2023\/10\/run-300x225.jpg\" alt=\"\" width=\"300\" height=\"225\" srcset=\"https:\/\/lk.regionalnidobrovolnickecentrum.cz\/subdom\/lk\/wp-content\/uploads\/2023\/10\/run-300x225.jpg 300w, https:\/\/lk.regionalnidobrovolnickecentrum.cz\/subdom\/lk\/wp-content\/uploads\/2023\/10\/run-1024x769.jpg 1024w, https:\/\/lk.regionalnidobrovolnickecentrum.cz\/subdom\/lk\/wp-content\/uploads\/2023\/10\/run-768x577.jpg 768w, https:\/\/lk.regionalnidobrovolnickecentrum.cz\/subdom\/lk\/wp-content\/uploads\/2023\/10\/run-1536x1154.jpg 1536w, https:\/\/lk.regionalnidobrovolnickecentrum.cz\/subdom\/lk\/wp-content\/uploads\/2023\/10\/run.jpg 1600w\" sizes=\"(max-width: 300px) 100vw, 300px\" \/><\/p>\n<p><strong><em>Uteklo to tak rychle od na\u0161eho rozhovoru&#8230; a tv\u016fj pobyt v DCUL se nach\u00fdlil ke konci. Jak se c\u00edt\u00ed\u0161? Co pr\u00e1v\u011b te\u010f pro\u017e\u00edv\u00e1\u0161?\u00a0<\/em><\/strong><\/p>\n<p><span style=\"font-weight: 400;\"><em>P\u0159esn\u011b tak. Byl to dlouh\u00fd rok pln\u00fd nov\u00fdch zku\u0161enost\u00ed. Tak\u00e9 jsem potkal spoustu mil\u00fdch lid\u00ed, kte\u0159\u00ed m\u011b cel\u00fdm rokem prov\u00e1zeli. Na jednu stranu je mi l\u00edto, \u017ee je mus\u00edm op<\/em><\/span><em>ustit a \u017ee se m\u016fj \u010das v \u00dast\u00ed nad Labem velmi kr\u00e1t\u00ed, ale na druhou stranu jsem nad\u0161en\u00fd, \u017ee za\u010dnu novou etapu sv\u00e9ho \u017eivota v N\u011bmecku. Ka\u017edop\u00e1dn\u011b si s sebou zp\u00e1tky beru sam\u00e9 hezk\u00e9 vzpom\u00ednky.<\/em><\/p>\n<p>&nbsp;<\/p>\n<p><strong><em>Na za\u010d\u00e1tku pobytu jsi m\u011bl spoustu dobrovolnick\u00fdch aktivit (u\u010den\u00ed n\u011bm\u010diny, pr\u00e1ce pro Americk\u00e9 centrum, fotbalov\u00e9 tr\u00e9ninky s d\u011btmi,&#8230;). Jak se tvoje aktivity b\u011bhem roku prom\u011bnily? Nebo z\u016fstaly st\u00e1le stejn\u00e9?\u00a0<\/em><\/strong><\/p>\n<p><em><span style=\"font-weight: 400;\">Vlastn\u011b se b\u011bhem roku docela dost m\u011bnily. Z\u00e1rove\u0148 ale z\u016fstaly velmi rozmanit\u00e9. Jedin\u00e1 aktivita, kterou jsem vykon\u00e1val po cel\u00fd rok, bylo u\u010den\u00ed n\u011bm\u010diny v <a href=\"https:\/\/icuk.cz\/\">Inova\u010dn\u00edm centru \u00dasteck\u00e9ho kraje<\/a> a chozen\u00ed do tzv. n\u011bmeck\u00e9 kav\u00e1rny (DCUL provozovalo jednou t\u00fddn\u011b kav\u00e1rnu pro ve\u0159ejnost &#8211; pod n\u00e1zvem\u00a0 Enter 22, kam si mohl kdokoliv p\u0159ij\u00edt popov\u00eddat n\u011bmecky &#8211; pozn.red.). S fotbalem jsem skon\u010dil, moje \u010de\u0161tina toti\u017e nebyla natolik dobr\u00e1, abych mohl s d\u011btmi hladce komunikovat. V lednu jsem za\u010dal chodit do domova pro seniory a od b\u0159ezna jsem pak asistoval ve v\u00fduce n\u011bm\u010diny na z\u00e1kladn\u00ed \u0161kole v Teplic\u00edch. S kolegou z knihovny jsme tak\u00e9 otev\u0159eli kurz n\u011bm\u010diny pro ve\u0159ejnost p\u0159\u00edmo v knihovn\u011b.\u00a0 V l\u00e9t\u011b jsem dobrovolni\u010dil\u00a0 na mnoha sportovn\u00edch akc\u00edch, nap\u0159\u00edkla<\/span><\/em><\/p>\n<p><img loading=\"lazy\" decoding=\"async\" class=\"size-medium wp-image-3105 alignleft\" src=\"https:\/\/lk.regionalnidobrovolnickecentrum.cz\/subdom\/lk\/wp-content\/uploads\/2023\/10\/skola-300x169.jpg\" alt=\"\" width=\"300\" height=\"169\" srcset=\"https:\/\/lk.regionalnidobrovolnickecentrum.cz\/subdom\/lk\/wp-content\/uploads\/2023\/10\/skola-300x169.jpg 300w, https:\/\/lk.regionalnidobrovolnickecentrum.cz\/subdom\/lk\/wp-content\/uploads\/2023\/10\/skola-1024x576.jpg 1024w, https:\/\/lk.regionalnidobrovolnickecentrum.cz\/subdom\/lk\/wp-content\/uploads\/2023\/10\/skola-768x432.jpg 768w, https:\/\/lk.regionalnidobrovolnickecentrum.cz\/subdom\/lk\/wp-content\/uploads\/2023\/10\/skola-1536x864.jpg 1536w, https:\/\/lk.regionalnidobrovolnickecentrum.cz\/subdom\/lk\/wp-content\/uploads\/2023\/10\/skola.jpg 2000w\" sizes=\"(max-width: 300px) 100vw, 300px\" \/><\/p>\n<p><em><span style=\"font-weight: 400;\">d na b\u011bhu <a href=\"https:\/\/www.barvamneuteces.cz\/\">Barv\u00e1m neute\u010de\u0161<\/a>. Zkr\u00e1tka jsem za ten rok zkusil pom\u011brn\u011b dost aktivit.\u00a0<\/span><\/em><\/p>\n<p>&nbsp;<\/p>\n<p><strong><em>A co tedy projekt Enter22? Jak to fungovalo? M\u011bla ve\u0159ejnost o improvizovanou kav\u00e1rnu s mo\u017enost\u00ed n\u011bmeck\u00e9 konverzace z\u00e1jem?\u00a0<\/em><\/strong><\/p>\n<p><em><span style=\"font-weight: 400;\">Po\u010det \u010desk\u00fdch \u00fa\u010dastn\u00edk\u016f <\/span><\/em><em><span>&#8220;n\u011bmeck\u00e9 kav\u00e1rny&#8221; se ka\u017ed\u00fd t\u00fdden m\u011bnil. Nejv\u00edce jsme tam m\u011bli asi p\u011bt lid\u00ed, kte\u0159\u00ed si s n\u00e1mi cht\u011bli popov\u00eddat n\u011bmecky. Ale kav\u00e1rna se tak\u00e9 postupn\u011b stala takov\u00fdm setk\u00e1vac\u00edm m\u00edstem n\u011bmeck\u00fdch dobrovoln\u00edk\u016f i dobrovoln\u00edk\u016f z ciziny, kte\u0159\u00ed \u017eili v \u00dast\u00ed nebo v okoln\u00edch m\u011bstech. Ka\u017ed\u00fd druh\u00fd t\u00fdden jsme hr\u00e1li r\u016fzn\u00e9 hry a vym\u011b\u0148ovali si zku\u0161enosti.\u00a0<\/span><\/em><\/p>\n<p>&nbsp;<\/p>\n<p><em><strong>Jak se vyv\u00edjel Buddy syst\u00e9m, o kter\u00e9m jsme se bavili minule (c\u00edlem projektu je umo\u017enit dobrovolnickou slu\u017ebu i lidem s posti\u017een\u00edm t\u00edm, \u017ee se zavede tzv. buddy syst\u00e9m; pro\u0161kolen\u00ed dobrovoln\u00edci bez posti\u017een\u00ed budou doprov\u00e1zet handicapovan\u00e9 dobrovoln\u00edky b\u011bhem jejich slu\u017eby)?\u00a0<\/strong><\/em><\/p>\n<p><em><span style=\"font-weight: 400;\">Osobn\u011b jsem se na dal\u0161\u00edm v\u00fdvoji moc nepod\u00edlel, ale moji kolegov\u00e9 z DCUL na n\u011bm pracovali d\u00e1le. V posledn\u00edch m\u011bs\u00edc\u00edch, se konaly tr\u00e9ninky pro v\u00fdcvik lid\u00ed, kte\u0159\u00ed maj\u00ed doprov\u00e1zet handicapovan\u00e9 dobrovoln\u00edky. Pokud v\u00edm, syst\u00e9m u\u017e by se m\u011bl brzy zav\u00e9st do praxe.\u00a0<\/span><\/em><\/p>\n<h6>\u017dIVOT V CIZ\u00cd ZEMI<\/h6>\n<p><strong><em>Kdy\u017e jsi p\u0159ijel do \u00dast\u00ed, vn\u00edmal jsi tuto p\u0159\u00edle\u017eitost jako prvn\u00ed a asi i posledn\u00ed k tomu, abys zkusil \u017e\u00edt v ciz\u00ed zemi. Co si mysl\u00ed\u0161 o sv\u00e9 zku\u0161enosti te\u010f?\u00a0<\/em><\/strong><\/p>\n<p><em><span><img loading=\"lazy\" decoding=\"async\" class=\"size-medium wp-image-3107 alignright\" src=\"https:\/\/lk.regionalnidobrovolnickecentrum.cz\/subdom\/lk\/wp-content\/uploads\/2023\/10\/DCUL-300x225.jpg\" alt=\"\" width=\"300\" height=\"225\" srcset=\"https:\/\/lk.regionalnidobrovolnickecentrum.cz\/subdom\/lk\/wp-content\/uploads\/2023\/10\/DCUL-300x225.jpg 300w, https:\/\/lk.regionalnidobrovolnickecentrum.cz\/subdom\/lk\/wp-content\/uploads\/2023\/10\/DCUL-1024x768.jpg 1024w, https:\/\/lk.regionalnidobrovolnickecentrum.cz\/subdom\/lk\/wp-content\/uploads\/2023\/10\/DCUL-768x576.jpg 768w, https:\/\/lk.regionalnidobrovolnickecentrum.cz\/subdom\/lk\/wp-content\/uploads\/2023\/10\/DCUL-1536x1152.jpg 1536w, https:\/\/lk.regionalnidobrovolnickecentrum.cz\/subdom\/lk\/wp-content\/uploads\/2023\/10\/DCUL.jpg 2048w\" sizes=\"(max-width: 300px) 100vw, 300px\" \/><\/span><\/em><\/p>\n<p><em><span style=\"font-weight: 400;\">Kdy\u017e se te\u010f\u00a0 zp\u011btn\u011b\u00a0<\/span><\/em><em>d\u00edv\u00e1m <\/em><em>na cel\u00fd rok, v\u00edm, \u017ee <\/em><em>j\u00edt do \u00dast\u00ed nad Labem<\/em><em> bylo spr\u00e1vn\u00e9 rozhodnut\u00ed. Tolik jsem se toho nau\u010dil. Poznal jsem nov\u00e9 kolegy a zkusil jsem spoustu v\u011bc\u00ed, kter\u00e9 jsem v \u017eiv<\/em><em>ot\u011b ned\u011blal. Zjistil jsem, \u017ee jsem schopen zvl\u00e1dnout mnohem v\u00edc, ne\u017e jsem si o sob\u011b myslel. Poznal jsem tolik skv\u011bl\u00fdch lid\u00ed&#8230; Opravdu mohu zku\u0161enost v dobrovolnictv\u00ed doporu\u010dit ka\u017ed\u00e9mu, zvl\u00e1\u0161t\u011b mlad\u00fdm lidem. Ani to nemus\u00ed b\u00fdt v zahrani\u010d\u00ed. V\u017edycky budu na tento rok vzpom\u00ednat jen v dobr\u00e9m.\u00a0<\/em><\/p>\n<p>&nbsp;<\/p>\n<p><em><strong>Co ti bude nejv\u00edce chyb\u011bt, a\u017e odsud odjede\u0161?\u00a0<\/strong><\/em><\/p>\n<p><em><span style=\"font-weight: 400;\">Bude mi chyb\u011bt \u00fa\u017easn\u00e1 p\u0159\u00edroda kolem \u00dast\u00ed nad Labem. V Br\u00e9m\u00e1ch, kde te\u010f budu \u017e\u00edt, nejsou \u017e\u00e1dn\u00e9 kopce a les\u016f je tam tak\u00e9 m\u00e9n\u011b. Taky mi asi budou chyb\u011bt levn\u00e9 j\u00edzdy vlakem (v porovn\u00e1n\u00ed s N\u011bmeckem) a samoz\u0159ejm\u011b taky Kofola.\u00a0 Nejv\u00edce mi ale budou chyb\u011bt lidi, kter\u00e9 jsem tu poznal. Kolegov\u00e9, dobrovoln\u00edci, a moji studenti. Na\u0161t\u011bst\u00ed je m\u016f\u017eu nav\u0161t\u00edvit.\u00a0<\/span><\/em><\/p>\n<p>&nbsp;<\/p>\n<p><em><strong>A na jak\u00e9 v\u011bci se t\u011b\u0161\u00ed\u0161 do N\u011bmecka?<\/strong><\/em><\/p>\n<p><em><span style=\"font-weight: 400;\">A\u017e se vr\u00e1t\u00edm, budu se muset zase nau\u010dit komunikovat s lidmi na ulici. Nejsem si jist\u00fd, jestli se na to t\u011b\u0161\u00edm, nebo ne. Ale samoz\u0159ejm\u011b \u017eivot bude jednodu\u0161\u0161\u00ed, kdy\u017e budu rozum\u011bt v\u0161em a v\u0161emu kolem m\u011b a kdy\u017e budu moct komunikovat \u00fapln\u011b s ka\u017ed\u00fdm. V \u00dast\u00ed bylo \u010dasto \u0161koda, \u017ee jsem nemohl mluvit s ka\u017ed\u00fdm, se kter\u00fdm jsem cht\u011bl. Tak\u00e9 se t\u011b\u0161\u00edm na je\u017ed\u011bn\u00ed na kole. V \u00da<\/span><\/em><img loading=\"lazy\" decoding=\"async\" class=\"size-medium wp-image-3103 alignleft\" src=\"https:\/\/lk.regionalnidobrovolnickecentrum.cz\/subdom\/lk\/wp-content\/uploads\/2023\/10\/lod-225x300.jpg\" alt=\"\" width=\"225\" height=\"300\" srcset=\"https:\/\/lk.regionalnidobrovolnickecentrum.cz\/subdom\/lk\/wp-content\/uploads\/2023\/10\/lod-225x300.jpg 225w, https:\/\/lk.regionalnidobrovolnickecentrum.cz\/subdom\/lk\/wp-content\/uploads\/2023\/10\/lod-768x1024.jpg 768w, https:\/\/lk.regionalnidobrovolnickecentrum.cz\/subdom\/lk\/wp-content\/uploads\/2023\/10\/lod-1152x1536.jpg 1152w, https:\/\/lk.regionalnidobrovolnickecentrum.cz\/subdom\/lk\/wp-content\/uploads\/2023\/10\/lod.jpg 1536w\" sizes=\"(max-width: 225px) 100vw, 225px\" \/><em><span>st\u00ed je ter\u00e9n p\u0159\u00edli\u0161 kopcovit\u00fd a skoro nikde nejsou cyklostezky. Dal\u0161\u00ed v\u00fdhodou je, \u017ee zas budu na bl\u00edzku sv\u00e9 rodin\u011b a kamar\u00e1d\u016fm.\u00a0<\/span><\/em><\/p>\n<p>&nbsp;<\/p>\n<p><strong><em>A \u010de\u0161tina? U\u017e rozum\u00ed\u0161? Dok\u00e1\u017ee\u0161 i mluvit?<\/em><\/strong><\/p>\n<p><em><span style=\"font-weight: 400;\">N\u011bkolik m\u011bs\u00edc\u016f jsem se sna\u017eil na sv\u00e9 \u010de\u0161tin\u011b pracovat a te\u010f jsem schopn\u00fd v\u00e9st jednoduch\u00e9 konverzace. Pokud \u010ce\u0161i mluv\u00ed jednodu\u0161e a pomalu, jsem schopn\u00fd jim rozum\u011bt. Kdy\u017e ale mluv\u00ed p\u0159\u00edli\u0161 rychle, jsem schopn\u00fd jen \u0159\u00edct: \u201eje\u0161t\u011b jednou pros\u00edm\u201c. Douf\u00e1m, \u017ee nezapomenu v\u0161echno, co jsem se nau\u010dil, kdy\u017e budu \u017e\u00edt v prost\u0159ed\u00ed, kde na m\u011b nikdo nebude mluvit \u010desky.<\/span><\/em><\/p>\n<p>&nbsp;<\/p>\n<p><strong><em>Je\u0161t\u011b mi pov\u011bz o sv\u00fdch pl\u00e1nech do budoucna? Bude\u0161 zas n\u011bkde dobrovolni\u010dit? U\u017e v\u00ed\u0161 kde?\u00a0<\/em><\/strong><\/p>\n<p><em><span style=\"font-weight: 400;\">Od \u0159\u00edjna budu studovat pedagogiku v Br\u00e9m\u00e1ch. Bude to pro m\u011b nezn\u00e1m\u00e9 m\u011bsto. T\u011b\u0161\u00edm se na jeho objevov\u00e1n\u00ed. Tak\u00e9 se t\u011b\u0161\u00edm, \u017ee se dozv\u00edm nov\u00e9 v\u011bci o vyu\u010dov\u00e1n\u00ed d\u011bt\u00ed. <\/span><\/em><\/p>\n<p><em><span style=\"font-weight: 400;\">Pr\u00e1v\u011b jsem v p\u0159ij\u00edmac\u00edm procesu, abych se stal \u201cSocial Visionary\u201d (soci\u00e1ln\u00ed vizion\u00e1\u0159) v organizaci, kter\u00e1 bojuje proti \u0161ikan\u011b ve \u0161kol\u00e1ch a po\u0159\u00e1d\u00e1 tam workshopy. Jako \u201csocial visionary\u201d chod\u00ed\u0161 do \u0161kol a vede\u0161 workshopy, kter\u00e9 jsou postaven\u00e9 tak, aby informovaly o \u0161ikan\u011b a z\u00e1rove\u0148 aby stmelovaly t\u0159\u00eddn\u00ed kolektiv.\u00a0<\/span><\/em><\/p>\n","protected":false},"excerpt":{"rendered":"<p>\u00a0\u00a0N\u011bmeck\u00fd dobrovoln\u00edk Gerrit str\u00e1vil jeden rok v Dobrovolnick\u00e9m centru \u00dast\u00ed nad Labem (d\u00e1le DCUL). Kdy\u017e loni p\u0159ijel, pov\u011bd\u011bl mi sv\u00e9<\/p>\n","protected":false},"author":20,"featured_media":3102,"comment_status":"closed","ping_status":"closed","sticky":false,"template":"","format":"chat","meta":{"om_disable_all_campaigns":false,"_monsterinsights_skip_tracking":false,"_monsterinsights_sitenote_active":false,"_monsterinsights_sitenote_note":"","_monsterinsights_sitenote_category":0,"footnotes":""},"categories":[92],"tags":[],"aioseo_notices":[],"_links":{"self":[{"href":"https:\/\/lk.regionalnidobrovolnickecentrum.cz\/subdom\/lk\/wp-json\/wp\/v2\/posts\/3094"}],"collection":[{"href":"https:\/\/lk.regionalnidobrovolnickecentrum.cz\/subdom\/lk\/wp-json\/wp\/v2\/posts"}],"about":[{"href":"https:\/\/lk.regionalnidobrovolnickecentrum.cz\/subdom\/lk\/wp-json\/wp\/v2\/types\/post"}],"author":[{"embeddable":true,"href":"https:\/\/lk.regionalnidobrovolnickecentrum.cz\/subdom\/lk\/wp-json\/wp\/v2\/users\/20"}],"replies":[{"embeddable":true,"href":"https:\/\/lk.regionalnidobrovolnickecentrum.cz\/subdom\/lk\/wp-json\/wp\/v2\/comments?post=3094"}],"version-history":[{"count":6,"href":"https:\/\/lk.regionalnidobrovolnickecentrum.cz\/subdom\/lk\/wp-json\/wp\/v2\/posts\/3094\/revisions"}],"predecessor-version":[{"id":3108,"href":"https:\/\/lk.regionalnidobrovolnickecentrum.cz\/subdom\/lk\/wp-json\/wp\/v2\/posts\/3094\/revisions\/3108"}],"wp:featuredmedia":[{"embeddable":true,"href":"https:\/\/lk.regionalnidobrovolnickecentrum.cz\/subdom\/lk\/wp-json\/wp\/v2\/media\/3102"}],"wp:attachment":[{"href":"https:\/\/lk.regionalnidobrovolnickecentrum.cz\/subdom\/lk\/wp-json\/wp\/v2\/media?parent=3094"}],"wp:term":[{"taxonomy":"category","embeddable":true,"href":"https:\/\/lk.regionalnidobrovolnickecentrum.cz\/subdom\/lk\/wp-json\/wp\/v2\/categories?post=3094"},{"taxonomy":"post_tag","embeddable":true,"href":"https:\/\/lk.regionalnidobrovolnickecentrum.cz\/subdom\/lk\/wp-json\/wp\/v2\/tags?post=3094"}],"curies":[{"name":"wp","href":"https:\/\/api.w.org\/{rel}","templated":true}]}}