{"id":3140,"date":"2023-11-03T08:07:20","date_gmt":"2023-11-03T07:07:20","guid":{"rendered":"https:\/\/lk.regionalnidobrovolnickecentrum.cz\/subdom\/lk\/?p=3140"},"modified":"2023-11-03T13:30:18","modified_gmt":"2023-11-03T12:30:18","slug":"konference-o-zapojeni-dobrovolniku-pri-mimoradnych-udalostech","status":"publish","type":"post","link":"https:\/\/lk.regionalnidobrovolnickecentrum.cz\/subdom\/lk\/konference-o-zapojeni-dobrovolniku-pri-mimoradnych-udalostech\/","title":{"rendered":"Konference o zapojen\u00ed dobrovoln\u00edk\u016f p\u0159i mimo\u0159\u00e1dn\u00fdch ud\u00e1lostech"},"content":{"rendered":"<p>Ministerstvo vnitra, odbor prevence kriminality, V\u00e1s srde\u010dn\u011b zve na celodenn\u00ed konferenci<\/p>\n<p>&nbsp;<\/p>\n<p><strong>Zapojen\u00ed dobrovoln\u00edk\u016f p\u0159i spole\u010dn\u00e9m \u0159e\u0161en\u00ed mimo\u0159\u00e1dn\u00fdch ud\u00e1lost\u00ed velk\u00e9ho rozsahu<\/strong><\/p>\n<p><strong>\u00a0<\/strong><\/p>\n<p>dne 29. listopadu 2023 od 9.00 hod do 16.00 hod v\u00a0budov\u011b Ministerstva vnitra (Nad \u0160tolou 3, 170 34 Praha 7).<\/p>\n<p>&nbsp;<\/p>\n<p>B\u011bhem konference prob\u011bhne\u00a0<strong>vyhl\u00e1\u0161en\u00ed n\u00e1rodn\u00ed Ceny za DOBROvolnictv\u00ed ministra vnitra v\u00a0kategorii dobrovoln\u00edk a dobrovolnick\u00e1 organizace za rok 2023.<\/strong><\/p>\n<p>&nbsp;<\/p>\n<p>P\u0159ihl\u00e1\u0161ky na konferenci zas\u00edlejte v\u00a0term\u00ednu do 15. listopadu 2023 na email:\u00a0<a href=\"mailto:blanka.uridilova@mvcr.cz\">blanka.uridilova@mvcr.cz<\/a><\/p>\n<p>&nbsp;<\/p>\n<p>\u00da\u010dast na konferenci je bezplatn\u00e1.<\/p>\n<p>&nbsp;<\/p>\n<p>Diskutovan\u00fdmi t\u00e9maty budou p\u0159\u00edpadov\u00e9 studie a evaluace ned\u00e1vn\u00fdch mimo\u0159\u00e1dn\u00fdch ud\u00e1lost\u00ed velk\u00e9ho rozsahu se zapojen\u00edm dobrovoln\u00edk\u016f. Bude p\u0159edstaven n\u00e1vrh Koncepce rozvoje dobrovolnictv\u00ed a dal\u0161\u00ed.<\/p>\n<p>Kompletn\u00ed program konference naleznete <a href=\"https:\/\/dobrovolnictvi.net\/aktuality\/pozvanka-na-konferenci-2\/\">zde<\/a>.<\/p>\n<p>&nbsp;<\/p>\n","protected":false},"excerpt":{"rendered":"<p>Ministerstvo vnitra, odbor prevence kriminality, V\u00e1s srde\u010dn\u011b zve na celodenn\u00ed konferenci &nbsp; Zapojen\u00ed dobrovoln\u00edk\u016f p\u0159i spole\u010dn\u00e9m \u0159e\u0161en\u00ed mimo\u0159\u00e1dn\u00fdch ud\u00e1lost\u00ed velk\u00e9ho<\/p>\n","protected":false},"author":20,"featured_media":3141,"comment_status":"closed","ping_status":"closed","sticky":false,"template":"","format":"standard","meta":{"om_disable_all_campaigns":false,"_monsterinsights_skip_tracking":false,"_monsterinsights_sitenote_active":false,"_monsterinsights_sitenote_note":"","_monsterinsights_sitenote_category":0,"footnotes":""},"categories":[5],"tags":[],"aioseo_notices":[],"_links":{"self":[{"href":"https:\/\/lk.regionalnidobrovolnickecentrum.cz\/subdom\/lk\/wp-json\/wp\/v2\/posts\/3140"}],"collection":[{"href":"https:\/\/lk.regionalnidobrovolnickecentrum.cz\/subdom\/lk\/wp-json\/wp\/v2\/posts"}],"about":[{"href":"https:\/\/lk.regionalnidobrovolnickecentrum.cz\/subdom\/lk\/wp-json\/wp\/v2\/types\/post"}],"author":[{"embeddable":true,"href":"https:\/\/lk.regionalnidobrovolnickecentrum.cz\/subdom\/lk\/wp-json\/wp\/v2\/users\/20"}],"replies":[{"embeddable":true,"href":"https:\/\/lk.regionalnidobrovolnickecentrum.cz\/subdom\/lk\/wp-json\/wp\/v2\/comments?post=3140"}],"version-history":[{"count":1,"href":"https:\/\/lk.regionalnidobrovolnickecentrum.cz\/subdom\/lk\/wp-json\/wp\/v2\/posts\/3140\/revisions"}],"predecessor-version":[{"id":3142,"href":"https:\/\/lk.regionalnidobrovolnickecentrum.cz\/subdom\/lk\/wp-json\/wp\/v2\/posts\/3140\/revisions\/3142"}],"wp:featuredmedia":[{"embeddable":true,"href":"https:\/\/lk.regionalnidobrovolnickecentrum.cz\/subdom\/lk\/wp-json\/wp\/v2\/media\/3141"}],"wp:attachment":[{"href":"https:\/\/lk.regionalnidobrovolnickecentrum.cz\/subdom\/lk\/wp-json\/wp\/v2\/media?parent=3140"}],"wp:term":[{"taxonomy":"category","embeddable":true,"href":"https:\/\/lk.regionalnidobrovolnickecentrum.cz\/subdom\/lk\/wp-json\/wp\/v2\/categories?post=3140"},{"taxonomy":"post_tag","embeddable":true,"href":"https:\/\/lk.regionalnidobrovolnickecentrum.cz\/subdom\/lk\/wp-json\/wp\/v2\/tags?post=3140"}],"curies":[{"name":"wp","href":"https:\/\/api.w.org\/{rel}","templated":true}]}}