{"id":3153,"date":"2023-11-16T13:45:56","date_gmt":"2023-11-16T12:45:56","guid":{"rendered":"https:\/\/lk.regionalnidobrovolnickecentrum.cz\/subdom\/lk\/?p=3153"},"modified":"2023-11-16T13:59:09","modified_gmt":"2023-11-16T12:59:09","slug":"vunohratky-v-pertolticich-i-tam-potkate-dobrovolniky","status":"publish","type":"post","link":"https:\/\/lk.regionalnidobrovolnickecentrum.cz\/subdom\/lk\/vunohratky-v-pertolticich-i-tam-potkate-dobrovolniky\/","title":{"rendered":"V\u016f\u0148ohr\u00e1tky v Pertoltic\u00edch, i tam potk\u00e1te dobrovoln\u00edky."},"content":{"rendered":"<p><span style=\"font-weight: 400;\">V <a href=\"https:\/\/www.facebook.com\/pertolticepodralskem\">Pertoltic\u00edch pod Ralskem<\/a> se uskute\u010dn\u00ed akce zvan\u00e1 V\u016f\u0148ohr\u00e1tky. Jejich organiz\u00e1torka Iva Prudlov\u00e1 m\u00e1 r\u00e1da akce, kter\u00e9 maj\u00ed jasn\u00fd koncept a nejsou zahlceny dal\u0161\u00edmi prvky, kter\u00e9 se k t\u00e9matu nevztahuj\u00ed. Proto se na V\u016f\u0148ohr\u00e1tk\u00e1ch bude to\u010dit opravdu v\u0161echno jen kolem v\u016fn\u00ed. V\u016fn\u011b pern\u00ed\u010dk\u016f a sva\u0159\u00e1ku se bude m\u00edsit s v\u016fn\u011bmi m\u00fddel \u010di sv\u00ed\u010dek. Nebude chyb\u011bt ani aromaterapie \u010di vo\u0148av\u00e9 d\u00edlni\u010dky pro d\u011bti. Z hospody Pohoda se zas budou linout v\u016fn\u011b ze zabija\u010dky.\u00a0\u00a0<\/span><\/p>\n<p><span style=\"font-weight: 400;\">P\u0159ij\u010fte to v\u0161echno nas\u00e1t <\/span><b>v sobotu 25.11. od 11.00 do 16.00 do Kulturn\u00edho domu v Pertoltic\u00edch pod Ralskem.\u00a0<\/b><!--more--><\/p>\n<p><span style=\"font-weight: 400;\">Iva Prudlov\u00e1 do sv\u00fdch akc\u00ed r\u00e1da zapojuje i dobrovoln\u00edky, a tak jsem si s n\u00ed p\u0159i\u0161la do mal\u00e9 severo\u010desk\u00e9 vesni\u010dky nedaleko Mimon\u011b popov\u00eddat.<img loading=\"lazy\" decoding=\"async\" class=\"size-medium wp-image-3157 alignright\" src=\"https:\/\/lk.regionalnidobrovolnickecentrum.cz\/subdom\/lk\/wp-content\/uploads\/2023\/11\/vunohratky-225x300.jpg\" alt=\"\" width=\"225\" height=\"300\" srcset=\"https:\/\/lk.regionalnidobrovolnickecentrum.cz\/subdom\/lk\/wp-content\/uploads\/2023\/11\/vunohratky-225x300.jpg 225w, https:\/\/lk.regionalnidobrovolnickecentrum.cz\/subdom\/lk\/wp-content\/uploads\/2023\/11\/vunohratky-768x1024.jpg 768w, https:\/\/lk.regionalnidobrovolnickecentrum.cz\/subdom\/lk\/wp-content\/uploads\/2023\/11\/vunohratky.jpg 1080w\" sizes=\"(max-width: 225px) 100vw, 225px\" \/><\/span><\/p>\n<p><span style=\"font-weight: 400;\">V z\u00e1\u0159\u00ed uspo\u0159\u00e1dala v Pertoltic\u00edch \u00fasp\u011b\u0161nou akci pod n\u00e1zvem Chu\u0165ohr\u00e1tky, kde zapojila kolem dvaceti dobrovoln\u00edk\u016f. Vypo\u010d\u00edt\u00e1v\u00e1, kde v\u0161ude dobrovoln\u00edci najdou uplatn\u011bn\u00ed: organizace parkov\u00e1n\u00ed, obsluha d\u00edlni\u010dek pro d\u011bti, monitorov\u00e1n\u00ed po\u010dtu p\u0159\u00edchoz\u00edch nebo tak\u00e9 servis st\u00e1nka\u0159\u016fm. Dobrovoln\u00edk se v t\u00e9to pozici star\u00e1 o pohodl\u00ed st\u00e1nka\u0159\u016f &#8211; vyst\u0159\u00edd\u00e1 prod\u00e1vaj\u00edc\u00edho, kdy\u017e si pot\u0159ebuje odsko\u010dit, p\u0159inese mu k\u00e1vu nebo se sna\u017e\u00ed vy\u0159e\u0161it probl\u00e9m, kter\u00fd ho tr\u00e1p\u00ed.<\/span><\/p>\n<p><span style=\"font-weight: 400;\">Jak organiz\u00e1torka dobrovoln\u00edky hled\u00e1? S \u00fasm\u011bvem kr\u010d\u00ed rameny: \u201cTak n\u011bjak se na sebe nabaluj\u00ed.\u201d Dod\u00e1v\u00e1, \u017ee jen minimum z nich bydl\u00ed v Pertoltic\u00edch, p\u0159ich\u00e1zej\u00ed sp\u00ed\u0161 z okol\u00ed a sama je ani nezn\u00e1. P\u0159ipou\u0161t\u00ed, \u017ee dok\u00e1\u017ee lidi pro v\u011bc nadchnout a \u017ee v\u0161ude kudy chod\u00ed, svou akci propaguje. Lid\u00e9, kter\u00fdm se akce zamlouv\u00e1, r\u00e1di p\u0159isl\u00edb\u00ed pomoc, a je\u0161t\u011b s sebou n\u011bkoho p\u0159ivedou. Touto metodou do\u0161la a\u017e ke zm\u00edn\u011bn\u00e9mu \u010d\u00edslu dobrovoln\u00edk\u016f ve velk\u00e9m v\u011bkov\u00e9m rozp\u011bt\u00ed (15-70 let).<\/span><\/p>\n<p><span style=\"font-weight: 400;\">\u00da\u010dastn\u00ed se ti sam\u00ed dobrovoln\u00edci i dal\u0161\u00edch akc\u00ed? V\u011bt\u0161ina dobrovoln\u00edk\u016f je v\u017edy nov\u00e1, z minul\u00e9 skupiny se jich nyn\u00ed na Chu\u0165ohr\u00e1tk\u00e1ch zapoj\u00ed pouze \u0161est.\u00a0<\/span><\/p>\n<p><span style=\"font-weight: 400;\"><img loading=\"lazy\" decoding=\"async\" class=\"size-medium wp-image-3158 alignleft\" src=\"https:\/\/lk.regionalnidobrovolnickecentrum.cz\/subdom\/lk\/wp-content\/uploads\/2023\/11\/chutohratky-240x300.jpg\" alt=\"\" width=\"240\" height=\"300\" srcset=\"https:\/\/lk.regionalnidobrovolnickecentrum.cz\/subdom\/lk\/wp-content\/uploads\/2023\/11\/chutohratky-240x300.jpg 240w, https:\/\/lk.regionalnidobrovolnickecentrum.cz\/subdom\/lk\/wp-content\/uploads\/2023\/11\/chutohratky-819x1024.jpg 819w, https:\/\/lk.regionalnidobrovolnickecentrum.cz\/subdom\/lk\/wp-content\/uploads\/2023\/11\/chutohratky-768x960.jpg 768w, https:\/\/lk.regionalnidobrovolnickecentrum.cz\/subdom\/lk\/wp-content\/uploads\/2023\/11\/chutohratky-1229x1536.jpg 1229w, https:\/\/lk.regionalnidobrovolnickecentrum.cz\/subdom\/lk\/wp-content\/uploads\/2023\/11\/chutohratky.jpg 1280w\" sizes=\"(max-width: 240px) 100vw, 240px\" \/>Iva Prudlov\u00e1 zmi\u0148uje, \u017ee samotn\u00e9 akci p\u0159edch\u00e1z\u00ed n\u011bkolik sch\u016fzek s t\u00fdmem dobrovoln\u00edk\u016f. Piluje se program a zapojen\u00ed se do aktivit. Organiz\u00e1torka p\u0159izn\u00e1v\u00e1, \u017ee by dobrovoln\u00edci n\u011bkdy r\u00e1di program v\u00edce spoluvytv\u00e1\u0159eli a p\u0159id\u00e1vali sv\u00e9 n\u00e1pady. Organiz\u00e1torka to neodm\u00edt\u00e1, jen vysv\u011btluje, \u017ee sama h\u00fd\u0159\u00ed n\u00e1pady a invenc\u00ed a \u017ee pot\u0159ebuje \u010das, aby z jej\u00edch n\u00e1pad\u016f vykrystalizoval projekt. V\u017edy ho rad\u0161i nejd\u0159\u00edve do detailu promysl\u00ed, ne\u017e se dobrovoln\u00edk\u016fm ozve, aby je nezat\u011b\u017eovala spoustou sv\u00fdch my\u0161lenek, kter\u00e9 se pak na akci t\u0159eba ani nepou\u017eij\u00ed. Dod\u00e1v\u00e1, \u017ee je n\u011bkdy t\u011b\u017ek\u00e9 tuto situaci vybalancovat.<\/span><\/p>\n<p><span style=\"font-weight: 400;\">Je kl\u00ed\u010dov\u00e9, aby se dobrovoln\u00edkovi cel\u00e1 akce l\u00edbila, proto\u017ee to je jeden z d\u016fvod\u016f, pro\u010d p\u0159ijde pomoci. C\u00edt\u00ed se b\u00fdt sou\u010d\u00e1st\u00ed t\u00fdmu a m\u00e1 mo\u017enost si celou akci za\u017e\u00edt i z jin\u00e9ho \u00fahlu ne\u017e jen jako n\u00e1v\u0161t\u011bvn\u00edk. Nav\u00edc o tom dobrovolnictv\u00ed je, nen\u00ed to jen jednostrann\u00e1 z\u00e1le\u017eitost: Pom\u016f\u017eu, ale z\u00e1rove\u0148 z toho m\u00e1m i n\u011bco nazp\u00e1tek, dobr\u00fd pocit, hezky str\u00e1ven\u00fd \u010das, p\u0159\u00edjemnou z\u00e1bavu, cokoliv. Kdy\u017e se Ivy Prudlov\u00e9 pt\u00e1m, pro\u010d j\u00ed dobrovoln\u00edci chod\u00ed pom\u00e1hat, vid\u00ed dva d\u016fvody. Jeden je ten, \u017ee je dok\u00e1\u017ee strhnout sv\u00fdm nad\u0161en\u00edm pro v\u011bc. D\u00e1le dobrovoln\u00edci celou akci uzav\u00edraj\u00ed slovy: &#8220;U\u017eili jsme si to, p\u0159\u00ed\u0161t\u011b t\u0159eba p\u0159ijdeme zas.&#8221;<\/span><\/p>\n<p><span style=\"font-weight: 400;\">Organiz\u00e1torka si pr\u00e1ci s dobrovoln\u00edky moc pochvaluje: \u201cJ\u00e1 p\u0159ed nimi smek\u00e1m. Pat\u0159\u00ed jim velk\u00fd d\u00edk. Jsou ob\u011btav\u00ed, samostatn\u00ed, um\u00ed si poradit. Bez nich by tyto akce nemohly fungovat.\u201d<\/span><\/p>\n<p><span style=\"font-weight: 400;\">B\u00fdval\u00e1 u\u010ditelka angli\u010dtiny Iva Prudlov\u00e1 se se sv\u00fdm mu\u017eem na Mimo\u0148sko p\u0159ist\u011bhovala a\u017e v 90. letech, kdy doch\u00e1zelo k postupn\u00e9mu osidlov\u00e1n\u00ed oblasti Ralsko. Nyn\u00ed je v d\u016fchodu a dohodla se se starostou obce, \u017ee by organizov\u00e1n\u00edm akc\u00ed mohla p\u0159isp\u011bt k o\u017eiven\u00ed vesnice. Dle sv\u00fdch slov je Iva Prudlov\u00e1 velmi aktivn\u00ed, a tak je r\u00e1da, \u017ee m\u016f\u017ee \u010d\u00e1st sv\u00e9 energie v\u011bnovat organizov\u00e1n\u00ed V\u016f\u0148ohr\u00e1tek a dal\u0161\u00edch ve\u0159ejn\u00fdch akc\u00ed, kter\u00e9 jist\u011b budeme m\u00edt v budoucnu mo\u017enost nav\u0161t\u00edvit.<\/span><\/p>\n<p><span style=\"font-weight: 400;\">P\u0159ije\u010fte se 25.11. do Pertoltic pod\u00edvat! A hlavn\u011b nas\u00e1t rozli\u010dn\u00e9 v\u016fn\u011b.<\/span><\/p>\n<p>&nbsp;<\/p>\n","protected":false},"excerpt":{"rendered":"<p>V Pertoltic\u00edch pod Ralskem se uskute\u010dn\u00ed akce zvan\u00e1 V\u016f\u0148ohr\u00e1tky. Jejich organiz\u00e1torka Iva Prudlov\u00e1 m\u00e1 r\u00e1da akce, kter\u00e9 maj\u00ed jasn\u00fd koncept<\/p>\n","protected":false},"author":20,"featured_media":3154,"comment_status":"closed","ping_status":"closed","sticky":false,"template":"","format":"standard","meta":{"om_disable_all_campaigns":false,"_monsterinsights_skip_tracking":false,"_monsterinsights_sitenote_active":false,"_monsterinsights_sitenote_note":"","_monsterinsights_sitenote_category":0,"footnotes":""},"categories":[2],"tags":[],"aioseo_notices":[],"_links":{"self":[{"href":"https:\/\/lk.regionalnidobrovolnickecentrum.cz\/subdom\/lk\/wp-json\/wp\/v2\/posts\/3153"}],"collection":[{"href":"https:\/\/lk.regionalnidobrovolnickecentrum.cz\/subdom\/lk\/wp-json\/wp\/v2\/posts"}],"about":[{"href":"https:\/\/lk.regionalnidobrovolnickecentrum.cz\/subdom\/lk\/wp-json\/wp\/v2\/types\/post"}],"author":[{"embeddable":true,"href":"https:\/\/lk.regionalnidobrovolnickecentrum.cz\/subdom\/lk\/wp-json\/wp\/v2\/users\/20"}],"replies":[{"embeddable":true,"href":"https:\/\/lk.regionalnidobrovolnickecentrum.cz\/subdom\/lk\/wp-json\/wp\/v2\/comments?post=3153"}],"version-history":[{"count":5,"href":"https:\/\/lk.regionalnidobrovolnickecentrum.cz\/subdom\/lk\/wp-json\/wp\/v2\/posts\/3153\/revisions"}],"predecessor-version":[{"id":3164,"href":"https:\/\/lk.regionalnidobrovolnickecentrum.cz\/subdom\/lk\/wp-json\/wp\/v2\/posts\/3153\/revisions\/3164"}],"wp:featuredmedia":[{"embeddable":true,"href":"https:\/\/lk.regionalnidobrovolnickecentrum.cz\/subdom\/lk\/wp-json\/wp\/v2\/media\/3154"}],"wp:attachment":[{"href":"https:\/\/lk.regionalnidobrovolnickecentrum.cz\/subdom\/lk\/wp-json\/wp\/v2\/media?parent=3153"}],"wp:term":[{"taxonomy":"category","embeddable":true,"href":"https:\/\/lk.regionalnidobrovolnickecentrum.cz\/subdom\/lk\/wp-json\/wp\/v2\/categories?post=3153"},{"taxonomy":"post_tag","embeddable":true,"href":"https:\/\/lk.regionalnidobrovolnickecentrum.cz\/subdom\/lk\/wp-json\/wp\/v2\/tags?post=3153"}],"curies":[{"name":"wp","href":"https:\/\/api.w.org\/{rel}","templated":true}]}}