{"id":3166,"date":"2023-11-20T16:13:03","date_gmt":"2023-11-20T15:13:03","guid":{"rendered":"https:\/\/lk.regionalnidobrovolnickecentrum.cz\/subdom\/lk\/?p=3166"},"modified":"2023-11-20T16:33:59","modified_gmt":"2023-11-20T15:33:59","slug":"homesharing-a-dobrovolnictvi-jako-cile-celozivotniho-vzdelavani","status":"publish","type":"post","link":"https:\/\/lk.regionalnidobrovolnickecentrum.cz\/subdom\/lk\/homesharing-a-dobrovolnictvi-jako-cile-celozivotniho-vzdelavani\/","title":{"rendered":"Homesharing a dobrovolnictv\u00ed jako c\u00edle celo\u017eivotn\u00edho vzd\u011bl\u00e1v\u00e1n\u00ed"},"content":{"rendered":"<div dir=\"auto\"><a class=\"x1i10hfl xjbqb8w x6umtig x1b1mbwd xaqea5y xav7gou x9f619 x1ypdohk xt0psk2 xe8uvvx xdj266r x11i5rnm xat24cr x1mh8g0r xexx8yu x4uap5 x18d9i69 xkhd6sd x16tdsg8 x1hl2dhg xggy1nq x1a2a7pz xt0b8zv x1qq9wsj xo1l8bm\" tabindex=\"0\" role=\"link\" href=\"https:\/\/www.facebook.com\/lipaspolu?__cft__[0]=AZV9_Lt1Cg8TcjrMntGdM-meAHiML-JmAhtrhUuDqB1aJ6xLtHeS4bGddLRfIb1DRbsP3lLExiOc9Y9rTgVnGxkl5YJKOelxhH4TCw4JS4sjNMyHXoEw2GgBS-fXHqyoy64ekIk23Hbbw7mkA--hqyKGzFfv7bn5jxxpR3uTYcNQEkSNdrLSyYa7ca557H1oJj0&amp;__tn__=-]K-R\"><span class=\"xt0psk2\">L\u00cdP A SPOLU, z.s.<\/span><\/a> spou\u0161t\u00ed \u010desko-slovensk\u00fd projekt o metod\u00e1ch sd\u00edlen\u00e9 p\u00e9\u010de pro d\u011bti na spektru autismu &#8220;Homesharing a dobrovolnictv\u00ed jako mo\u017enosti celo\u017eivotn\u00edho vzd\u011bl\u00e1v\u00e1n\u00ed&#8221;\u00a0podpo\u0159en\u00fd v programu Erasmus+ vzd\u011bl\u00e1v\u00e1n\u00ed dosp\u011bl\u00fdch.<\/div>\n<div dir=\"auto\">Slovensk\u00e9 <a href=\"http:\/\/hans.sk\">Ob\u010diansk\u00e9 zdru\u017een\u00ed HANS<\/a> a L\u00cdP A SPOLU, z.s.\u00a0 budou spole\u010dn\u011b sd\u00edlet sv\u00e9\u00a0 zku\u0161enosti s homesharingem a dobrovolnick\u00fdm programem &#8220;D\u011bti bez n\u00e1vodu&#8221;, a to formou online konference 22.11.2023 a \u0161esti online semin\u00e1\u0159\u016f v prvn\u00ed polovin\u011b roku 2024 . <strong>V\u0161echny aktivity projektu jsou otev\u0159eny zdarma \u0161irok\u00e9mu spektru z\u00e1jemc\u016f.<\/strong><\/div>\n<h6 dir=\"auto\"><span style=\"font-size: 16px; font-weight: 400;\">\u010cesk\u00e1\u00a0<\/span><strong style=\"font-size: 16px;\">Organizace L\u00cdP A SPOLU, z.s. a Ob\u010dianske zdru\u017eenie HANS ze Slovenska<\/strong><span style=\"font-size: 16px; font-weight: 400;\">\u00a0se v\u011bnuj\u00ed podpo\u0159e rodin s d\u011btmi na autistick\u00e9m spektru. Rozhodly se spojit s\u00edly a pod\u011blit se o sv\u00e9 zku\u0161enosti prost\u0159ednictv\u00edm projektu \u201e<\/span><strong style=\"font-size: 16px;\">Homesharing a dobrovolnictv\u00ed jako mo\u017enosti celo\u017eivotn\u00edho vzd\u011bl\u00e1v\u00e1n\u00ed<\/strong><span style=\"font-size: 16px; font-weight: 400;\">\u201c podpo\u0159en\u00e9m v programu ERASMUS+.<\/span><\/h6>\n<h6 dir=\"auto\">C\u00edle a vize projektu<\/h6>\n<div dir=\"auto\"><strong>C\u00edlem projektu<\/strong>\u00a0je vzbudit z\u00e1jem o nov\u00e9 metody sd\u00edlen\u00e9 p\u00e9\u010de ve spole\u010dnosti, inspirace a v\u00fdm\u011bna zku\u0161enost\u00ed o vzd\u011bl\u00e1v\u00e1n\u00ed dosp\u011bl\u00fdch formami sd\u00edlen\u00e9 p\u00e9\u010de v \u010cech\u00e1ch a o form\u00e1ch dobrovolnictv\u00ed na Slovensku pro rodiny d\u011bt\u00ed na spektru autismu.<\/div>\n<div dir=\"auto\">\n<p><strong>Viz\u00ed projektu<\/strong>\u00a0je propojit sv\u011bt dobrovoln\u00edk\u016f s komunitou lid\u00ed, kte\u0159\u00ed se staraj\u00ed o osoby se znev\u00fdhodn\u011bn\u00edm a zlep\u0161it inkluzi ve spole\u010dnosti. P\u0159isp\u011bt ke zlep\u0161en\u00ed kvality \u017eivota rodi\u010d\u016f, neform\u00e1ln\u00edch pe\u010dovatel\u016f, hostitel\u016f a dobrovoln\u00edk\u016f, d\u011bt\u00ed i dosp\u011bl\u00fdch.<\/p>\n<p>Ned\u00edlnou sou\u010d\u00e1st\u00ed zaji\u0161t\u011bn\u00ed kvalitn\u00ed a dlouhodob\u00e9 sd\u00edlen\u00e9 p\u00e9\u010de je odborn\u00e1 p\u0159\u00edprava a vzd\u011bl\u00e1v\u00e1n\u00ed hostitel\u016f, dobrovoln\u00edk\u016f i pe\u010duj\u00edc\u00ed osob a pracovn\u00edk\u016f organizac\u00ed, kter\u00e9 sd\u00edlenou p\u00e9\u010di zprost\u0159edkov\u00e1vaj\u00ed.<br \/>\nZapojen\u00ed do aktivit sd\u00edlen\u00e9 p\u00e9\u010de se tak st\u00e1v\u00e1 sou\u010d\u00e1st\u00ed celo\u017eivotn\u00edho vzd\u011bl\u00e1v\u00e1n\u00ed pro v\u0161echny z\u00fa\u010dastn\u011bn\u00e9.<\/p>\n<p>&nbsp;<\/p>\n<h6><em>Ka\u017ed\u00fd den ve sv\u00e9 pr\u00e1ci vid\u00edme, jak sd\u00edlen\u00e1 p\u00e9\u010de pom\u00e1h\u00e1 rodin\u00e1m s d\u011btmi na spektru autismu. R\u00e1di bychom \u0161\u00ed\u0159ili na\u0161e zku\u0161enosti a pov\u011bdom\u00ed o n\u00ed d\u00e1le, a proto spole\u010dn\u011b spou\u0161t\u00edme tento projekt.<\/em><\/h6>\n<p><strong>V r\u00e1mci projektu pro v\u00e1s\u00a0<\/strong><strong style=\"font-size: 16px;\">L\u00cdP A SPOLU, z.s. a Ob\u010dianske zdru\u017eenie HANS <\/strong>ze Slovenska <strong>p\u0159ipravuj\u00ed:<\/strong><\/p>\n<ul>\n<li><strong>\u00favodn\u00ed konferenci<\/strong>, na n\u00ed\u017e p\u0159edstav\u00edme principy a fungov\u00e1n\u00ed homesharingu a dobrovolnick\u00e9ho programu D\u011bti bez n\u00e1vodu jako pomoci rodin\u00e1m s d\u011btmi na autistick\u00e9m spektru:<br \/>\nKonference se kon\u00e1\u00a0<strong>22.11.2023 od 9:00 do 12:30 online na platform\u011b zoom.<br \/>\n<\/strong>Registra\u010dn\u00ed formul\u00e1\u0159 na konferenci najdete zde.<br \/>\n<a href=\"https:\/\/docs.google.com\/forms\/d\/1QdLr3r55NOkIZBlwWhbl8jpwO293dqVefh5T9nxmw-I\/edit\">Registra\u010dn\u00ed formul\u00e1\u0159 na \u00favodn\u00ed konferenci 22.11.2023<\/a><\/li>\n<\/ul>\n<p>Odkaz k\u00a0p\u0159ipojen\u00ed v\u00e1m p\u0159ijde p\u0159ed konferenc\u00ed na v\u00e1mi uvedenou e-mailovou adresu. Z konference bude po\u0159\u00edzen videoz\u00e1znam, kter\u00fd bude po zpracov\u00e1n\u00ed k dispozici v\u0161em p\u0159ihl\u00e1\u0161en\u00fdm.<\/p>\n<ul>\n<li><strong>6 online vzd\u011bl\u00e1vac\u00edch semin\u00e1\u0159\u016f\u00a0<\/strong>v prvn\u00ed polovin\u011b roku 2024, kter\u00e9 rozvinou informace z\u00a0\u00favodn\u00ed konference a \u00fa\u010dastn\u00edci na nich z\u00edskaj\u00ed pot\u0159ebn\u00e9 informace o obou metod\u00e1ch, a tak\u00e9 mo\u017enosti, jak se zapojit.<\/li>\n<li><strong>z\u00e1v\u011bre\u010dnou prezen\u010dn\u00ed konferenci<\/strong>\u00a0<strong>21.11.2024 v Brn\u011b<\/strong>\u00a0ur\u010denou instituc\u00edm a jednotlivc\u016fm, kte\u0159\u00ed maj\u00ed z\u00e1jem zapojit se do jedn\u00e9 z forem sd\u00edlen\u00e9 p\u00e9\u010de.<\/li>\n<\/ul>\n<p>V\u00fdstupem projektu bude tak\u00e9 voln\u011b p\u0159\u00edstupn\u00fd\u00a0<strong>online sborn\u00edk<\/strong>\u00a0obsahuj\u00edc\u00ed informace ze semin\u00e1\u0159\u016f a konferenc\u00ed, ale tak\u00e9 rozhovory s rodi\u010di, hostiteli a dobrovoln\u00edky.<\/p>\n<\/div>\n<div dir=\"auto\"><\/div>\n<div dir=\"auto\">\n<div id='gallery-1' class='gallery galleryid-3166 gallery-columns-3 gallery-size-colormag-featured-image'><figure class='gallery-item'>\n\t\t\t<div class='gallery-icon portrait'>\n\t\t\t\t<a href='https:\/\/lk.regionalnidobrovolnickecentrum.cz\/subdom\/lk\/homesharing-a-dobrovolnictvi-jako-cile-celozivotniho-vzdelavani\/lip-a-spolu-3\/'><img loading=\"lazy\" decoding=\"async\" width=\"800\" height=\"445\" src=\"https:\/\/lk.regionalnidobrovolnickecentrum.cz\/subdom\/lk\/wp-content\/uploads\/2023\/11\/Lip-a-spolu-1-800x445.png\" class=\"attachment-colormag-featured-image size-colormag-featured-image\" alt=\"\" \/><\/a>\n\t\t\t<\/div><\/figure>\n\t\t<\/div>\n\n<\/div>\n<p>&nbsp;<\/p>\n","protected":false},"excerpt":{"rendered":"<p>L\u00cdP A SPOLU, z.s. spou\u0161t\u00ed \u010desko-slovensk\u00fd projekt o metod\u00e1ch sd\u00edlen\u00e9 p\u00e9\u010de pro d\u011bti na spektru autismu &#8220;Homesharing a dobrovolnictv\u00ed jako<\/p>\n","protected":false},"author":20,"featured_media":3167,"comment_status":"closed","ping_status":"closed","sticky":false,"template":"","format":"standard","meta":{"om_disable_all_campaigns":false,"_monsterinsights_skip_tracking":false,"_monsterinsights_sitenote_active":false,"_monsterinsights_sitenote_note":"","_monsterinsights_sitenote_category":0,"footnotes":""},"categories":[2],"tags":[],"aioseo_notices":[],"_links":{"self":[{"href":"https:\/\/lk.regionalnidobrovolnickecentrum.cz\/subdom\/lk\/wp-json\/wp\/v2\/posts\/3166"}],"collection":[{"href":"https:\/\/lk.regionalnidobrovolnickecentrum.cz\/subdom\/lk\/wp-json\/wp\/v2\/posts"}],"about":[{"href":"https:\/\/lk.regionalnidobrovolnickecentrum.cz\/subdom\/lk\/wp-json\/wp\/v2\/types\/post"}],"author":[{"embeddable":true,"href":"https:\/\/lk.regionalnidobrovolnickecentrum.cz\/subdom\/lk\/wp-json\/wp\/v2\/users\/20"}],"replies":[{"embeddable":true,"href":"https:\/\/lk.regionalnidobrovolnickecentrum.cz\/subdom\/lk\/wp-json\/wp\/v2\/comments?post=3166"}],"version-history":[{"count":4,"href":"https:\/\/lk.regionalnidobrovolnickecentrum.cz\/subdom\/lk\/wp-json\/wp\/v2\/posts\/3166\/revisions"}],"predecessor-version":[{"id":3172,"href":"https:\/\/lk.regionalnidobrovolnickecentrum.cz\/subdom\/lk\/wp-json\/wp\/v2\/posts\/3166\/revisions\/3172"}],"wp:featuredmedia":[{"embeddable":true,"href":"https:\/\/lk.regionalnidobrovolnickecentrum.cz\/subdom\/lk\/wp-json\/wp\/v2\/media\/3167"}],"wp:attachment":[{"href":"https:\/\/lk.regionalnidobrovolnickecentrum.cz\/subdom\/lk\/wp-json\/wp\/v2\/media?parent=3166"}],"wp:term":[{"taxonomy":"category","embeddable":true,"href":"https:\/\/lk.regionalnidobrovolnickecentrum.cz\/subdom\/lk\/wp-json\/wp\/v2\/categories?post=3166"},{"taxonomy":"post_tag","embeddable":true,"href":"https:\/\/lk.regionalnidobrovolnickecentrum.cz\/subdom\/lk\/wp-json\/wp\/v2\/tags?post=3166"}],"curies":[{"name":"wp","href":"https:\/\/api.w.org\/{rel}","templated":true}]}}